{"id":10987,"date":"2025-06-27T09:08:09","date_gmt":"2025-06-27T15:08:09","guid":{"rendered":"https:\/\/plumanegranoticias.com\/?p=10987"},"modified":"2025-06-27T09:09:37","modified_gmt":"2025-06-27T15:09:37","slug":"embarazo-infantil-en-el-sur-de-veracruz-nina-de-11-anos-da-a-luz-en-jaltipan-el-padre-tenia-44","status":"publish","type":"post","link":"https:\/\/plumanegranoticias.com\/?p=10987","title":{"rendered":"Embarazo infantil en el sur de Veracruz: ni\u00f1a de 11 a\u00f1os da a luz en J\u00e1ltipan; el padre ten\u00eda 44"},"content":{"rendered":"\n<p>Caso coloca a J\u00e1ltipan entre los m\u00e1s graves del pa\u00eds seg\u00fan datos de la Secretar\u00eda de Salud.<\/p>\n\n\n\n<p>Jos\u00e9 Vargas.<\/p>\n\n\n\n<p>J\u00e1ltipan, Veracruz. \u2014 Un caso estremecedor de embarazo infantil ocurrido en el municipio de J\u00e1ltipan, en el sur de Veracruz, ha salido a la luz tras la publicaci\u00f3n de un informe oficial de la Secretar\u00eda de Salud federal, que documenta los 30 nacimientos registrados en M\u00e9xico durante 2024 con las madres m\u00e1s j\u00f3venes y la edad del padre conocida.<\/p>\n\n\n\n<p>El caso de J\u00e1ltipan se posiciona como el quinto m\u00e1s grave a nivel nacional: una ni\u00f1a de apenas 11 a\u00f1os de edad dio a luz, y el padre del beb\u00e9 fue registrado con 44 a\u00f1os, lo que implica una diferencia de 33 a\u00f1os entre ambos. La situaci\u00f3n ha generado indignaci\u00f3n, no s\u00f3lo por la brutal desigualdad de edades, sino por las implicaciones legales y sociales de una relaci\u00f3n que, seg\u00fan la ley, constituye violaci\u00f3n equiparada.<\/p>\n\n\n\n<p>Adem\u00e1s de J\u00e1ltipan, otros tres municipios veracruzanos aparecen en el listado nacional de nacimientos con madres ni\u00f1as:<br \/>\u2022 P\u00e1nuco: madre de 11 a\u00f1os, padre de 15.<br \/>\u2022 Xalapa: madre de 12 a\u00f1os, padre de 50.<br \/>\u2022 Coscomatepec: madre de 12 a\u00f1os, padre de 44.<\/p>\n\n\n\n<p>Pero el caso de J\u00e1ltipan destaca no solo por la edad de la madre, sino por la ubicaci\u00f3n geogr\u00e1fica: se trata de un municipio del sur de Veracruz, una regi\u00f3n hist\u00f3ricamente marcada por altos \u00edndices de pobreza, marginaci\u00f3n, migraci\u00f3n y rezago institucional, donde la violencia de g\u00e9nero, el abuso sexual infantil y los embarazos forzados suelen quedar en la impunidad.<\/p>\n\n\n\n<p>Especialistas en derechos humanos advierten que estos datos no deben considerarse estad\u00edsticas aisladas, sino pruebas contundentes de que las instituciones est\u00e1n fallando en su deber de prevenir, investigar y sancionar la violencia sexual contra ni\u00f1as y adolescentes.<\/p>\n\n\n\n<p>En el caso de J\u00e1ltipan, es urgente que se investigue qui\u00e9n es el padre registrado, bajo qu\u00e9 circunstancias se dio el embarazo, y si hubo encubrimiento o inacci\u00f3n de parte de funcionarios del registro civil, personal m\u00e9dico, familiares o autoridades locales.<\/p>\n\n\n\n<p>Con base en el C\u00f3digo Penal de Veracruz, toda relaci\u00f3n sexual con menores de 15 a\u00f1os es considerada violaci\u00f3n equiparada, independientemente del supuesto consentimiento. Por tanto, este caso debe ser judicializado de inmediato.<\/p>\n\n\n\n<p>Organismos de la sociedad civil han reiterado la urgencia de que el Estado mexicano, y particularmente el gobierno de Veracruz, act\u00faen con responsabilidad y sin simulaci\u00f3n para romper el patr\u00f3n de impunidad y silencio que rodea los embarazos infantiles.<\/p>\n\n\n\n<p>Lo ocurrido en J\u00e1ltipan no es una excepci\u00f3n, sino un espejo del abandono en que viven miles de ni\u00f1as mexicanas que enfrentan maternidades impuestas, producto de abuso, manipulaci\u00f3n y desigualdad estructural.<\/p>\n\n\n\n<figure class=\"wp-block-image size-large\"><img loading=\"lazy\" decoding=\"async\" width=\"822\" height=\"1024\" src=\"https:\/\/plumanegranoticias.com\/wp-content\/uploads\/2025\/06\/img-20250627-wa00092146636413743895956-822x1024.jpg\" alt=\"\" class=\"wp-image-10985\" srcset=\"https:\/\/plumanegranoticias.com\/wp-content\/uploads\/2025\/06\/img-20250627-wa00092146636413743895956-822x1024.jpg 822w, https:\/\/plumanegranoticias.com\/wp-content\/uploads\/2025\/06\/img-20250627-wa00092146636413743895956-241x300.jpg 241w, https:\/\/plumanegranoticias.com\/wp-content\/uploads\/2025\/06\/img-20250627-wa00092146636413743895956-768x956.jpg 768w, https:\/\/plumanegranoticias.com\/wp-content\/uploads\/2025\/06\/img-20250627-wa00092146636413743895956.jpg 1170w\" sizes=\"auto, (max-width: 822px) 100vw, 822px\" \/><\/figure>\n","protected":false},"excerpt":{"rendered":"<p>Caso coloca a J\u00e1ltipan entre los m\u00e1s graves del pa\u00eds seg\u00fan datos de la Secretar\u00eda de Salud. Jos\u00e9 Vargas. J\u00e1ltipan, Veracruz. \u2014 Un caso estremecedor de embarazo infantil ocurrido en el municipio de J\u00e1ltipan, en el sur de Veracruz, ha salido a la luz tras la publicaci\u00f3n de un informe oficial de la Secretar\u00eda de&#8230; <\/p>\n<div class=\"clear\"><\/div>\n<p><a href=\"https:\/\/plumanegranoticias.com\/?p=10987\" class=\"excerpt-read-more\">Read More<i class=\"fa fa-caret-right icon-caret-right\"><\/i><\/a><\/p>\n","protected":false},"author":2,"featured_media":10986,"comment_status":"open","ping_status":"open","sticky":false,"template":"","format":"standard","meta":{"om_disable_all_campaigns":false,"_monsterinsights_skip_tracking":false,"_monsterinsights_sitenote_active":false,"_monsterinsights_sitenote_note":"","_monsterinsights_sitenote_category":0,"_uf_show_specific_survey":0,"_uf_disable_surveys":false,"footnotes":""},"categories":[13,67,8,12,10,9],"tags":[18,34,61],"class_list":["post-10987","post","type-post","status-publish","format-standard","has-post-thumbnail","hentry","category-nota-roja","category-policiaca","category-politica","category-regional","category-sociales","category-tendencias","tag-noticia","tag-policiaca","tag-politica"],"aioseo_notices":[],"_links":{"self":[{"href":"https:\/\/plumanegranoticias.com\/index.php?rest_route=\/wp\/v2\/posts\/10987","targetHints":{"allow":["GET"]}}],"collection":[{"href":"https:\/\/plumanegranoticias.com\/index.php?rest_route=\/wp\/v2\/posts"}],"about":[{"href":"https:\/\/plumanegranoticias.com\/index.php?rest_route=\/wp\/v2\/types\/post"}],"author":[{"embeddable":true,"href":"https:\/\/plumanegranoticias.com\/index.php?rest_route=\/wp\/v2\/users\/2"}],"replies":[{"embeddable":true,"href":"https:\/\/plumanegranoticias.com\/index.php?rest_route=%2Fwp%2Fv2%2Fcomments&post=10987"}],"version-history":[{"count":1,"href":"https:\/\/plumanegranoticias.com\/index.php?rest_route=\/wp\/v2\/posts\/10987\/revisions"}],"predecessor-version":[{"id":10988,"href":"https:\/\/plumanegranoticias.com\/index.php?rest_route=\/wp\/v2\/posts\/10987\/revisions\/10988"}],"wp:featuredmedia":[{"embeddable":true,"href":"https:\/\/plumanegranoticias.com\/index.php?rest_route=\/wp\/v2\/media\/10986"}],"wp:attachment":[{"href":"https:\/\/plumanegranoticias.com\/index.php?rest_route=%2Fwp%2Fv2%2Fmedia&parent=10987"}],"wp:term":[{"taxonomy":"category","embeddable":true,"href":"https:\/\/plumanegranoticias.com\/index.php?rest_route=%2Fwp%2Fv2%2Fcategories&post=10987"},{"taxonomy":"post_tag","embeddable":true,"href":"https:\/\/plumanegranoticias.com\/index.php?rest_route=%2Fwp%2Fv2%2Ftags&post=10987"}],"curies":[{"name":"wp","href":"https:\/\/api.w.org\/{rel}","templated":true}]}}