{"id":10996,"date":"2025-06-27T12:15:07","date_gmt":"2025-06-27T18:15:07","guid":{"rendered":"https:\/\/plumanegranoticias.com\/?p=10996"},"modified":"2025-06-27T12:15:42","modified_gmt":"2025-06-27T18:15:42","slug":"no-aceptan-colectivos-de-busqueda-nombramiento-de-lutgarda","status":"publish","type":"post","link":"https:\/\/plumanegranoticias.com\/?p=10996","title":{"rendered":"No aceptan colectivos de b\u00fasqueda nombramiento de Lutgarda"},"content":{"rendered":"\n<p>\u00c1ngeles Gonz\u00e1lez Ceballos<br>Xalapa, Ver., Ante el incremento de desapariciones en Veracruz, integrantes de 18 colectivos de b\u00fasqueda de personas hicieron un pronunciamiento conjunto para definir que no aceptar\u00e1n el nombramiento de la titular de la Comisi\u00f3n Estatal de B\u00fasqueda, Lutgarda Madrigal Valdez, hasta que no se transparente el proceso por medio del cual la Gobernadora decidi\u00f3 que fuera ella la titular.<\/p>\n\n\n\n<p>En conferencia de prensa, Luisa Ronz\u00f3n Montiel, aclar\u00f3 que no est\u00e1n en contra de la persona designada por la Gobernadora, sino en contra del proceso, que estuvo lleno de opacidad.<\/p>\n\n\n\n<p>Por su parte, Ana\u00eds Palacios, acompa\u00f1ante de colectivos, explic\u00f3 que hay un micrositio de la direcci\u00f3n de Cultura de Paz y Derechos Humanos del Gobierno, que hace las veces de estrado.<\/p>\n\n\n\n<p>Expres\u00f3 que fue muy &#8220;curioso&#8221; como el viernes de la semana pasada deb\u00eda estar listo el informe del \u00d3rgano T\u00e9cnico de Consulta, sin embargo, no se public\u00f3 hasta el siguiente lunes.<\/p>\n\n\n\n<p>Por lo que pasaron s\u00e1bado, domingo y hasta el lunes sin que las familias supieran sobre el resultado del \u00d3rgano y el martes por la ma\u00f1ana se enteraron finalmente del nombramiento.<\/p>\n\n\n\n<p>Se\u00f1al\u00f3 que el informe no tiene actas de calificaci\u00f3n y expres\u00f3 que si bien hay criterios de idoneidad para Madrigal Valdez, pregunt\u00f3 c\u00f3mo se evalu\u00f3 a las otras dos personas aspirantes al cargo y c\u00f3mo es que la Mandataria tom\u00f3 la mejor decisi\u00f3n y design\u00f3 a la abogada.<\/p>\n\n\n\n<p>Expuso que hab\u00eda distintos documentos que se entregaron por parte de muchos colectivos, del Consejo Estatal Ciudadano, la organizaci\u00f3n Serapaz y Instituto Mexicano de Derechos Humanos y Democracia.<\/p>\n\n\n\n<p>Asimismo, sostuvo que ya hab\u00edan solicitado que se transparentara el proceso, hab\u00edan solicitado saber cu\u00e1les eran los requisitos para la evaluaci\u00f3n, c\u00f3mo se iba a integrar el \u00d3rgano T\u00e9cnico, entre otros.<\/p>\n\n\n\n<p>Fue as\u00ed que el 27 de mayo hubo una reuni\u00f3n del secretario de Gobierno, Ricardo Ahued, para atender un oficio que hab\u00eda sido presentado por parte de distintos colectivos.<\/p>\n\n\n\n<p>Las integrantes de colectivos aseguraron que el \u00d3rgano T\u00e9cnico de Consulta, figura prevista por la Ley 677, fue convocado de manera tard\u00eda y enfrent\u00f3 muchos obst\u00e1culos, hubo poca claridad sobre los criterios de evaluaci\u00f3n, falta de respuestas formales realizadas por integrantes del propio \u00d3rgano de las familias y de las organizaciones, as\u00ed como la omisi\u00f3n de publicaci\u00f3n oportuna de informaci\u00f3n clave que les permitiera confiar en el proceso.<\/p>\n\n\n\n<p>Pidieron a la Gobernadora que se haga p\u00fablica la informaci\u00f3n faltante y se pronuncie p\u00fablicamente sobre las irregularidades.<\/p>\n\n\n\n<p>&#8220;Hacemos un atento llamado para retomar y garantizar el cumplimiento de los compromisos adquiridos frente a las familias en la reuni\u00f3n del pasado 9 de diciembre, emisi\u00f3n de la convocatoria para elegir a la persona titular de la Comisi\u00f3n Estatal de B\u00fasqueda, el ajuste a las medidas de ayuda para las familias contenidas en la Ley Estatal de V\u00edctimas para el abasto alimentario, realizar la reuni\u00f3n con las familias en el plazo de 6 meses que usted misma fij\u00f3 y, la periodicidad de las grandes reuniones cada 3 meses.<\/p>\n\n\n\n<p>El cese de elementos de la Secretar\u00eda de Seguridad P\u00fablica, en donde las investigaciones indican que hayan participaci\u00f3n en el delito de desaparici\u00f3n forzada&#8221;, exigieron.<\/p>\n\n\n\n<p>Fue Mar\u00eda Elena Guti\u00e9rrez, quien sostuvo que las desapariciones forzadas siguen registr\u00e1ndose, tan s\u00f3lo de abril a la fecha, han ocurrido 40 desapariciones m\u00e1s.<\/p>\n\n\n\n<p>&#8220;Esto hace un aproximado de 140 y tantos mil desaparecidos, es algo alarmante y el actual gobierno est\u00e1 igual que los anteriores, porque no se ve ning\u00fan cambio&#8221;, lament\u00f3.<\/p>\n\n\n\n<p>Explic\u00f3 que el pronunciamiento hecho por parte de los 18 colectivos ser\u00eda entregado a la Gobernadora.<\/p>\n\n\n\n<figure class=\"wp-block-image size-large\"><img loading=\"lazy\" decoding=\"async\" width=\"1024\" height=\"578\" src=\"https:\/\/plumanegranoticias.com\/wp-content\/uploads\/2025\/06\/img-20250627-wa0060763632528322019932-1024x578.jpg\" alt=\"\" class=\"wp-image-10994\" srcset=\"https:\/\/plumanegranoticias.com\/wp-content\/uploads\/2025\/06\/img-20250627-wa0060763632528322019932-1024x578.jpg 1024w, https:\/\/plumanegranoticias.com\/wp-content\/uploads\/2025\/06\/img-20250627-wa0060763632528322019932-300x169.jpg 300w, https:\/\/plumanegranoticias.com\/wp-content\/uploads\/2025\/06\/img-20250627-wa0060763632528322019932-768x433.jpg 768w, https:\/\/plumanegranoticias.com\/wp-content\/uploads\/2025\/06\/img-20250627-wa0060763632528322019932.jpg 1156w\" sizes=\"auto, (max-width: 1024px) 100vw, 1024px\" \/><\/figure>\n\n\n\n<figure class=\"wp-block-image\"><img loading=\"lazy\" decoding=\"async\" width=\"1024\" height=\"578\" src=\"https:\/\/plumanegranoticias.com\/wp-content\/uploads\/2025\/06\/img-20250627-wa00615142788817248722029-1024x578.jpg\" alt=\"\" class=\"wp-image-10995\" srcset=\"https:\/\/plumanegranoticias.com\/wp-content\/uploads\/2025\/06\/img-20250627-wa00615142788817248722029-1024x578.jpg 1024w, https:\/\/plumanegranoticias.com\/wp-content\/uploads\/2025\/06\/img-20250627-wa00615142788817248722029-300x169.jpg 300w, https:\/\/plumanegranoticias.com\/wp-content\/uploads\/2025\/06\/img-20250627-wa00615142788817248722029-768x433.jpg 768w, https:\/\/plumanegranoticias.com\/wp-content\/uploads\/2025\/06\/img-20250627-wa00615142788817248722029.jpg 1156w\" sizes=\"auto, (max-width: 1024px) 100vw, 1024px\" \/><\/figure>\n","protected":false},"excerpt":{"rendered":"<p>\u00c1ngeles Gonz\u00e1lez CeballosXalapa, Ver., Ante el incremento de desapariciones en Veracruz, integrantes de 18 colectivos de b\u00fasqueda de personas hicieron un pronunciamiento conjunto para definir que no aceptar\u00e1n el nombramiento de la titular de la Comisi\u00f3n Estatal de B\u00fasqueda, Lutgarda Madrigal Valdez, hasta que no se transparente el proceso por medio del cual la Gobernadora&#8230; <\/p>\n<div class=\"clear\"><\/div>\n<p><a href=\"https:\/\/plumanegranoticias.com\/?p=10996\" class=\"excerpt-read-more\">Read More<i class=\"fa fa-caret-right icon-caret-right\"><\/i><\/a><\/p>\n","protected":false},"author":2,"featured_media":10993,"comment_status":"open","ping_status":"open","sticky":false,"template":"","format":"standard","meta":{"om_disable_all_campaigns":false,"_monsterinsights_skip_tracking":false,"_monsterinsights_sitenote_active":false,"_monsterinsights_sitenote_note":"","_monsterinsights_sitenote_category":0,"_uf_show_specific_survey":0,"_uf_disable_surveys":false,"footnotes":""},"categories":[12],"tags":[18,34,61],"class_list":["post-10996","post","type-post","status-publish","format-standard","has-post-thumbnail","hentry","category-regional","tag-noticia","tag-policiaca","tag-politica"],"aioseo_notices":[],"_links":{"self":[{"href":"https:\/\/plumanegranoticias.com\/index.php?rest_route=\/wp\/v2\/posts\/10996","targetHints":{"allow":["GET"]}}],"collection":[{"href":"https:\/\/plumanegranoticias.com\/index.php?rest_route=\/wp\/v2\/posts"}],"about":[{"href":"https:\/\/plumanegranoticias.com\/index.php?rest_route=\/wp\/v2\/types\/post"}],"author":[{"embeddable":true,"href":"https:\/\/plumanegranoticias.com\/index.php?rest_route=\/wp\/v2\/users\/2"}],"replies":[{"embeddable":true,"href":"https:\/\/plumanegranoticias.com\/index.php?rest_route=%2Fwp%2Fv2%2Fcomments&post=10996"}],"version-history":[{"count":1,"href":"https:\/\/plumanegranoticias.com\/index.php?rest_route=\/wp\/v2\/posts\/10996\/revisions"}],"predecessor-version":[{"id":10997,"href":"https:\/\/plumanegranoticias.com\/index.php?rest_route=\/wp\/v2\/posts\/10996\/revisions\/10997"}],"wp:featuredmedia":[{"embeddable":true,"href":"https:\/\/plumanegranoticias.com\/index.php?rest_route=\/wp\/v2\/media\/10993"}],"wp:attachment":[{"href":"https:\/\/plumanegranoticias.com\/index.php?rest_route=%2Fwp%2Fv2%2Fmedia&parent=10996"}],"wp:term":[{"taxonomy":"category","embeddable":true,"href":"https:\/\/plumanegranoticias.com\/index.php?rest_route=%2Fwp%2Fv2%2Fcategories&post=10996"},{"taxonomy":"post_tag","embeddable":true,"href":"https:\/\/plumanegranoticias.com\/index.php?rest_route=%2Fwp%2Fv2%2Ftags&post=10996"}],"curies":[{"name":"wp","href":"https:\/\/api.w.org\/{rel}","templated":true}]}}