{"id":11006,"date":"2025-06-27T14:17:25","date_gmt":"2025-06-27T20:17:25","guid":{"rendered":"https:\/\/plumanegranoticias.com\/?p=11006"},"modified":"2025-06-27T14:17:57","modified_gmt":"2025-06-27T20:17:57","slug":"se-accidentan-danzantes-de-papantla-en-tihuatlan","status":"publish","type":"post","link":"https:\/\/plumanegranoticias.com\/?p=11006","title":{"rendered":"Se accidentan, danzantes de Papantla en Tihuatlan!!!"},"content":{"rendered":"\n<p>Al participar en una ceremonia religiosa en la comunidad El \u00c1guila<br>Por Bernab\u00e9 Vallejo Olvera<br>TIHUATLAN, VER.- (Junio 27 del 2025) Una verdadera tragedia, se sucedi\u00f3 en la fiesta patronal del Sagrado Coraz\u00f3n, cuando danzantes del Ritual del Palo de El Volador, procedentes del municipio de Papantla.<br>Sufrieron serias lesiones, tras partirse el palo de madera, cual ten\u00eda serias afectaciones por el paso del tiempo y se agudizaron con la humedad de las lluvias de las \u00faltimas fechas.<br>Dicho percance, ocurrio cuando realizaban la danza como parte del programa de actividades de la iglesia cat\u00f3lica, en la comunidad &#8220;El \u00c1guila&#8221; es este municipio tihuateco.<br>El fuerte accidente, ocurri\u00f3 este Viernes 27 de Junio del presente a\u00f1o, aproximadamente a las 11:00 horas donde cinco danzantes, se precipitaron contra el suelo.<br>Los danzantes, se precipitaron de varios metros de altura, tras partirse desde la mitad de su altura y provoc\u00f3 el desplome de los danzantes cuando apenas iniciaban el ancestral ritual.<br>Siendo, notificados los cuerpos de emergencia hasta dicho lugar, arribando de los municipios de Poza Rica y Tihuatlan , quienes realizaron el traslado de los lesionados con apoyo de personal de Protecci\u00f3n Civil Municipal y de la Secretar\u00eda de Seguridad P\u00fablica a distintos centros hospitalarios para su atenci\u00f3n m\u00e9dica donde su estado, es reportado c\u00f3mo delicado.<\/p>\n\n\n\n<figure class=\"wp-block-image size-large\"><img loading=\"lazy\" decoding=\"async\" width=\"194\" height=\"300\" src=\"https:\/\/plumanegranoticias.com\/wp-content\/uploads\/2025\/06\/img-20250627-wa0089741591139186108311-194x300.jpg\" alt=\"\" class=\"wp-image-11005\" srcset=\"https:\/\/plumanegranoticias.com\/wp-content\/uploads\/2025\/06\/img-20250627-wa0089741591139186108311-194x300.jpg 194w, https:\/\/plumanegranoticias.com\/wp-content\/uploads\/2025\/06\/img-20250627-wa0089741591139186108311.jpg 495w\" sizes=\"auto, (max-width: 194px) 100vw, 194px\" \/><\/figure>\n\n\n\n<figure class=\"wp-block-image\"><img loading=\"lazy\" decoding=\"async\" width=\"187\" height=\"300\" src=\"https:\/\/plumanegranoticias.com\/wp-content\/uploads\/2025\/06\/img-20250627-wa00908642093802068598447-187x300.jpg\" alt=\"\" class=\"wp-image-11004\" srcset=\"https:\/\/plumanegranoticias.com\/wp-content\/uploads\/2025\/06\/img-20250627-wa00908642093802068598447-187x300.jpg 187w, https:\/\/plumanegranoticias.com\/wp-content\/uploads\/2025\/06\/img-20250627-wa00908642093802068598447.jpg 496w\" sizes=\"auto, (max-width: 187px) 100vw, 187px\" \/><\/figure>\n","protected":false},"excerpt":{"rendered":"<p>Al participar en una ceremonia religiosa en la comunidad El \u00c1guilaPor Bernab\u00e9 Vallejo OlveraTIHUATLAN, VER.- (Junio 27 del 2025) Una verdadera tragedia, se sucedi\u00f3 en la fiesta patronal del Sagrado Coraz\u00f3n, cuando danzantes del Ritual del Palo de El Volador, procedentes del municipio de Papantla.Sufrieron serias lesiones, tras partirse el palo de madera, cual ten\u00eda&#8230; <\/p>\n<div class=\"clear\"><\/div>\n<p><a href=\"https:\/\/plumanegranoticias.com\/?p=11006\" class=\"excerpt-read-more\">Read More<i class=\"fa fa-caret-right icon-caret-right\"><\/i><\/a><\/p>\n","protected":false},"author":2,"featured_media":11003,"comment_status":"open","ping_status":"open","sticky":false,"template":"","format":"standard","meta":{"om_disable_all_campaigns":false,"_monsterinsights_skip_tracking":false,"_monsterinsights_sitenote_active":false,"_monsterinsights_sitenote_note":"","_monsterinsights_sitenote_category":0,"_uf_show_specific_survey":0,"_uf_disable_surveys":false,"footnotes":""},"categories":[67,8,12,10],"tags":[61,31],"class_list":["post-11006","post","type-post","status-publish","format-standard","has-post-thumbnail","hentry","category-policiaca","category-politica","category-regional","category-sociales","tag-politica","tag-reporte-ciudadano"],"aioseo_notices":[],"_links":{"self":[{"href":"https:\/\/plumanegranoticias.com\/index.php?rest_route=\/wp\/v2\/posts\/11006","targetHints":{"allow":["GET"]}}],"collection":[{"href":"https:\/\/plumanegranoticias.com\/index.php?rest_route=\/wp\/v2\/posts"}],"about":[{"href":"https:\/\/plumanegranoticias.com\/index.php?rest_route=\/wp\/v2\/types\/post"}],"author":[{"embeddable":true,"href":"https:\/\/plumanegranoticias.com\/index.php?rest_route=\/wp\/v2\/users\/2"}],"replies":[{"embeddable":true,"href":"https:\/\/plumanegranoticias.com\/index.php?rest_route=%2Fwp%2Fv2%2Fcomments&post=11006"}],"version-history":[{"count":1,"href":"https:\/\/plumanegranoticias.com\/index.php?rest_route=\/wp\/v2\/posts\/11006\/revisions"}],"predecessor-version":[{"id":11007,"href":"https:\/\/plumanegranoticias.com\/index.php?rest_route=\/wp\/v2\/posts\/11006\/revisions\/11007"}],"wp:featuredmedia":[{"embeddable":true,"href":"https:\/\/plumanegranoticias.com\/index.php?rest_route=\/wp\/v2\/media\/11003"}],"wp:attachment":[{"href":"https:\/\/plumanegranoticias.com\/index.php?rest_route=%2Fwp%2Fv2%2Fmedia&parent=11006"}],"wp:term":[{"taxonomy":"category","embeddable":true,"href":"https:\/\/plumanegranoticias.com\/index.php?rest_route=%2Fwp%2Fv2%2Fcategories&post=11006"},{"taxonomy":"post_tag","embeddable":true,"href":"https:\/\/plumanegranoticias.com\/index.php?rest_route=%2Fwp%2Fv2%2Ftags&post=11006"}],"curies":[{"name":"wp","href":"https:\/\/api.w.org\/{rel}","templated":true}]}}