{"id":11032,"date":"2025-06-28T10:38:51","date_gmt":"2025-06-28T16:38:51","guid":{"rendered":"https:\/\/plumanegranoticias.com\/?p=11032"},"modified":"2025-06-28T10:39:46","modified_gmt":"2025-06-28T16:39:46","slug":"vigila-spc-dos-ciclones-uno-podria-dejar-lluvias-significativas-entre-sabado-y-lunes","status":"publish","type":"post","link":"https:\/\/plumanegranoticias.com\/?p=11032","title":{"rendered":"Vigila SPC dos ciclones, uno podr\u00eda dejar lluvias significativas entre s\u00e1bado y lunes"},"content":{"rendered":"\n<p>\u00c1ngeles Gonz\u00e1lez Ceballos<br>Xalapa, Ver. La Secretar\u00eda de Protecci\u00f3n Civil del Estado inform\u00f3 que es posible el desarrollo de dos ciclones tropicales y aunque uno de \u00e9stos puede ser que no alcance una categor\u00eda significativa, s\u00ed podr\u00eda ocasionar lluvias importantes entre s\u00e1bado y lunes.<\/p>\n\n\n\n<p>Uno de esos ciclones se desarrolla sobre el Pac\u00edfico Oriental (95E) y, el otro en el Golfo de M\u00e9xico (91L).<\/p>\n\n\n\n<p>El 95E tiene una probabilidad alta y moderada de evolucionar a cicl\u00f3n en 7 d\u00edas respectivamente.<\/p>\n\n\n\n<p>En tanto que el 91L probablemente no alcance una categor\u00eda significativa, sin embargo, es posible que pueda ocasionar lluvias fuertes a muy fuertes en la Entidad entre este s\u00e1bado y el lunes.<\/p>\n\n\n\n<figure class=\"wp-block-image size-large\"><img loading=\"lazy\" decoding=\"async\" width=\"300\" height=\"175\" src=\"https:\/\/plumanegranoticias.com\/wp-content\/uploads\/2025\/06\/img-20250628-wa00214589614865066512541-300x175.jpg\" alt=\"\" class=\"wp-image-11029\" srcset=\"https:\/\/plumanegranoticias.com\/wp-content\/uploads\/2025\/06\/img-20250628-wa00214589614865066512541-300x175.jpg 300w, https:\/\/plumanegranoticias.com\/wp-content\/uploads\/2025\/06\/img-20250628-wa00214589614865066512541-768x448.jpg 768w, https:\/\/plumanegranoticias.com\/wp-content\/uploads\/2025\/06\/img-20250628-wa00214589614865066512541.jpg 833w\" sizes=\"auto, (max-width: 300px) 100vw, 300px\" \/><\/figure>\n\n\n\n<figure class=\"wp-block-image\"><img loading=\"lazy\" decoding=\"async\" width=\"288\" height=\"300\" src=\"https:\/\/plumanegranoticias.com\/wp-content\/uploads\/2025\/06\/img-20250628-wa00193182365463711521260-288x300.jpg\" alt=\"\" class=\"wp-image-11030\" srcset=\"https:\/\/plumanegranoticias.com\/wp-content\/uploads\/2025\/06\/img-20250628-wa00193182365463711521260-288x300.jpg 288w, https:\/\/plumanegranoticias.com\/wp-content\/uploads\/2025\/06\/img-20250628-wa00193182365463711521260.jpg 768w\" sizes=\"auto, (max-width: 288px) 100vw, 288px\" \/><\/figure>\n","protected":false},"excerpt":{"rendered":"<p>\u00c1ngeles Gonz\u00e1lez CeballosXalapa, Ver. La Secretar\u00eda de Protecci\u00f3n Civil del Estado inform\u00f3 que es posible el desarrollo de dos ciclones tropicales y aunque uno de \u00e9stos puede ser que no alcance una categor\u00eda significativa, s\u00ed podr\u00eda ocasionar lluvias importantes entre s\u00e1bado y lunes. Uno de esos ciclones se desarrolla sobre el Pac\u00edfico Oriental (95E) y,&#8230; <\/p>\n<div class=\"clear\"><\/div>\n<p><a href=\"https:\/\/plumanegranoticias.com\/?p=11032\" class=\"excerpt-read-more\">Read More<i class=\"fa fa-caret-right icon-caret-right\"><\/i><\/a><\/p>\n","protected":false},"author":2,"featured_media":11031,"comment_status":"open","ping_status":"open","sticky":false,"template":"","format":"standard","meta":{"om_disable_all_campaigns":false,"_monsterinsights_skip_tracking":false,"_monsterinsights_sitenote_active":false,"_monsterinsights_sitenote_note":"","_monsterinsights_sitenote_category":0,"_uf_show_specific_survey":0,"_uf_disable_surveys":false,"footnotes":""},"categories":[13,8,12],"tags":[30,61,19],"class_list":["post-11032","post","type-post","status-publish","format-standard","has-post-thumbnail","hentry","category-nota-roja","category-politica","category-regional","tag-plumazos","tag-politica","tag-regional"],"aioseo_notices":[],"_links":{"self":[{"href":"https:\/\/plumanegranoticias.com\/index.php?rest_route=\/wp\/v2\/posts\/11032","targetHints":{"allow":["GET"]}}],"collection":[{"href":"https:\/\/plumanegranoticias.com\/index.php?rest_route=\/wp\/v2\/posts"}],"about":[{"href":"https:\/\/plumanegranoticias.com\/index.php?rest_route=\/wp\/v2\/types\/post"}],"author":[{"embeddable":true,"href":"https:\/\/plumanegranoticias.com\/index.php?rest_route=\/wp\/v2\/users\/2"}],"replies":[{"embeddable":true,"href":"https:\/\/plumanegranoticias.com\/index.php?rest_route=%2Fwp%2Fv2%2Fcomments&post=11032"}],"version-history":[{"count":1,"href":"https:\/\/plumanegranoticias.com\/index.php?rest_route=\/wp\/v2\/posts\/11032\/revisions"}],"predecessor-version":[{"id":11033,"href":"https:\/\/plumanegranoticias.com\/index.php?rest_route=\/wp\/v2\/posts\/11032\/revisions\/11033"}],"wp:featuredmedia":[{"embeddable":true,"href":"https:\/\/plumanegranoticias.com\/index.php?rest_route=\/wp\/v2\/media\/11031"}],"wp:attachment":[{"href":"https:\/\/plumanegranoticias.com\/index.php?rest_route=%2Fwp%2Fv2%2Fmedia&parent=11032"}],"wp:term":[{"taxonomy":"category","embeddable":true,"href":"https:\/\/plumanegranoticias.com\/index.php?rest_route=%2Fwp%2Fv2%2Fcategories&post=11032"},{"taxonomy":"post_tag","embeddable":true,"href":"https:\/\/plumanegranoticias.com\/index.php?rest_route=%2Fwp%2Fv2%2Ftags&post=11032"}],"curies":[{"name":"wp","href":"https:\/\/api.w.org\/{rel}","templated":true}]}}