{"id":11043,"date":"2025-06-28T10:42:10","date_gmt":"2025-06-28T16:42:10","guid":{"rendered":"https:\/\/plumanegranoticias.com\/?p=11043"},"modified":"2025-06-28T10:42:47","modified_gmt":"2025-06-28T16:42:47","slug":"snte-32-a-favor-de-decreto-presidencial-de-sheinbaum","status":"publish","type":"post","link":"https:\/\/plumanegranoticias.com\/?p=11043","title":{"rendered":"SNTE 32 a favor de decreto presidencial de Sheinbaum"},"content":{"rendered":"\n<p>Alejandro \u00c1vila<\/p>\n\n\n\n<p>Veracruz, Ver.- Integrantes de la Directiva Seccional 32 del Sindicato Nacional de Trabajadores de la Educaci\u00f3n, (SNTE 32), se presentaron en las oficinas de la Secretar\u00eda de Educaci\u00f3n de Veracruz, (SEV) para entregar un documento de petici\u00f3n para que se respete el Decreto Presidencial publicado por la presidenta de la Rep\u00fablica, Claudia Sheinbaum Pardo, el pasado 24 de junio de 2025.<\/p>\n\n\n\n<p>Los integrantes, en representaci\u00f3n del profesor Daniel Covarrubias L\u00f3pez, secretario general de esta organizaci\u00f3n sindical, enfatizaron que el viernes 27 de junio de 2025, se inicia este proceso, pues ya ha sido publicado el Acuerdo de los Criterios para la Asignaci\u00f3n de Lugares y Centros de Trabajo 2025.<\/p>\n\n\n\n<p>Dicho acuerdo establece el mecanismo que se deber\u00e1 seguir para garantizar a los agremiados de esta organizaci\u00f3n sindical su derecho de movilidad mediante cambio intrazona, cambio de centro de trabajo en todo el estado de Veracruz, o para aquellos trabajadores que, sin cumplir los dos a\u00f1os de servicio que exig\u00eda la anterior normatividad, ahora podr\u00e1n participar desde el primer momento de los dos espacios previstos para solicitarlo. Esto les permitir\u00e1 acercarse a sus hogares, a sus lugares de origen, estar cerca de sus familias y contar con condiciones que les permitan desarrollar su labor con mayor eficacia, gusto y tranquilidad.<\/p>\n\n\n\n<p>Los miembros de la Secci\u00f3n 32 entregaron el documento en la Secretar\u00eda de Educaci\u00f3n de Veracruz, en la Oficial\u00eda Mayor, en la Direcci\u00f3n de Recursos Humanos del mismo edificio, y tambi\u00e9n se trasladaron a la Unidad de Planeaci\u00f3n, Evaluaci\u00f3n y Control Educativo de la Secretar\u00eda de Educaci\u00f3n de Veracruz (UPECE-USICAMM), instancia encargada de vigilar el buen funcionamiento de esta nueva normatividad en favor de los trabajadores y trabajadoras de Veracruz. En el caso de la Secci\u00f3n 32, son m\u00e1s de 90 mil trabajadores.<\/p>\n\n\n\n<figure class=\"wp-block-image size-large\"><img loading=\"lazy\" decoding=\"async\" width=\"1024\" height=\"576\" src=\"https:\/\/plumanegranoticias.com\/wp-content\/uploads\/2025\/06\/img-20250628-wa00253535331048980090652-1024x576.jpg\" alt=\"\" class=\"wp-image-11040\" srcset=\"https:\/\/plumanegranoticias.com\/wp-content\/uploads\/2025\/06\/img-20250628-wa00253535331048980090652-1024x576.jpg 1024w, https:\/\/plumanegranoticias.com\/wp-content\/uploads\/2025\/06\/img-20250628-wa00253535331048980090652-300x169.jpg 300w, https:\/\/plumanegranoticias.com\/wp-content\/uploads\/2025\/06\/img-20250628-wa00253535331048980090652-768x432.jpg 768w, https:\/\/plumanegranoticias.com\/wp-content\/uploads\/2025\/06\/img-20250628-wa00253535331048980090652-1536x864.jpg 1536w, https:\/\/plumanegranoticias.com\/wp-content\/uploads\/2025\/06\/img-20250628-wa00253535331048980090652.jpg 1599w\" sizes=\"auto, (max-width: 1024px) 100vw, 1024px\" \/><\/figure>\n\n\n\n<figure class=\"wp-block-image\"><img loading=\"lazy\" decoding=\"async\" width=\"1024\" height=\"771\" src=\"https:\/\/plumanegranoticias.com\/wp-content\/uploads\/2025\/06\/img-20250628-wa00246403286472707946829-1024x771.jpg\" alt=\"\" class=\"wp-image-11037\" srcset=\"https:\/\/plumanegranoticias.com\/wp-content\/uploads\/2025\/06\/img-20250628-wa00246403286472707946829-1024x771.jpg 1024w, https:\/\/plumanegranoticias.com\/wp-content\/uploads\/2025\/06\/img-20250628-wa00246403286472707946829-300x226.jpg 300w, https:\/\/plumanegranoticias.com\/wp-content\/uploads\/2025\/06\/img-20250628-wa00246403286472707946829-768x578.jpg 768w, https:\/\/plumanegranoticias.com\/wp-content\/uploads\/2025\/06\/img-20250628-wa00246403286472707946829-1536x1156.jpg 1536w, https:\/\/plumanegranoticias.com\/wp-content\/uploads\/2025\/06\/img-20250628-wa00246403286472707946829-400x300.jpg 400w, https:\/\/plumanegranoticias.com\/wp-content\/uploads\/2025\/06\/img-20250628-wa00246403286472707946829.jpg 1600w\" sizes=\"auto, (max-width: 1024px) 100vw, 1024px\" \/><\/figure>\n","protected":false},"excerpt":{"rendered":"<p>Alejandro \u00c1vila Veracruz, Ver.- Integrantes de la Directiva Seccional 32 del Sindicato Nacional de Trabajadores de la Educaci\u00f3n, (SNTE 32), se presentaron en las oficinas de la Secretar\u00eda de Educaci\u00f3n de Veracruz, (SEV) para entregar un documento de petici\u00f3n para que se respete el Decreto Presidencial publicado por la presidenta de la Rep\u00fablica, Claudia Sheinbaum&#8230; <\/p>\n<div class=\"clear\"><\/div>\n<p><a href=\"https:\/\/plumanegranoticias.com\/?p=11043\" class=\"excerpt-read-more\">Read More<i class=\"fa fa-caret-right icon-caret-right\"><\/i><\/a><\/p>\n","protected":false},"author":2,"featured_media":11039,"comment_status":"open","ping_status":"open","sticky":false,"template":"","format":"standard","meta":{"om_disable_all_campaigns":false,"_monsterinsights_skip_tracking":false,"_monsterinsights_sitenote_active":false,"_monsterinsights_sitenote_note":"","_monsterinsights_sitenote_category":0,"_uf_show_specific_survey":0,"_uf_disable_surveys":false,"footnotes":""},"categories":[67],"tags":[18,30,34],"class_list":["post-11043","post","type-post","status-publish","format-standard","has-post-thumbnail","hentry","category-policiaca","tag-noticia","tag-plumazos","tag-policiaca"],"aioseo_notices":[],"_links":{"self":[{"href":"https:\/\/plumanegranoticias.com\/index.php?rest_route=\/wp\/v2\/posts\/11043","targetHints":{"allow":["GET"]}}],"collection":[{"href":"https:\/\/plumanegranoticias.com\/index.php?rest_route=\/wp\/v2\/posts"}],"about":[{"href":"https:\/\/plumanegranoticias.com\/index.php?rest_route=\/wp\/v2\/types\/post"}],"author":[{"embeddable":true,"href":"https:\/\/plumanegranoticias.com\/index.php?rest_route=\/wp\/v2\/users\/2"}],"replies":[{"embeddable":true,"href":"https:\/\/plumanegranoticias.com\/index.php?rest_route=%2Fwp%2Fv2%2Fcomments&post=11043"}],"version-history":[{"count":1,"href":"https:\/\/plumanegranoticias.com\/index.php?rest_route=\/wp\/v2\/posts\/11043\/revisions"}],"predecessor-version":[{"id":11044,"href":"https:\/\/plumanegranoticias.com\/index.php?rest_route=\/wp\/v2\/posts\/11043\/revisions\/11044"}],"wp:featuredmedia":[{"embeddable":true,"href":"https:\/\/plumanegranoticias.com\/index.php?rest_route=\/wp\/v2\/media\/11039"}],"wp:attachment":[{"href":"https:\/\/plumanegranoticias.com\/index.php?rest_route=%2Fwp%2Fv2%2Fmedia&parent=11043"}],"wp:term":[{"taxonomy":"category","embeddable":true,"href":"https:\/\/plumanegranoticias.com\/index.php?rest_route=%2Fwp%2Fv2%2Fcategories&post=11043"},{"taxonomy":"post_tag","embeddable":true,"href":"https:\/\/plumanegranoticias.com\/index.php?rest_route=%2Fwp%2Fv2%2Ftags&post=11043"}],"curies":[{"name":"wp","href":"https:\/\/api.w.org\/{rel}","templated":true}]}}