{"id":11082,"date":"2025-07-01T14:07:01","date_gmt":"2025-07-01T20:07:01","guid":{"rendered":"https:\/\/plumanegranoticias.com\/?p=11082"},"modified":"2025-07-01T14:07:17","modified_gmt":"2025-07-01T20:07:17","slug":"detuvo-fge-a-una-madre-con-su-hijo-de-5-anos-y-sus-suegros-los-trasladaron-a-la-uecs","status":"publish","type":"post","link":"https:\/\/plumanegranoticias.com\/?p=11082","title":{"rendered":"Detuvo FGE a una madre con su hijo de 5 a\u00f1os y sus suegros, los trasladaron a la UECS"},"content":{"rendered":"\n<p>Elementos de la Polic\u00eda Ministerial argumentaron que la joven lleg\u00f3 con un arma de grueso calibre a amenazarlos, pero que no les dispar\u00f3 porque se les encasquill\u00f3 el arma<\/p>\n\n\n\n<ul class=\"wp-block-list\">\n<li><\/li>\n<\/ul>\n\n\n\n<p>\u00c1ngeles Gonz\u00e1lez Ceballos<br \/>Xalapa, Ver., La se\u00f1ora Wendy Rosas Rafael, denunci\u00f3 que su hija Samantha \u201cN\u201d, su nieto y sus consuegros, Leticia \u201cN\u201d y Ramiro \u201cN\u201d, fueron privados de la libertad de manera ilegal, el pasado jueves 19 de junio, luego de acudir al penal de La Toma, en el municipio de Amatl\u00e1n de Los Reyes.<\/p>\n\n\n\n<figure class=\"wp-block-image size-large\"><img loading=\"lazy\" decoding=\"async\" width=\"1024\" height=\"577\" src=\"https:\/\/plumanegranoticias.com\/wp-content\/uploads\/2025\/07\/img-20250701-wa00848997691917346777561-1024x577.jpg\" alt=\"\" class=\"wp-image-11081\" srcset=\"https:\/\/plumanegranoticias.com\/wp-content\/uploads\/2025\/07\/img-20250701-wa00848997691917346777561-1024x577.jpg 1024w, https:\/\/plumanegranoticias.com\/wp-content\/uploads\/2025\/07\/img-20250701-wa00848997691917346777561-300x169.jpg 300w, https:\/\/plumanegranoticias.com\/wp-content\/uploads\/2025\/07\/img-20250701-wa00848997691917346777561-768x433.jpg 768w, https:\/\/plumanegranoticias.com\/wp-content\/uploads\/2025\/07\/img-20250701-wa00848997691917346777561-1536x866.jpg 1536w, https:\/\/plumanegranoticias.com\/wp-content\/uploads\/2025\/07\/img-20250701-wa00848997691917346777561.jpg 1600w\" sizes=\"auto, (max-width: 1024px) 100vw, 1024px\" \/><\/figure>\n\n\n\n<p>En conferencia de prensa, explic\u00f3 que ese d\u00eda acudieron al penal porque se iba a llevar a cabo una audiencia del pap\u00e1 de su nieto, en donde le modificar\u00edan las medidas cautelares, luego de haber sido detenido por el presunto delito de agresi\u00f3n a las instituciones de seguridad p\u00fablica.<\/p>\n\n\n\n<p>La audiencia no se llev\u00f3 a cabo, se difiri\u00f3 y de ah\u00ed salieron alrededor de las 15:00 horas, con base en una comunicaci\u00f3n que tuvo con su hija.<\/p>\n\n\n\n<p>Despu\u00e9s perdi\u00f3 contacto con ellos, pero le informaron que hab\u00edan sido detenidos y trasladados a las instalaciones de la UECS, en esta capital y ahora est\u00e1n privados de la libertad en el penal de Pacho Viejo, Coatepec.<\/p>\n\n\n\n<p>El motivo de la detenci\u00f3n de su hija y sus suegros es por una supuesta agresi\u00f3n a elementos de la Polic\u00eda Ministerial, ya que le imputan el haber llegado ese d\u00eda por atr\u00e1s de la camioneta de los polic\u00edas, en un taxi que conduc\u00eda su suegro.<\/p>\n\n\n\n<p>\u201cComo se supone que su hijo ya iba de salida, ellos iban en el taxi. En la denuncia refieren que estaban estacionados, que se poncharon, pero que lleg\u00f3 el taxi, se estacion\u00f3 por detr\u00e1s y mi hija Samantha se baj\u00f3 con un arma de grueso calibre y que les quer\u00eda disparar, pero que como se le trab\u00f3 el arma, ya no les pudo disparar.<\/p>\n\n\n\n<p>Ellos argumentan que tienen miedo de lo que mi hija pueda hacer en contra de ellos. Es algo il\u00f3gico, llevaban a un ni\u00f1o de 5 a\u00f1os con ellos, fueron a un penal, ir a un penal con armas, con drogas, porque argumentan que llevaban drogas y con el ni\u00f1o; es algo tan absurdo\u201d, extern\u00f3.<\/p>\n\n\n\n<p>Tras la detenci\u00f3n, pregunt\u00f3 d\u00f3nde estaba su nieto y le dijeron que no sab\u00edan d\u00f3nde estaba, adem\u00e1s de que sus consuegros estaban incomunicados y no les permit\u00edan hablar con alg\u00fan abogado.<\/p>\n\n\n\n<p>\u201cAl ni\u00f1o se lo llevaron y ni siquiera se tomaron la molestia de avisarnos, es un menor de 5 a\u00f1os de edad. Se lo llevaron detenido junto con ellos, el beb\u00e9 est\u00e1 muy afectado psicol\u00f3gicamente, el ni\u00f1o ya est\u00e1 conmigo, me lo entregaron.<\/p>\n\n\n\n<p>Los primeros d\u00edas estuvo con ellos, se lo llevaron hasta despu\u00e9s al Conecalli. El ni\u00f1o refiere que lo vendaron de sus ojitos, fue algo espantoso, demasiado traum\u00e1tico para mi nieto, desde el momento en que lo trasladaron de La Toma hasta Xalapa, estaba muy asustado\u201d, expuso.<\/p>\n\n\n\n<p>Dijo que su nieto les cont\u00f3 que unas camionetas se les atravesaron, que unos se\u00f1ores \u201cmalos\u201d, \u201cencapuchados\u201d, bajaron a su abuela y a su mam\u00e1, que les hablaron con groser\u00edas, les pegaron, los tiraron al suelo y ah\u00ed le vendaron los ojos.<\/p>\n\n\n\n<p>\u201c\u00c9l les pidi\u00f3 que le quitaran eso, un polic\u00eda le ayud\u00f3, le levant\u00f3 el trapo y ya pudo respirar, los amenazaron con el ni\u00f1o, le dec\u00edan que iba a matar a su mam\u00e1 para que se callara porque lloraba, (y a su hija) la torturaron, le dijeron que si no colaboraba iban a matar al ni\u00f1o y que si no iban a venir por nosotros (sus pap\u00e1s)\u201d, narr\u00f3.<\/p>\n\n\n\n<p>Por todo lo ocurrido, Wendy Rosas Rafael manifest\u00f3 que ya present\u00f3 queja ante la Comisi\u00f3n Estatal de Derechos Humanos (CEDH) hace dos d\u00edas, adem\u00e1s de que present\u00f3 denuncia en contra de quienes llevaron a cabo la detenci\u00f3n de los adultos y del menor de edad.<\/p>\n\n\n\n<p>Lo que la abuela del menor exige es justicia para su nieto, porque fue \u201ctorturado\u201d al ser vendado y por ello, pidi\u00f3 atenci\u00f3n psicol\u00f3gica, as\u00ed como apoyo de la CEDH, porque se despierta llorando y no quiere comer.<\/p>\n\n\n\n<p>Adem\u00e1s, pidi\u00f3 que se investigue a fondo la detenci\u00f3n de su hija y sus consuegros, porque no pudo haber ocurrido as\u00ed, adem\u00e1s de que los mantuvieron incomunicados por 48 horas.<\/p>\n","protected":false},"excerpt":{"rendered":"<p>Elementos de la Polic\u00eda Ministerial argumentaron que la joven lleg\u00f3 con un arma de grueso calibre a amenazarlos, pero que no les dispar\u00f3 porque se les encasquill\u00f3 el arma \u00c1ngeles Gonz\u00e1lez CeballosXalapa, Ver., La se\u00f1ora Wendy Rosas Rafael, denunci\u00f3 que su hija Samantha \u201cN\u201d, su nieto y sus consuegros, Leticia \u201cN\u201d y Ramiro \u201cN\u201d, fueron&#8230; <\/p>\n<div class=\"clear\"><\/div>\n<p><a href=\"https:\/\/plumanegranoticias.com\/?p=11082\" class=\"excerpt-read-more\">Read More<i class=\"fa fa-caret-right icon-caret-right\"><\/i><\/a><\/p>\n","protected":false},"author":2,"featured_media":11084,"comment_status":"open","ping_status":"open","sticky":false,"template":"","format":"standard","meta":{"om_disable_all_campaigns":false,"_monsterinsights_skip_tracking":false,"_monsterinsights_sitenote_active":false,"_monsterinsights_sitenote_note":"","_monsterinsights_sitenote_category":0,"_uf_show_specific_survey":0,"_uf_disable_surveys":false,"footnotes":""},"categories":[67,8,12],"tags":[22,18,30],"class_list":["post-11082","post","type-post","status-publish","format-standard","has-post-thumbnail","hentry","category-policiaca","category-politica","category-regional","tag-nota-roja","tag-noticia","tag-plumazos"],"aioseo_notices":[],"_links":{"self":[{"href":"https:\/\/plumanegranoticias.com\/index.php?rest_route=\/wp\/v2\/posts\/11082","targetHints":{"allow":["GET"]}}],"collection":[{"href":"https:\/\/plumanegranoticias.com\/index.php?rest_route=\/wp\/v2\/posts"}],"about":[{"href":"https:\/\/plumanegranoticias.com\/index.php?rest_route=\/wp\/v2\/types\/post"}],"author":[{"embeddable":true,"href":"https:\/\/plumanegranoticias.com\/index.php?rest_route=\/wp\/v2\/users\/2"}],"replies":[{"embeddable":true,"href":"https:\/\/plumanegranoticias.com\/index.php?rest_route=%2Fwp%2Fv2%2Fcomments&post=11082"}],"version-history":[{"count":2,"href":"https:\/\/plumanegranoticias.com\/index.php?rest_route=\/wp\/v2\/posts\/11082\/revisions"}],"predecessor-version":[{"id":11085,"href":"https:\/\/plumanegranoticias.com\/index.php?rest_route=\/wp\/v2\/posts\/11082\/revisions\/11085"}],"wp:featuredmedia":[{"embeddable":true,"href":"https:\/\/plumanegranoticias.com\/index.php?rest_route=\/wp\/v2\/media\/11084"}],"wp:attachment":[{"href":"https:\/\/plumanegranoticias.com\/index.php?rest_route=%2Fwp%2Fv2%2Fmedia&parent=11082"}],"wp:term":[{"taxonomy":"category","embeddable":true,"href":"https:\/\/plumanegranoticias.com\/index.php?rest_route=%2Fwp%2Fv2%2Fcategories&post=11082"},{"taxonomy":"post_tag","embeddable":true,"href":"https:\/\/plumanegranoticias.com\/index.php?rest_route=%2Fwp%2Fv2%2Ftags&post=11082"}],"curies":[{"name":"wp","href":"https:\/\/api.w.org\/{rel}","templated":true}]}}