{"id":11101,"date":"2025-07-04T09:28:37","date_gmt":"2025-07-04T15:28:37","guid":{"rendered":"https:\/\/plumanegranoticias.com\/?p=11101"},"modified":"2025-07-04T09:29:42","modified_gmt":"2025-07-04T15:29:42","slug":"tragico-choque-en-la-autopista-tuxpan-tampico-deja-dos-muertos-y-cuatro-heridos","status":"publish","type":"post","link":"https:\/\/plumanegranoticias.com\/?p=11101","title":{"rendered":"Tr\u00e1gico choque en la autopista Tuxpan\u2013Tampico deja dos muertos y cuatro heridos."},"content":{"rendered":"\n<p><em>El impacto ocurri\u00f3 durante la madrugada en el tramo Los Gil\u2013Boca del Monte; entre las v\u00edctimas, originarios de Hidalgotitl\u00e1n, Veracruz<\/em><\/p>\n\n\n\n<p>Jos\u00e9 Vargas.<\/p>\n\n\n\n<p>Tuxpan, Ver.\u2013 Un accidente de alta magnitud cobr\u00f3 la vida de dos personas y dej\u00f3 al menos cuatro lesionadas la madrugada de este viernes 4 de julio, sobre la autopista Tuxpan\u2013Tampico, a la altura del tramo Los Gil\u2013Boca del Monte.<\/p>\n\n\n\n<p>El siniestro ocurri\u00f3 alrededor de las 04:30 horas, cuando un cami\u00f3n de carga tipo caja cerrada, que circulaba con direcci\u00f3n al sur, invadi\u00f3 presuntamente el carril contrario y se impact\u00f3 de frente contra una camioneta Ford Transit blanca, con placas SXZ123A, en la que viajaban al menos ocho personas provenientes del norte del pa\u00eds y con destino a la caseta de Los Gil.<\/p>\n\n\n\n<p>El impacto fue brutal. Dos de los pasajeros fallecieron en el lugar debido a la fuerza del golpe, mientras que otros cuatro resultaron heridos, incluyendo el conductor del tr\u00e1iler, quien qued\u00f3 prensado entre los fierros retorcidos de su unidad. Todos los lesionados fueron trasladados de inmediato a hospitales de la regi\u00f3n para recibir atenci\u00f3n m\u00e9dica urgente.<\/p>\n\n\n\n<p>Las v\u00edctimas fatales fueron identificadas como originarias del municipio de Hidalgotitl\u00e1n, al sur del estado de Veracruz, lo que ha generado consternaci\u00f3n en su comunidad de origen, donde ya se preparan actos de despedida.<\/p>\n\n\n\n<p>Elementos de la Guardia Nacional, divisi\u00f3n Carreteras, acudieron al sitio para tomar conocimiento de los hechos, realizar los peritajes correspondientes y coordinar las maniobras de auxilio y traslado de veh\u00edculos.<\/p>\n\n\n\n<p>Las unidades involucradas fueron remolcadas al corral\u00f3n oficial, mientras contin\u00faan las investigaciones para determinar responsabilidades. Las p\u00e9rdidas materiales tambi\u00e9n fueron cuantiosas.<\/p>\n\n\n\n<figure class=\"wp-block-image size-large\"><img loading=\"lazy\" decoding=\"async\" width=\"1024\" height=\"768\" src=\"https:\/\/plumanegranoticias.com\/wp-content\/uploads\/2025\/07\/img-20250704-wa00693931396657853008068-1024x768.jpg\" alt=\"\" class=\"wp-image-11100\" srcset=\"https:\/\/plumanegranoticias.com\/wp-content\/uploads\/2025\/07\/img-20250704-wa00693931396657853008068-1024x768.jpg 1024w, https:\/\/plumanegranoticias.com\/wp-content\/uploads\/2025\/07\/img-20250704-wa00693931396657853008068-300x225.jpg 300w, https:\/\/plumanegranoticias.com\/wp-content\/uploads\/2025\/07\/img-20250704-wa00693931396657853008068-768x576.jpg 768w, https:\/\/plumanegranoticias.com\/wp-content\/uploads\/2025\/07\/img-20250704-wa00693931396657853008068-400x300.jpg 400w, https:\/\/plumanegranoticias.com\/wp-content\/uploads\/2025\/07\/img-20250704-wa00693931396657853008068.jpg 1200w\" sizes=\"auto, (max-width: 1024px) 100vw, 1024px\" \/><\/figure>\n","protected":false},"excerpt":{"rendered":"<p>El impacto ocurri\u00f3 durante la madrugada en el tramo Los Gil\u2013Boca del Monte; entre las v\u00edctimas, originarios de Hidalgotitl\u00e1n, Veracruz Jos\u00e9 Vargas. Tuxpan, Ver.\u2013 Un accidente de alta magnitud cobr\u00f3 la vida de dos personas y dej\u00f3 al menos cuatro lesionadas la madrugada de este viernes 4 de julio, sobre la autopista Tuxpan\u2013Tampico, a la&#8230; <\/p>\n<div class=\"clear\"><\/div>\n<p><a href=\"https:\/\/plumanegranoticias.com\/?p=11101\" class=\"excerpt-read-more\">Read More<i class=\"fa fa-caret-right icon-caret-right\"><\/i><\/a><\/p>\n","protected":false},"author":2,"featured_media":11099,"comment_status":"open","ping_status":"open","sticky":false,"template":"","format":"standard","meta":{"om_disable_all_campaigns":false,"_monsterinsights_skip_tracking":false,"_monsterinsights_sitenote_active":false,"_monsterinsights_sitenote_note":"","_monsterinsights_sitenote_category":0,"_uf_show_specific_survey":0,"_uf_disable_surveys":false,"footnotes":""},"categories":[67,8,12],"tags":[34,61,19],"class_list":["post-11101","post","type-post","status-publish","format-standard","has-post-thumbnail","hentry","category-policiaca","category-politica","category-regional","tag-policiaca","tag-politica","tag-regional"],"aioseo_notices":[],"_links":{"self":[{"href":"https:\/\/plumanegranoticias.com\/index.php?rest_route=\/wp\/v2\/posts\/11101","targetHints":{"allow":["GET"]}}],"collection":[{"href":"https:\/\/plumanegranoticias.com\/index.php?rest_route=\/wp\/v2\/posts"}],"about":[{"href":"https:\/\/plumanegranoticias.com\/index.php?rest_route=\/wp\/v2\/types\/post"}],"author":[{"embeddable":true,"href":"https:\/\/plumanegranoticias.com\/index.php?rest_route=\/wp\/v2\/users\/2"}],"replies":[{"embeddable":true,"href":"https:\/\/plumanegranoticias.com\/index.php?rest_route=%2Fwp%2Fv2%2Fcomments&post=11101"}],"version-history":[{"count":1,"href":"https:\/\/plumanegranoticias.com\/index.php?rest_route=\/wp\/v2\/posts\/11101\/revisions"}],"predecessor-version":[{"id":11102,"href":"https:\/\/plumanegranoticias.com\/index.php?rest_route=\/wp\/v2\/posts\/11101\/revisions\/11102"}],"wp:featuredmedia":[{"embeddable":true,"href":"https:\/\/plumanegranoticias.com\/index.php?rest_route=\/wp\/v2\/media\/11099"}],"wp:attachment":[{"href":"https:\/\/plumanegranoticias.com\/index.php?rest_route=%2Fwp%2Fv2%2Fmedia&parent=11101"}],"wp:term":[{"taxonomy":"category","embeddable":true,"href":"https:\/\/plumanegranoticias.com\/index.php?rest_route=%2Fwp%2Fv2%2Fcategories&post=11101"},{"taxonomy":"post_tag","embeddable":true,"href":"https:\/\/plumanegranoticias.com\/index.php?rest_route=%2Fwp%2Fv2%2Ftags&post=11101"}],"curies":[{"name":"wp","href":"https:\/\/api.w.org\/{rel}","templated":true}]}}