{"id":11116,"date":"2025-07-07T10:03:22","date_gmt":"2025-07-07T16:03:22","guid":{"rendered":"https:\/\/plumanegranoticias.com\/?p=11116"},"modified":"2025-07-07T10:03:43","modified_gmt":"2025-07-07T16:03:43","slug":"roban-camioneta-en-fortin","status":"publish","type":"post","link":"https:\/\/plumanegranoticias.com\/?p=11116","title":{"rendered":"Roban camioneta en Fort\u00edn"},"content":{"rendered":"\n<figure class=\"wp-block-image size-large\"><img loading=\"lazy\" decoding=\"async\" width=\"300\" height=\"297\" src=\"https:\/\/plumanegranoticias.com\/wp-content\/uploads\/2025\/07\/img-20250707-wa00806133528167913048070-300x297.jpg\" alt=\"\" class=\"wp-image-11118\" srcset=\"https:\/\/plumanegranoticias.com\/wp-content\/uploads\/2025\/07\/img-20250707-wa00806133528167913048070-300x297.jpg 300w, https:\/\/plumanegranoticias.com\/wp-content\/uploads\/2025\/07\/img-20250707-wa00806133528167913048070-150x150.jpg 150w, https:\/\/plumanegranoticias.com\/wp-content\/uploads\/2025\/07\/img-20250707-wa00806133528167913048070.jpg 720w\" sizes=\"auto, (max-width: 300px) 100vw, 300px\" \/><\/figure>\n\n\n\n<p>Denuncian el robo de camioneta en Fort\u00edn; piden apoyo para localizarla<\/p>\n\n\n\n<p>Gerardo Luna<br \/>Fort\u00edn, Ver.- La madrugada del domingo se registr\u00f3 el robo de una camioneta en la colonia Ricardo Ballinas, en las inmediaciones del Centro de Salud de Fort\u00edn.<\/p>\n\n\n\n<p>El veh\u00edculo, que representa la herramienta de trabajo del afectado, fue sustra\u00eddo sin que hasta el momento se tenga rastro de su paradero.<\/p>\n\n\n\n<p>La unidad robada es f\u00e1cilmente identificable, ya que cuenta con un alambre amarrado en la parte superior. Sus placas son YHS-801-A. El due\u00f1o, visiblemente afectado, hizo un llamado a la ciudadan\u00eda para que, en caso de verla, pueda comunicarse de inmediato y brindar informaci\u00f3n que permita recuperarla.<\/p>\n\n\n\n<p>\u201cCon mucho esfuerzo logr\u00e9 adquirirla y hoy me la quitaron. Me dejaron sin la herramienta con la que trabajo diariamente para sacar adelante a mi familia\u201d, expres\u00f3 en su mensaje.<\/p>\n\n\n\n<p>Adem\u00e1s, pidi\u00f3 al responsable del robo que, si tiene conciencia, deje la camioneta en un lugar visible para poder recuperarla, destacando que al igual que muchas personas, \u00e9l tambi\u00e9n lucha d\u00eda con d\u00eda para mantener a sus hijos.<\/p>\n\n\n\n<p>Las autoridades ya han sido notificadas del caso. Se solicita a la poblaci\u00f3n estar atenta y reportar cualquier informaci\u00f3n que pueda ayudar a dar con la ubicaci\u00f3n de la camioneta.<\/p>\n","protected":false},"excerpt":{"rendered":"<p>Denuncian el robo de camioneta en Fort\u00edn; piden apoyo para localizarla Gerardo LunaFort\u00edn, Ver.- La madrugada del domingo se registr\u00f3 el robo de una camioneta en la colonia Ricardo Ballinas, en las inmediaciones del Centro de Salud de Fort\u00edn. El veh\u00edculo, que representa la herramienta de trabajo del afectado, fue sustra\u00eddo sin que hasta el&#8230; <\/p>\n<div class=\"clear\"><\/div>\n<p><a href=\"https:\/\/plumanegranoticias.com\/?p=11116\" class=\"excerpt-read-more\">Read More<i class=\"fa fa-caret-right icon-caret-right\"><\/i><\/a><\/p>\n","protected":false},"author":2,"featured_media":11120,"comment_status":"open","ping_status":"open","sticky":false,"template":"","format":"standard","meta":{"om_disable_all_campaigns":false,"_monsterinsights_skip_tracking":false,"_monsterinsights_sitenote_active":false,"_monsterinsights_sitenote_note":"","_monsterinsights_sitenote_category":0,"_uf_show_specific_survey":0,"_uf_disable_surveys":false,"footnotes":""},"categories":[1,13,16,8,12,11],"tags":[18,30],"class_list":["post-11116","post","type-post","status-publish","format-standard","has-post-thumbnail","hentry","category-blog","category-nota-roja","category-plumazos","category-politica","category-regional","category-reporte-ciudadano","tag-noticia","tag-plumazos"],"aioseo_notices":[],"_links":{"self":[{"href":"https:\/\/plumanegranoticias.com\/index.php?rest_route=\/wp\/v2\/posts\/11116","targetHints":{"allow":["GET"]}}],"collection":[{"href":"https:\/\/plumanegranoticias.com\/index.php?rest_route=\/wp\/v2\/posts"}],"about":[{"href":"https:\/\/plumanegranoticias.com\/index.php?rest_route=\/wp\/v2\/types\/post"}],"author":[{"embeddable":true,"href":"https:\/\/plumanegranoticias.com\/index.php?rest_route=\/wp\/v2\/users\/2"}],"replies":[{"embeddable":true,"href":"https:\/\/plumanegranoticias.com\/index.php?rest_route=%2Fwp%2Fv2%2Fcomments&post=11116"}],"version-history":[{"count":2,"href":"https:\/\/plumanegranoticias.com\/index.php?rest_route=\/wp\/v2\/posts\/11116\/revisions"}],"predecessor-version":[{"id":11119,"href":"https:\/\/plumanegranoticias.com\/index.php?rest_route=\/wp\/v2\/posts\/11116\/revisions\/11119"}],"wp:featuredmedia":[{"embeddable":true,"href":"https:\/\/plumanegranoticias.com\/index.php?rest_route=\/wp\/v2\/media\/11120"}],"wp:attachment":[{"href":"https:\/\/plumanegranoticias.com\/index.php?rest_route=%2Fwp%2Fv2%2Fmedia&parent=11116"}],"wp:term":[{"taxonomy":"category","embeddable":true,"href":"https:\/\/plumanegranoticias.com\/index.php?rest_route=%2Fwp%2Fv2%2Fcategories&post=11116"},{"taxonomy":"post_tag","embeddable":true,"href":"https:\/\/plumanegranoticias.com\/index.php?rest_route=%2Fwp%2Fv2%2Ftags&post=11116"}],"curies":[{"name":"wp","href":"https:\/\/api.w.org\/{rel}","templated":true}]}}