{"id":11172,"date":"2025-07-08T16:33:34","date_gmt":"2025-07-08T22:33:34","guid":{"rendered":"https:\/\/plumanegranoticias.com\/?p=11172"},"modified":"2025-07-08T16:33:53","modified_gmt":"2025-07-08T22:33:53","slug":"hara-sev-mas-de-9-mil-cambios-de-maestras-y-maestros-por-fin-se-les-hara-justicia","status":"publish","type":"post","link":"https:\/\/plumanegranoticias.com\/?p=11172","title":{"rendered":"Har\u00e1 SEV m\u00e1s de 9 mil cambios de maestras y maestros, por fin se les har\u00e1 justicia"},"content":{"rendered":"\n<p>La secretaria Claudia Tello indic\u00f3 que quien decide qui\u00e9n debe ser el titular de Educaci\u00f3n Ind\u00edgena, es la Gobernadora<\/p>\n\n\n\n<p>Angeles Gonz\u00e1lez Ceballos<br>Xalapa, Ver., La secretaria de Educaci\u00f3n de Veracruz, Claudia Tello Espinosa, afirm\u00f3 que en Veracruz se cumple con el decreto que emiti\u00f3 la presidenta Claudia Sheinbaum Pardo, para facilitar la movilidad de maestras y maestros, permiti\u00e9ndoles solicitar cambios para trabajar en escuelas cerca de sus hogares, en el marco de la Unidad del Sistema para la Carrera de las Maestras y Maestros (USICAMM).<\/p>\n\n\n\n<p>Ello, en tanto se dialoga escuela por escuela respecto de los cambios necesarios para desaparecer dicho mecanismo y construir una propuesta desde abajo.<\/p>\n\n\n\n<p>En ese sentido, Tello Espinosa anunci\u00f3 que este martes comenzar\u00e1n los cambios de zona e intrazona, considerando \u00fanicamente la antig\u00fcedad de las y los maestros.<\/p>\n\n\n\n<p>Puntualiz\u00f3 que se har\u00e1n cambios de directores, de maestros, para prescolar, primaria, secundaria, telesecundaria, secundarias generales, para todos.<\/p>\n\n\n\n<p>\u201cEso es justicia para todas las maestras y los maestros. Tenemos m\u00e1s de mil movimientos estatales y tenemos como 8 mil federales y aqu\u00ed vamos a estar muchos d\u00edas, porque como es el primer proceso que se hace de esta manera, obvio van a haber incidencias, pero vamos a estar pendientes desde muy temprano hasta muy tarde, si es necesario, todo el mes, no habr\u00e1 vacaciones\u201d, asever\u00f3.<\/p>\n\n\n\n<p>La Secretaria aclar\u00f3 que cada zona escolar tendr\u00e1 cambios, este martes iniciaron los de intrazona, al concluir estos se ir\u00e1n con los de zona a zona y que son los que se requieren en todo el Estado.<\/p>\n\n\n\n<p>\u201cAlguien de P\u00e1nuco se puede venir a Coatzacoalcos o alguien de Las Choapas se puede venir a Xalapa, entre otros, terminando estos cambios nos vamos a los de Estado y despu\u00e9s de ah\u00ed vamos a considerar a los maestros que tienen menos de dos a\u00f1os de servicio para que al final sean los nuevos, los que acaban de presentar examen y que ya est\u00e1 la lista de prelaci\u00f3n para que cubran las escuelas que hacen falta por cubrir\u201d, destac\u00f3.<\/p>\n\n\n\n<p>Tello Espinosa garantiz\u00f3 a los padres y madres de familia que no faltar\u00e1n docentes, porque el compromiso es que todas las escuelas est\u00e9n cubiertas par el 1 de septiembre.<\/p>\n\n\n\n<p>Expres\u00f3 que todos estos procesos estar\u00e1n siendo acompa\u00f1ados por las y los secretarios generales de los sindicatos magisteriales, pero tambi\u00e9n pidi\u00f3 paciencia por si les llegara a faltar algo, algunas vacancias que no se hayan informado y poco a poco ir resolviendo las demandas.<\/p>\n\n\n\n<p>Finalmente, tras la exigencia para que las titulares de UPECE-USICAMM, Neyra Arleth Bautista Mayorga y, de Educaci\u00f3n Ind\u00edgena, Nidia Caril\u00fa Nava Palomec, presenten sus renuncias por parte de la Secci\u00f3n 32 del SNTE, la secretaria de Educaci\u00f3n defini\u00f3 que la Gobernadora deber\u00e1 instruir sobre \u201cla posici\u00f3n de educaci\u00f3n ind\u00edgena\u201d.<\/p>\n\n\n\n<p><\/p>\n\n\n\n<figure class=\"wp-block-image size-large\"><img loading=\"lazy\" decoding=\"async\" width=\"1024\" height=\"769\" src=\"https:\/\/plumanegranoticias.com\/wp-content\/uploads\/2025\/07\/img-20250708-wa02185490423650312024264-1024x769.jpg\" alt=\"\" class=\"wp-image-11170\" srcset=\"https:\/\/plumanegranoticias.com\/wp-content\/uploads\/2025\/07\/img-20250708-wa02185490423650312024264-1024x769.jpg 1024w, https:\/\/plumanegranoticias.com\/wp-content\/uploads\/2025\/07\/img-20250708-wa02185490423650312024264-300x225.jpg 300w, https:\/\/plumanegranoticias.com\/wp-content\/uploads\/2025\/07\/img-20250708-wa02185490423650312024264-768x576.jpg 768w, https:\/\/plumanegranoticias.com\/wp-content\/uploads\/2025\/07\/img-20250708-wa02185490423650312024264-1536x1153.jpg 1536w, https:\/\/plumanegranoticias.com\/wp-content\/uploads\/2025\/07\/img-20250708-wa02185490423650312024264-400x300.jpg 400w, https:\/\/plumanegranoticias.com\/wp-content\/uploads\/2025\/07\/img-20250708-wa02185490423650312024264.jpg 1600w\" sizes=\"auto, (max-width: 1024px) 100vw, 1024px\" \/><\/figure>\n\n\n\n<figure class=\"wp-block-image\"><img loading=\"lazy\" decoding=\"async\" width=\"1024\" height=\"769\" src=\"https:\/\/plumanegranoticias.com\/wp-content\/uploads\/2025\/07\/img-20250708-wa02198316968103280298118-1024x769.jpg\" alt=\"\" class=\"wp-image-11171\" srcset=\"https:\/\/plumanegranoticias.com\/wp-content\/uploads\/2025\/07\/img-20250708-wa02198316968103280298118-1024x769.jpg 1024w, https:\/\/plumanegranoticias.com\/wp-content\/uploads\/2025\/07\/img-20250708-wa02198316968103280298118-300x225.jpg 300w, https:\/\/plumanegranoticias.com\/wp-content\/uploads\/2025\/07\/img-20250708-wa02198316968103280298118-768x576.jpg 768w, https:\/\/plumanegranoticias.com\/wp-content\/uploads\/2025\/07\/img-20250708-wa02198316968103280298118-1536x1153.jpg 1536w, https:\/\/plumanegranoticias.com\/wp-content\/uploads\/2025\/07\/img-20250708-wa02198316968103280298118-400x300.jpg 400w, https:\/\/plumanegranoticias.com\/wp-content\/uploads\/2025\/07\/img-20250708-wa02198316968103280298118.jpg 1600w\" sizes=\"auto, (max-width: 1024px) 100vw, 1024px\" \/><\/figure>\n","protected":false},"excerpt":{"rendered":"<p>La secretaria Claudia Tello indic\u00f3 que quien decide qui\u00e9n debe ser el titular de Educaci\u00f3n Ind\u00edgena, es la Gobernadora Angeles Gonz\u00e1lez CeballosXalapa, Ver., La secretaria de Educaci\u00f3n de Veracruz, Claudia Tello Espinosa, afirm\u00f3 que en Veracruz se cumple con el decreto que emiti\u00f3 la presidenta Claudia Sheinbaum Pardo, para facilitar la movilidad de maestras y&#8230; <\/p>\n<div class=\"clear\"><\/div>\n<p><a href=\"https:\/\/plumanegranoticias.com\/?p=11172\" class=\"excerpt-read-more\">Read More<i class=\"fa fa-caret-right icon-caret-right\"><\/i><\/a><\/p>\n","protected":false},"author":2,"featured_media":11174,"comment_status":"open","ping_status":"open","sticky":false,"template":"","format":"standard","meta":{"om_disable_all_campaigns":false,"_monsterinsights_skip_tracking":false,"_monsterinsights_sitenote_active":false,"_monsterinsights_sitenote_note":"","_monsterinsights_sitenote_category":0,"_uf_show_specific_survey":0,"_uf_disable_surveys":false,"footnotes":""},"categories":[8,12,11,9],"tags":[28,22,18],"class_list":["post-11172","post","type-post","status-publish","format-standard","has-post-thumbnail","hentry","category-politica","category-regional","category-reporte-ciudadano","category-tendencias","tag-nacionales","tag-nota-roja","tag-noticia"],"aioseo_notices":[],"_links":{"self":[{"href":"https:\/\/plumanegranoticias.com\/index.php?rest_route=\/wp\/v2\/posts\/11172","targetHints":{"allow":["GET"]}}],"collection":[{"href":"https:\/\/plumanegranoticias.com\/index.php?rest_route=\/wp\/v2\/posts"}],"about":[{"href":"https:\/\/plumanegranoticias.com\/index.php?rest_route=\/wp\/v2\/types\/post"}],"author":[{"embeddable":true,"href":"https:\/\/plumanegranoticias.com\/index.php?rest_route=\/wp\/v2\/users\/2"}],"replies":[{"embeddable":true,"href":"https:\/\/plumanegranoticias.com\/index.php?rest_route=%2Fwp%2Fv2%2Fcomments&post=11172"}],"version-history":[{"count":1,"href":"https:\/\/plumanegranoticias.com\/index.php?rest_route=\/wp\/v2\/posts\/11172\/revisions"}],"predecessor-version":[{"id":11173,"href":"https:\/\/plumanegranoticias.com\/index.php?rest_route=\/wp\/v2\/posts\/11172\/revisions\/11173"}],"wp:featuredmedia":[{"embeddable":true,"href":"https:\/\/plumanegranoticias.com\/index.php?rest_route=\/wp\/v2\/media\/11174"}],"wp:attachment":[{"href":"https:\/\/plumanegranoticias.com\/index.php?rest_route=%2Fwp%2Fv2%2Fmedia&parent=11172"}],"wp:term":[{"taxonomy":"category","embeddable":true,"href":"https:\/\/plumanegranoticias.com\/index.php?rest_route=%2Fwp%2Fv2%2Fcategories&post=11172"},{"taxonomy":"post_tag","embeddable":true,"href":"https:\/\/plumanegranoticias.com\/index.php?rest_route=%2Fwp%2Fv2%2Ftags&post=11172"}],"curies":[{"name":"wp","href":"https:\/\/api.w.org\/{rel}","templated":true}]}}