{"id":11228,"date":"2025-07-12T13:36:24","date_gmt":"2025-07-12T19:36:24","guid":{"rendered":"https:\/\/plumanegranoticias.com\/?p=11228"},"modified":"2025-07-12T13:37:34","modified_gmt":"2025-07-12T19:37:34","slug":"roban-gemelos-y-los-abandonan-en-una-maleta-estan-vivos","status":"publish","type":"post","link":"https:\/\/plumanegranoticias.com\/?p=11228","title":{"rendered":"Roban gemelos y los abandonan en una maleta, est\u00e1n vivos"},"content":{"rendered":"\n<p>Jos\u00e9 Vargas.<\/p>\n\n\n\n<p>Minatitl\u00e1n, Ver.- Lo que inici\u00f3 como un aparatoso accidente de tr\u00e1nsito en el sur de Veracruz termin\u00f3 en una escena aterradora: dos beb\u00e9s gemelos fueron encontrados horas despu\u00e9s dentro de una maleta, luego de ser sustra\u00eddos por una mujer que fingi\u00f3 ser su madre en pleno caos vial.<\/p>\n\n\n\n<p>El incidente ocurri\u00f3 sobre el bulevar Instituto Tecnol\u00f3gico, entre las colonias Oaxaque\u00f1a y Buena Vista Norte. Seg\u00fan testigos, el conductor de un veh\u00edculo Toyota \u2014identificado como Guillermo Tenorio Jara\u2014 viajaba presuntamente en estado de ebriedad cuando impact\u00f3 contra un taxi. Sin detenerse a responder por los da\u00f1os, huy\u00f3 a toda velocidad hasta ser alcanzado en la colonia Buena Vista Sur por civiles y polic\u00edas estatales.<\/p>\n\n\n\n<p>En la parte trasera del autom\u00f3vil fueron localizados los gemelos, a\u00fan en sus portabeb\u00e9s. Estaban ilesos. Sin embargo, mientras se realizaba la inspecci\u00f3n, una mujer lleg\u00f3 al sitio, asegur\u00f3 ser la madre de los peque\u00f1os y, sin que nadie verificara su identidad, se los llev\u00f3. Horas despu\u00e9s se supo que no era su madre, sino Mariana \u201cN\u201d, presunta conocida del padre, quien aprovech\u00f3 la confusi\u00f3n para llev\u00e1rselos.<\/p>\n\n\n\n<p>La situaci\u00f3n se volvi\u00f3 cr\u00edtica cuando la familia de los menores, al no saber su paradero, rastre\u00f3 a la mujer y hall\u00f3 a los beb\u00e9s abandonados dentro de una maleta, en una vivienda de la colonia Infonavit Paquital. Ambos presentaban signos visibles de deshidrataci\u00f3n, por lo que fueron trasladados de urgencia a un hospital. Mariana \u201cN\u201d escap\u00f3 antes de que llegaran los cuerpos de seguridad.<\/p>\n\n\n\n<p>El padre de los gemelos fue detenido y permanece bajo custodia por los da\u00f1os ocasionados al taxi y las lesiones que provoc\u00f3 a sus ocupantes. La verdadera madre, informaron fuentes familiares, se encuentra hospitalizada desde hace m\u00e1s de diez d\u00edas, motivo por el cual los menores estaban bajo el cuidado de su padre.<\/p>\n\n\n\n<p>La Fiscal\u00eda General del Estado ya investiga el caso y espera la denuncia formal para proceder legalmente por la presunta privaci\u00f3n ilegal de menores. Mientras tanto, la atenci\u00f3n m\u00e9dica y la custodia de los beb\u00e9s qued\u00f3 en manos de las autoridades de protecci\u00f3n infantil.<\/p>\n\n\n\n<p>Este hecho ha generado fuerte indignaci\u00f3n y desconcierto en la regi\u00f3n, no solo por la violencia impl\u00edcita en el abandono de los beb\u00e9s, sino por la facilidad con la que una mujer pudo llev\u00e1rselos bajo una falsa identidad, en plena escena p\u00fablica y ante cuerpos policiales.<\/p>\n\n\n\n<figure class=\"wp-block-image size-large\"><img loading=\"lazy\" decoding=\"async\" width=\"300\" height=\"204\" src=\"https:\/\/plumanegranoticias.com\/wp-content\/uploads\/2025\/07\/img-20250712-wa01113959572508529173237-300x204.jpg\" alt=\"\" class=\"wp-image-11226\" srcset=\"https:\/\/plumanegranoticias.com\/wp-content\/uploads\/2025\/07\/img-20250712-wa01113959572508529173237-300x204.jpg 300w, https:\/\/plumanegranoticias.com\/wp-content\/uploads\/2025\/07\/img-20250712-wa01113959572508529173237-530x358.jpg 530w, https:\/\/plumanegranoticias.com\/wp-content\/uploads\/2025\/07\/img-20250712-wa01113959572508529173237.jpg 544w\" sizes=\"auto, (max-width: 300px) 100vw, 300px\" \/><\/figure>\n\n\n\n<figure class=\"wp-block-image\"><img loading=\"lazy\" decoding=\"async\" width=\"1024\" height=\"576\" src=\"https:\/\/plumanegranoticias.com\/wp-content\/uploads\/2025\/07\/img-20250712-wa01121074081005382555871-1024x576.jpg\" alt=\"\" class=\"wp-image-11225\" srcset=\"https:\/\/plumanegranoticias.com\/wp-content\/uploads\/2025\/07\/img-20250712-wa01121074081005382555871-1024x576.jpg 1024w, https:\/\/plumanegranoticias.com\/wp-content\/uploads\/2025\/07\/img-20250712-wa01121074081005382555871-300x169.jpg 300w, https:\/\/plumanegranoticias.com\/wp-content\/uploads\/2025\/07\/img-20250712-wa01121074081005382555871-768x432.jpg 768w, https:\/\/plumanegranoticias.com\/wp-content\/uploads\/2025\/07\/img-20250712-wa01121074081005382555871-1536x864.jpg 1536w, https:\/\/plumanegranoticias.com\/wp-content\/uploads\/2025\/07\/img-20250712-wa01121074081005382555871.jpg 1599w\" sizes=\"auto, (max-width: 1024px) 100vw, 1024px\" \/><\/figure>\n","protected":false},"excerpt":{"rendered":"<p>Jos\u00e9 Vargas. Minatitl\u00e1n, Ver.- Lo que inici\u00f3 como un aparatoso accidente de tr\u00e1nsito en el sur de Veracruz termin\u00f3 en una escena aterradora: dos beb\u00e9s gemelos fueron encontrados horas despu\u00e9s dentro de una maleta, luego de ser sustra\u00eddos por una mujer que fingi\u00f3 ser su madre en pleno caos vial. El incidente ocurri\u00f3 sobre el&#8230; <\/p>\n<div class=\"clear\"><\/div>\n<p><a href=\"https:\/\/plumanegranoticias.com\/?p=11228\" class=\"excerpt-read-more\">Read More<i class=\"fa fa-caret-right icon-caret-right\"><\/i><\/a><\/p>\n","protected":false},"author":2,"featured_media":11227,"comment_status":"open","ping_status":"open","sticky":false,"template":"","format":"standard","meta":{"om_disable_all_campaigns":false,"_monsterinsights_skip_tracking":false,"_monsterinsights_sitenote_active":false,"_monsterinsights_sitenote_note":"","_monsterinsights_sitenote_category":0,"_uf_show_specific_survey":0,"_uf_disable_surveys":false,"footnotes":""},"categories":[13,16,67,8,12,11],"tags":[61,19,31],"class_list":["post-11228","post","type-post","status-publish","format-standard","has-post-thumbnail","hentry","category-nota-roja","category-plumazos","category-policiaca","category-politica","category-regional","category-reporte-ciudadano","tag-politica","tag-regional","tag-reporte-ciudadano"],"aioseo_notices":[],"_links":{"self":[{"href":"https:\/\/plumanegranoticias.com\/index.php?rest_route=\/wp\/v2\/posts\/11228","targetHints":{"allow":["GET"]}}],"collection":[{"href":"https:\/\/plumanegranoticias.com\/index.php?rest_route=\/wp\/v2\/posts"}],"about":[{"href":"https:\/\/plumanegranoticias.com\/index.php?rest_route=\/wp\/v2\/types\/post"}],"author":[{"embeddable":true,"href":"https:\/\/plumanegranoticias.com\/index.php?rest_route=\/wp\/v2\/users\/2"}],"replies":[{"embeddable":true,"href":"https:\/\/plumanegranoticias.com\/index.php?rest_route=%2Fwp%2Fv2%2Fcomments&post=11228"}],"version-history":[{"count":1,"href":"https:\/\/plumanegranoticias.com\/index.php?rest_route=\/wp\/v2\/posts\/11228\/revisions"}],"predecessor-version":[{"id":11229,"href":"https:\/\/plumanegranoticias.com\/index.php?rest_route=\/wp\/v2\/posts\/11228\/revisions\/11229"}],"wp:featuredmedia":[{"embeddable":true,"href":"https:\/\/plumanegranoticias.com\/index.php?rest_route=\/wp\/v2\/media\/11227"}],"wp:attachment":[{"href":"https:\/\/plumanegranoticias.com\/index.php?rest_route=%2Fwp%2Fv2%2Fmedia&parent=11228"}],"wp:term":[{"taxonomy":"category","embeddable":true,"href":"https:\/\/plumanegranoticias.com\/index.php?rest_route=%2Fwp%2Fv2%2Fcategories&post=11228"},{"taxonomy":"post_tag","embeddable":true,"href":"https:\/\/plumanegranoticias.com\/index.php?rest_route=%2Fwp%2Fv2%2Ftags&post=11228"}],"curies":[{"name":"wp","href":"https:\/\/api.w.org\/{rel}","templated":true}]}}