{"id":11391,"date":"2025-08-05T11:26:07","date_gmt":"2025-08-05T17:26:07","guid":{"rendered":"https:\/\/plumanegranoticias.com\/?p=11391"},"modified":"2025-08-05T11:26:27","modified_gmt":"2025-08-05T17:26:27","slug":"asi-fue-el-ataque-a-delegado-de-la-fgr-en-tamaulipas","status":"publish","type":"post","link":"https:\/\/plumanegranoticias.com\/?p=11391","title":{"rendered":"ASI FUE EL ATAQUE A DELEGADO DE LA FGR EN TAMAULIPAS"},"content":{"rendered":"\n<p>Asi fue el ataque y el fallecimiento de Ernesto V\u00e1zquez Reyna, Fiscal de la FGR en #Tamaulipas tras explosi\u00f3n de su veh\u00edculo en #Reynosa.<\/p>\n\n\n\n<p>Viajaba acompa\u00f1ado de sus escoltas; presuntamente se trat\u00f3 de un ataque directo. Se espera informaci\u00f3n oficial por parte de las autoridades.<\/p>\n\n\n\n<figure class=\"wp-block-image size-large\"><img loading=\"lazy\" decoding=\"async\" width=\"300\" height=\"181\" src=\"https:\/\/plumanegranoticias.com\/wp-content\/uploads\/2025\/08\/img-20250804-wa02286407664541664221427-300x181.jpg\" alt=\"\" class=\"wp-image-11389\" srcset=\"https:\/\/plumanegranoticias.com\/wp-content\/uploads\/2025\/08\/img-20250804-wa02286407664541664221427-300x181.jpg 300w, https:\/\/plumanegranoticias.com\/wp-content\/uploads\/2025\/08\/img-20250804-wa02286407664541664221427-768x462.jpg 768w, https:\/\/plumanegranoticias.com\/wp-content\/uploads\/2025\/08\/img-20250804-wa02286407664541664221427.jpg 960w\" sizes=\"auto, (max-width: 300px) 100vw, 300px\" \/><\/figure>\n\n\n\n<figure class=\"wp-block-video\"><video height=\"848\" style=\"aspect-ratio: 480 \/ 848;\" width=\"480\" controls src=\"https:\/\/plumanegranoticias.com\/wp-content\/uploads\/2025\/08\/VID-20250804-WA0227.mp4\"><\/video><\/figure>\n","protected":false},"excerpt":{"rendered":"<p>Asi fue el ataque y el fallecimiento de Ernesto V\u00e1zquez Reyna, Fiscal de la FGR en #Tamaulipas tras explosi\u00f3n de su veh\u00edculo en #Reynosa. Viajaba acompa\u00f1ado de sus escoltas; presuntamente se trat\u00f3 de un ataque directo. Se espera informaci\u00f3n oficial por parte de las autoridades.<\/p>\n","protected":false},"author":2,"featured_media":11393,"comment_status":"open","ping_status":"open","sticky":false,"template":"","format":"standard","meta":{"om_disable_all_campaigns":false,"_monsterinsights_skip_tracking":false,"_monsterinsights_sitenote_active":false,"_monsterinsights_sitenote_note":"","_monsterinsights_sitenote_category":0,"_uf_show_specific_survey":0,"_uf_disable_surveys":false,"footnotes":""},"categories":[67,8,12],"tags":[20,22,18],"class_list":["post-11391","post","type-post","status-publish","format-standard","has-post-thumbnail","hentry","category-policiaca","category-politica","category-regional","tag-negocios","tag-nota-roja","tag-noticia"],"aioseo_notices":[],"_links":{"self":[{"href":"https:\/\/plumanegranoticias.com\/index.php?rest_route=\/wp\/v2\/posts\/11391","targetHints":{"allow":["GET"]}}],"collection":[{"href":"https:\/\/plumanegranoticias.com\/index.php?rest_route=\/wp\/v2\/posts"}],"about":[{"href":"https:\/\/plumanegranoticias.com\/index.php?rest_route=\/wp\/v2\/types\/post"}],"author":[{"embeddable":true,"href":"https:\/\/plumanegranoticias.com\/index.php?rest_route=\/wp\/v2\/users\/2"}],"replies":[{"embeddable":true,"href":"https:\/\/plumanegranoticias.com\/index.php?rest_route=%2Fwp%2Fv2%2Fcomments&post=11391"}],"version-history":[{"count":1,"href":"https:\/\/plumanegranoticias.com\/index.php?rest_route=\/wp\/v2\/posts\/11391\/revisions"}],"predecessor-version":[{"id":11392,"href":"https:\/\/plumanegranoticias.com\/index.php?rest_route=\/wp\/v2\/posts\/11391\/revisions\/11392"}],"wp:featuredmedia":[{"embeddable":true,"href":"https:\/\/plumanegranoticias.com\/index.php?rest_route=\/wp\/v2\/media\/11393"}],"wp:attachment":[{"href":"https:\/\/plumanegranoticias.com\/index.php?rest_route=%2Fwp%2Fv2%2Fmedia&parent=11391"}],"wp:term":[{"taxonomy":"category","embeddable":true,"href":"https:\/\/plumanegranoticias.com\/index.php?rest_route=%2Fwp%2Fv2%2Fcategories&post=11391"},{"taxonomy":"post_tag","embeddable":true,"href":"https:\/\/plumanegranoticias.com\/index.php?rest_route=%2Fwp%2Fv2%2Ftags&post=11391"}],"curies":[{"name":"wp","href":"https:\/\/api.w.org\/{rel}","templated":true}]}}