{"id":11403,"date":"2025-08-14T09:22:44","date_gmt":"2025-08-14T15:22:44","guid":{"rendered":"https:\/\/plumanegranoticias.com\/?p=11403"},"modified":"2025-08-14T09:23:14","modified_gmt":"2025-08-14T15:23:14","slug":"cae-el-80-en-campeche-fue-fiscal-en-acayucan","status":"publish","type":"post","link":"https:\/\/plumanegranoticias.com\/?p=11403","title":{"rendered":"CAE EL 80 EN CAMPECHE, FUE FISCAL EN ACAYUCAN"},"content":{"rendered":"\n<p>Detienen a \u201cEl 80\u201d , ex fiscal de Veracruz, y actualmente es l\u00edder de un grupo delincuencial.<\/p>\n\n\n\n<p>La Secretar\u00eda de Protecci\u00f3n y Seguridad Ciudadana de Campeche anunci\u00f3 la detenci\u00f3n de dos objetivos de importancia federal en un operativo llevado a cabo en el municipio de Champot\u00f3n. Se trata de Jos\u00e9 Roberto S\u00e1nchez Cortes \u201cEl 80\u201d y \u201cLady Drones\u201d, quienes estar\u00edan ligados a un grupo generador de violencia.<\/p>\n\n\n\n<p>Marcela Mu\u00f1oz, titular de la SPSC, anunci\u00f3 dicha detenci\u00f3n en Champot\u00f3n en la que se capturaron a 2 hombres y 3 mujeres, adem\u00e1s de 4 menores de edad, incluyendo un beb\u00e9, sobre los cuales se dijo que se les dar\u00e1 el trato correspondiente.<\/p>\n\n\n\n<p>\u201cGracias a las c\u00e1maras y arcos de seguridad de la polic\u00eda estatal dimos con este grupo dentro del cual se logr\u00f3 capturar una mujer identificada como objetivo prioritario a nivel federal por delitos de alto impacto en Jalisco y por homicidios con explosivos con drones a militares y polic\u00edas\u201d, detall\u00f3.<\/p>\n\n\n\n<p>Se dio a conocer que los detenidos llevaban consigo un arma que fue encontrada en el interior de la camioneta en la cual viajaba este grupo, la cual luc\u00eda ba\u00f1ada en oro y con las siglas del CJNG, adem\u00e1s de armas cortas y largas. Los detenidos fueron puestos a disposici\u00f3n del Ministerio P\u00fablico.<\/p>\n\n\n\n<p>Debido a la peligrosidad de los detenidos las instalaciones donde se encuentran permanecen custodiadas por un importante n\u00famero de agentes polic\u00edacos y de la Unidad de Respuesta Inmediata de la SPSC.<\/p>\n\n\n\n<p>Cabe destacar que Jos\u00e9 Roberto S\u00e1nchez Cortes, el 80, por muchos a\u00f1os se desempe\u00f1\u00f3 como empleado de la Fiscal\u00eda General de Justicia del estado de Veracruz, en la regi\u00f3n de Acayucan, en donde ocup\u00f3 varios cargos hasta llegar a ser titular como Fiscal durante la administraci\u00f3n del Fiscal General,Luis \u00c1ngel Bravo Contreras.<\/p>\n\n\n\n<p>Paralelamente inici\u00f3 sus ilicitos hasta que dej\u00f3 la fiscal\u00eda para sentar por muchos a\u00f1os sus operaciones delictivas en municipios del sur de Veracruz, espec\u00edficamente Coatzacoalcos, por esta causa es reclamado por autoridad del estado de Veracruz. En el gobierno de Miguel \u00c1ngel Yunes Linares, ofreci\u00f3 una recompensa de Un Mill\u00f3n de Pesos, a quien proporcionar\u00e1 informaci\u00f3n para su captura.<\/p>\n\n\n\n<figure class=\"wp-block-image size-large\"><img loading=\"lazy\" decoding=\"async\" width=\"768\" height=\"1024\" src=\"https:\/\/plumanegranoticias.com\/wp-content\/uploads\/2025\/08\/fb_img_17551848681426652046203995322641-768x1024.jpg\" alt=\"\" class=\"wp-image-11400\" srcset=\"https:\/\/plumanegranoticias.com\/wp-content\/uploads\/2025\/08\/fb_img_17551848681426652046203995322641-768x1024.jpg 768w, https:\/\/plumanegranoticias.com\/wp-content\/uploads\/2025\/08\/fb_img_17551848681426652046203995322641-225x300.jpg 225w, https:\/\/plumanegranoticias.com\/wp-content\/uploads\/2025\/08\/fb_img_17551848681426652046203995322641.jpg 864w\" sizes=\"auto, (max-width: 768px) 100vw, 768px\" \/><\/figure>\n\n\n\n<figure class=\"wp-block-image\"><img loading=\"lazy\" decoding=\"async\" width=\"300\" height=\"285\" src=\"https:\/\/plumanegranoticias.com\/wp-content\/uploads\/2025\/08\/fb_img_17551848660066909883189789056750-300x285.jpg\" alt=\"\" class=\"wp-image-11402\" srcset=\"https:\/\/plumanegranoticias.com\/wp-content\/uploads\/2025\/08\/fb_img_17551848660066909883189789056750-300x285.jpg 300w, https:\/\/plumanegranoticias.com\/wp-content\/uploads\/2025\/08\/fb_img_17551848660066909883189789056750.jpg 720w\" sizes=\"auto, (max-width: 300px) 100vw, 300px\" \/><\/figure>\n\n\n\n<figure class=\"wp-block-image\"><img loading=\"lazy\" decoding=\"async\" width=\"300\" height=\"168\" src=\"https:\/\/plumanegranoticias.com\/wp-content\/uploads\/2025\/08\/fb_img_17551848707681419738931915020472-300x168.jpg\" alt=\"\" class=\"wp-image-11401\" srcset=\"https:\/\/plumanegranoticias.com\/wp-content\/uploads\/2025\/08\/fb_img_17551848707681419738931915020472-300x168.jpg 300w, https:\/\/plumanegranoticias.com\/wp-content\/uploads\/2025\/08\/fb_img_17551848707681419738931915020472.jpg 414w\" sizes=\"auto, (max-width: 300px) 100vw, 300px\" \/><\/figure>\n","protected":false},"excerpt":{"rendered":"<p>Detienen a \u201cEl 80\u201d , ex fiscal de Veracruz, y actualmente es l\u00edder de un grupo delincuencial. La Secretar\u00eda de Protecci\u00f3n y Seguridad Ciudadana de Campeche anunci\u00f3 la detenci\u00f3n de dos objetivos de importancia federal en un operativo llevado a cabo en el municipio de Champot\u00f3n. Se trata de Jos\u00e9 Roberto S\u00e1nchez Cortes \u201cEl 80\u201d&#8230; <\/p>\n<div class=\"clear\"><\/div>\n<p><a href=\"https:\/\/plumanegranoticias.com\/?p=11403\" class=\"excerpt-read-more\">Read More<i class=\"fa fa-caret-right icon-caret-right\"><\/i><\/a><\/p>\n","protected":false},"author":2,"featured_media":11405,"comment_status":"open","ping_status":"open","sticky":false,"template":"","format":"standard","meta":{"om_disable_all_campaigns":false,"_monsterinsights_skip_tracking":false,"_monsterinsights_sitenote_active":false,"_monsterinsights_sitenote_note":"","_monsterinsights_sitenote_category":0,"_uf_show_specific_survey":0,"_uf_disable_surveys":false,"footnotes":""},"categories":[16,67,8,12],"tags":[30,34,19,63,25,40],"class_list":["post-11403","post","type-post","status-publish","format-standard","has-post-thumbnail","hentry","category-plumazos","category-policiaca","category-politica","category-regional","tag-plumazos","tag-policiaca","tag-regional","tag-roja","tag-sociales","tag-videos"],"aioseo_notices":[],"_links":{"self":[{"href":"https:\/\/plumanegranoticias.com\/index.php?rest_route=\/wp\/v2\/posts\/11403","targetHints":{"allow":["GET"]}}],"collection":[{"href":"https:\/\/plumanegranoticias.com\/index.php?rest_route=\/wp\/v2\/posts"}],"about":[{"href":"https:\/\/plumanegranoticias.com\/index.php?rest_route=\/wp\/v2\/types\/post"}],"author":[{"embeddable":true,"href":"https:\/\/plumanegranoticias.com\/index.php?rest_route=\/wp\/v2\/users\/2"}],"replies":[{"embeddable":true,"href":"https:\/\/plumanegranoticias.com\/index.php?rest_route=%2Fwp%2Fv2%2Fcomments&post=11403"}],"version-history":[{"count":1,"href":"https:\/\/plumanegranoticias.com\/index.php?rest_route=\/wp\/v2\/posts\/11403\/revisions"}],"predecessor-version":[{"id":11404,"href":"https:\/\/plumanegranoticias.com\/index.php?rest_route=\/wp\/v2\/posts\/11403\/revisions\/11404"}],"wp:featuredmedia":[{"embeddable":true,"href":"https:\/\/plumanegranoticias.com\/index.php?rest_route=\/wp\/v2\/media\/11405"}],"wp:attachment":[{"href":"https:\/\/plumanegranoticias.com\/index.php?rest_route=%2Fwp%2Fv2%2Fmedia&parent=11403"}],"wp:term":[{"taxonomy":"category","embeddable":true,"href":"https:\/\/plumanegranoticias.com\/index.php?rest_route=%2Fwp%2Fv2%2Fcategories&post=11403"},{"taxonomy":"post_tag","embeddable":true,"href":"https:\/\/plumanegranoticias.com\/index.php?rest_route=%2Fwp%2Fv2%2Ftags&post=11403"}],"curies":[{"name":"wp","href":"https:\/\/api.w.org\/{rel}","templated":true}]}}