{"id":11411,"date":"2025-08-14T10:12:00","date_gmt":"2025-08-14T16:12:00","guid":{"rendered":"https:\/\/plumanegranoticias.com\/?p=11411"},"modified":"2025-08-14T10:12:47","modified_gmt":"2025-08-14T16:12:47","slug":"asesinan-a-director-del-penal-de-la-toma","status":"publish","type":"post","link":"https:\/\/plumanegranoticias.com\/?p=11411","title":{"rendered":"Asesinan a Director del Penal de la Toma"},"content":{"rendered":"\n<p>Los asesinos huyen<\/p>\n\n\n\n<p>Al menos dos sujetos participaron el ataque armado en contra del Director de El Penal de Mediana Seguridad de La Toma, Ren\u00e9 Vergara Vergara, que se ubica en Amatl\u00e1n de los Reyes, conurbado con C\u00f3rdoba.<\/p>\n\n\n\n<p>Los hechos ocurrieron alrededor de las 9:00 horas, y se gener\u00f3 una fuerte movilizaci\u00f3n polic\u00edal por parte de elementos estatales y municipales de la Polic\u00eda,&nbsp; asi como ministeriales en el fraccionamiento Villa Verde en C\u00f3rdoba.<\/p>\n\n\n\n<p>Los hombres armados atacaron una camioneta tipo VAN oficial de las conocidas como &#8220;perreras&#8221;, en d\u00f3nde hacen los traslados de reos y que en 3se momento era ocupada por el Director Vergara Vergara.<\/p>\n\n\n\n<figure class=\"wp-block-image size-large\"><img loading=\"lazy\" decoding=\"async\" width=\"640\" height=\"1024\" src=\"https:\/\/plumanegranoticias.com\/wp-content\/uploads\/2025\/08\/img-20250814-wa00604972674791608411028-640x1024.jpg\" alt=\"\" class=\"wp-image-11414\" srcset=\"https:\/\/plumanegranoticias.com\/wp-content\/uploads\/2025\/08\/img-20250814-wa00604972674791608411028-640x1024.jpg 640w, https:\/\/plumanegranoticias.com\/wp-content\/uploads\/2025\/08\/img-20250814-wa00604972674791608411028-188x300.jpg 188w, https:\/\/plumanegranoticias.com\/wp-content\/uploads\/2025\/08\/img-20250814-wa00604972674791608411028.jpg 720w\" sizes=\"auto, (max-width: 640px) 100vw, 640px\" \/><\/figure>\n","protected":false},"excerpt":{"rendered":"<p>Los asesinos huyen Al menos dos sujetos participaron el ataque armado en contra del Director de El Penal de Mediana Seguridad de La Toma, Ren\u00e9 Vergara Vergara, que se ubica en Amatl\u00e1n de los Reyes, conurbado con C\u00f3rdoba. Los hechos ocurrieron alrededor de las 9:00 horas, y se gener\u00f3 una fuerte movilizaci\u00f3n polic\u00edal por parte&#8230; <\/p>\n<div class=\"clear\"><\/div>\n<p><a href=\"https:\/\/plumanegranoticias.com\/?p=11411\" class=\"excerpt-read-more\">Read More<i class=\"fa fa-caret-right icon-caret-right\"><\/i><\/a><\/p>\n","protected":false},"author":2,"featured_media":11413,"comment_status":"open","ping_status":"open","sticky":false,"template":"","format":"standard","meta":{"om_disable_all_campaigns":false,"_monsterinsights_skip_tracking":false,"_monsterinsights_sitenote_active":false,"_monsterinsights_sitenote_note":"","_monsterinsights_sitenote_category":0,"_uf_show_specific_survey":0,"_uf_disable_surveys":false,"footnotes":""},"categories":[13,16,67,8,12],"tags":[22,18,30],"class_list":["post-11411","post","type-post","status-publish","format-standard","has-post-thumbnail","hentry","category-nota-roja","category-plumazos","category-policiaca","category-politica","category-regional","tag-nota-roja","tag-noticia","tag-plumazos"],"aioseo_notices":[],"_links":{"self":[{"href":"https:\/\/plumanegranoticias.com\/index.php?rest_route=\/wp\/v2\/posts\/11411","targetHints":{"allow":["GET"]}}],"collection":[{"href":"https:\/\/plumanegranoticias.com\/index.php?rest_route=\/wp\/v2\/posts"}],"about":[{"href":"https:\/\/plumanegranoticias.com\/index.php?rest_route=\/wp\/v2\/types\/post"}],"author":[{"embeddable":true,"href":"https:\/\/plumanegranoticias.com\/index.php?rest_route=\/wp\/v2\/users\/2"}],"replies":[{"embeddable":true,"href":"https:\/\/plumanegranoticias.com\/index.php?rest_route=%2Fwp%2Fv2%2Fcomments&post=11411"}],"version-history":[{"count":2,"href":"https:\/\/plumanegranoticias.com\/index.php?rest_route=\/wp\/v2\/posts\/11411\/revisions"}],"predecessor-version":[{"id":11415,"href":"https:\/\/plumanegranoticias.com\/index.php?rest_route=\/wp\/v2\/posts\/11411\/revisions\/11415"}],"wp:featuredmedia":[{"embeddable":true,"href":"https:\/\/plumanegranoticias.com\/index.php?rest_route=\/wp\/v2\/media\/11413"}],"wp:attachment":[{"href":"https:\/\/plumanegranoticias.com\/index.php?rest_route=%2Fwp%2Fv2%2Fmedia&parent=11411"}],"wp:term":[{"taxonomy":"category","embeddable":true,"href":"https:\/\/plumanegranoticias.com\/index.php?rest_route=%2Fwp%2Fv2%2Fcategories&post=11411"},{"taxonomy":"post_tag","embeddable":true,"href":"https:\/\/plumanegranoticias.com\/index.php?rest_route=%2Fwp%2Fv2%2Ftags&post=11411"}],"curies":[{"name":"wp","href":"https:\/\/api.w.org\/{rel}","templated":true}]}}