{"id":11479,"date":"2025-08-20T12:22:55","date_gmt":"2025-08-20T18:22:55","guid":{"rendered":"https:\/\/plumanegranoticias.com\/?p=11479"},"modified":"2025-08-20T12:23:59","modified_gmt":"2025-08-20T18:23:59","slug":"buscan-promover-el-talento-de-canto-y-baile-veracruzano-a-nivel-internacional","status":"publish","type":"post","link":"https:\/\/plumanegranoticias.com\/?p=11479","title":{"rendered":"Buscan promover el talento de canto y baile veracruzano a nivel internacional"},"content":{"rendered":"\n<p>Alejandro \u00c1vila<\/p>\n\n\n\n<p>Veracruz, Ver.- Con el objetivo de descubrir nuevos talentos veracruzanos con la capacidad de llegar a niveles nacionales e internacionales, la Academia Studio 74 Ricky David &amp; Emmanuel Lara y The Party Show, anuncian el concurso de canto: \u201cQue tu voz haga Eco\u201d\u2026 Recuperando la confianza de los talentos Veracruzanos.<\/p>\n\n\n\n<p>La convocatoria est\u00e1 abierta desde este momento para ni\u00f1os, j\u00f3venes y adultos entre las edades de 10 a 90 a\u00f1os y el g\u00e9nero a interpretar es libre.<\/p>\n\n\n\n<p>La Academia Studio 74 Ricky David &amp; Emmanuel Lara y The Party Show dan a conocer que los interesados deber\u00e1n mandar un video de un minuto m\u00e1ximo interpretando una canci\u00f3n. La fecha l\u00edmite para enviarlo es el 31 de agosto.<\/p>\n\n\n\n<p>Se seleccionar\u00e1n los mejores 25 participantes. Habr\u00e1 una eliminatoria el s\u00e1bado 4 de octubre y la gran final el 25 de ese mismo mes, a las 6 de la tarde.<\/p>\n\n\n\n<p>El jurado estar\u00e1 integrado por expertos conocedores en canto, baile, desplazamiento esc\u00e9nico.<\/p>\n\n\n\n<p>Si est\u00e1s interesado en mostrar tu talento al mundo, no pierdas la oportunidad de participar en el concurso \u201cQue tu voz haga Eco\u201d\u2026 Recuperando la confianza de los talentos Veracruzanos\u201d.<\/p>\n\n\n\n<p>Informes: 229 225 5288<br \/>Facebook, IG, TikTok: @Studio74RickyDavid<\/p>\n\n\n\n<figure class=\"wp-block-image size-large\"><img loading=\"lazy\" decoding=\"async\" width=\"1024\" height=\"768\" src=\"https:\/\/plumanegranoticias.com\/wp-content\/uploads\/2025\/08\/img-20250820-wa0114427744590450191615-1024x768.jpg\" alt=\"\" class=\"wp-image-11478\" srcset=\"https:\/\/plumanegranoticias.com\/wp-content\/uploads\/2025\/08\/img-20250820-wa0114427744590450191615-1024x768.jpg 1024w, https:\/\/plumanegranoticias.com\/wp-content\/uploads\/2025\/08\/img-20250820-wa0114427744590450191615-300x225.jpg 300w, https:\/\/plumanegranoticias.com\/wp-content\/uploads\/2025\/08\/img-20250820-wa0114427744590450191615-768x576.jpg 768w, https:\/\/plumanegranoticias.com\/wp-content\/uploads\/2025\/08\/img-20250820-wa0114427744590450191615-1536x1152.jpg 1536w, https:\/\/plumanegranoticias.com\/wp-content\/uploads\/2025\/08\/img-20250820-wa0114427744590450191615-400x300.jpg 400w, https:\/\/plumanegranoticias.com\/wp-content\/uploads\/2025\/08\/img-20250820-wa0114427744590450191615.jpg 1600w\" sizes=\"auto, (max-width: 1024px) 100vw, 1024px\" \/><\/figure>\n","protected":false},"excerpt":{"rendered":"<p>Alejandro \u00c1vila Veracruz, Ver.- Con el objetivo de descubrir nuevos talentos veracruzanos con la capacidad de llegar a niveles nacionales e internacionales, la Academia Studio 74 Ricky David &amp; Emmanuel Lara y The Party Show, anuncian el concurso de canto: \u201cQue tu voz haga Eco\u201d\u2026 Recuperando la confianza de los talentos Veracruzanos. La convocatoria est\u00e1&#8230; <\/p>\n<div class=\"clear\"><\/div>\n<p><a href=\"https:\/\/plumanegranoticias.com\/?p=11479\" class=\"excerpt-read-more\">Read More<i class=\"fa fa-caret-right icon-caret-right\"><\/i><\/a><\/p>\n","protected":false},"author":2,"featured_media":11477,"comment_status":"open","ping_status":"open","sticky":false,"template":"","format":"standard","meta":{"om_disable_all_campaigns":false,"_monsterinsights_skip_tracking":false,"_monsterinsights_sitenote_active":false,"_monsterinsights_sitenote_note":"","_monsterinsights_sitenote_category":0,"_uf_show_specific_survey":0,"_uf_disable_surveys":false,"footnotes":""},"categories":[67,8,12],"tags":[22,18],"class_list":["post-11479","post","type-post","status-publish","format-standard","has-post-thumbnail","hentry","category-policiaca","category-politica","category-regional","tag-nota-roja","tag-noticia"],"aioseo_notices":[],"_links":{"self":[{"href":"https:\/\/plumanegranoticias.com\/index.php?rest_route=\/wp\/v2\/posts\/11479","targetHints":{"allow":["GET"]}}],"collection":[{"href":"https:\/\/plumanegranoticias.com\/index.php?rest_route=\/wp\/v2\/posts"}],"about":[{"href":"https:\/\/plumanegranoticias.com\/index.php?rest_route=\/wp\/v2\/types\/post"}],"author":[{"embeddable":true,"href":"https:\/\/plumanegranoticias.com\/index.php?rest_route=\/wp\/v2\/users\/2"}],"replies":[{"embeddable":true,"href":"https:\/\/plumanegranoticias.com\/index.php?rest_route=%2Fwp%2Fv2%2Fcomments&post=11479"}],"version-history":[{"count":1,"href":"https:\/\/plumanegranoticias.com\/index.php?rest_route=\/wp\/v2\/posts\/11479\/revisions"}],"predecessor-version":[{"id":11480,"href":"https:\/\/plumanegranoticias.com\/index.php?rest_route=\/wp\/v2\/posts\/11479\/revisions\/11480"}],"wp:featuredmedia":[{"embeddable":true,"href":"https:\/\/plumanegranoticias.com\/index.php?rest_route=\/wp\/v2\/media\/11477"}],"wp:attachment":[{"href":"https:\/\/plumanegranoticias.com\/index.php?rest_route=%2Fwp%2Fv2%2Fmedia&parent=11479"}],"wp:term":[{"taxonomy":"category","embeddable":true,"href":"https:\/\/plumanegranoticias.com\/index.php?rest_route=%2Fwp%2Fv2%2Fcategories&post=11479"},{"taxonomy":"post_tag","embeddable":true,"href":"https:\/\/plumanegranoticias.com\/index.php?rest_route=%2Fwp%2Fv2%2Ftags&post=11479"}],"curies":[{"name":"wp","href":"https:\/\/api.w.org\/{rel}","templated":true}]}}