{"id":11483,"date":"2025-08-20T12:25:18","date_gmt":"2025-08-20T18:25:18","guid":{"rendered":"https:\/\/plumanegranoticias.com\/?p=11483"},"modified":"2025-08-20T12:26:19","modified_gmt":"2025-08-20T18:26:19","slug":"el-29-de-noviembre-maria-jose-traera-su-tour-ahora-o-nunca-a-veracruz","status":"publish","type":"post","link":"https:\/\/plumanegranoticias.com\/?p=11483","title":{"rendered":"El 29 de noviembre Mar\u00eda Jos\u00e9 traer\u00e1 su tour \u201cAhora o Nunca\u201d a Veracruz"},"content":{"rendered":"\n<p>Alejandro \u00c1vila<\/p>\n\n\n\n<p>Veracruz, Ver.- La cantante Mar\u00eda Jos\u00e9, conocida cari\u00f1osamente como &#8220;La Josa&#8221;, se presentar\u00e1 en el Auditorio Benito Ju\u00e1rez de Veracruz el s\u00e1bado 29 de noviembre, como parte de su gira &#8220;Ahora o Nunca&#8221;.<\/p>\n\n\n\n<p>En este concierto, Mar\u00eda Jos\u00e9 interpretar\u00e1 temas de su m\u00e1s reciente EP, as\u00ed como sus \u00e9xitos anteriores, prometiendo una noche inolvidable para sus seguidores y fans.<\/p>\n\n\n\n<p>La gira &#8220;Ahora o Nunca&#8221; busca conectar con la audiencia a trav\u00e9s de letras profundas y melod\u00edas envolventes, mostrando las diferentes facetas del amor. Mar\u00eda Jos\u00e9 es conocida por su poderosa voz y su capacidad para transmitir emociones a trav\u00e9s de su m\u00fasica.<\/p>\n\n\n\n<p>Los fans de Mar\u00eda Jos\u00e9 no desaprovechar\u00e1n la oportunidad de ovacionar y corear sus canciones, ya que &#8220;La Josa&#8221; es una artista que ha conquistado el coraz\u00f3n de muchos con su m\u00fasica. El concierto promete ser una experiencia \u00fanica y emocionante para todos los asistentes; boletos a la venta a trav\u00e9s de la plataforma de E Ticket.<\/p>\n\n\n\n<figure class=\"wp-block-image size-large\"><img loading=\"lazy\" decoding=\"async\" width=\"300\" height=\"300\" src=\"https:\/\/plumanegranoticias.com\/wp-content\/uploads\/2025\/08\/img-20250820-wa01178092937676008557287-300x300.jpg\" alt=\"\" class=\"wp-image-11482\" srcset=\"https:\/\/plumanegranoticias.com\/wp-content\/uploads\/2025\/08\/img-20250820-wa01178092937676008557287-300x300.jpg 300w, https:\/\/plumanegranoticias.com\/wp-content\/uploads\/2025\/08\/img-20250820-wa01178092937676008557287-150x150.jpg 150w, https:\/\/plumanegranoticias.com\/wp-content\/uploads\/2025\/08\/img-20250820-wa01178092937676008557287-400x400.jpg 400w, https:\/\/plumanegranoticias.com\/wp-content\/uploads\/2025\/08\/img-20250820-wa01178092937676008557287.jpg 554w\" sizes=\"auto, (max-width: 300px) 100vw, 300px\" \/><\/figure>\n","protected":false},"excerpt":{"rendered":"<p>Alejandro \u00c1vila Veracruz, Ver.- La cantante Mar\u00eda Jos\u00e9, conocida cari\u00f1osamente como &#8220;La Josa&#8221;, se presentar\u00e1 en el Auditorio Benito Ju\u00e1rez de Veracruz el s\u00e1bado 29 de noviembre, como parte de su gira &#8220;Ahora o Nunca&#8221;. En este concierto, Mar\u00eda Jos\u00e9 interpretar\u00e1 temas de su m\u00e1s reciente EP, as\u00ed como sus \u00e9xitos anteriores, prometiendo una noche&#8230; <\/p>\n<div class=\"clear\"><\/div>\n<p><a href=\"https:\/\/plumanegranoticias.com\/?p=11483\" class=\"excerpt-read-more\">Read More<i class=\"fa fa-caret-right icon-caret-right\"><\/i><\/a><\/p>\n","protected":false},"author":2,"featured_media":11481,"comment_status":"open","ping_status":"open","sticky":false,"template":"","format":"standard","meta":{"om_disable_all_campaigns":false,"_monsterinsights_skip_tracking":false,"_monsterinsights_sitenote_active":false,"_monsterinsights_sitenote_note":"","_monsterinsights_sitenote_category":0,"_uf_show_specific_survey":0,"_uf_disable_surveys":false,"footnotes":""},"categories":[16,67,8],"tags":[20,18],"class_list":["post-11483","post","type-post","status-publish","format-standard","has-post-thumbnail","hentry","category-plumazos","category-policiaca","category-politica","tag-negocios","tag-noticia"],"aioseo_notices":[],"_links":{"self":[{"href":"https:\/\/plumanegranoticias.com\/index.php?rest_route=\/wp\/v2\/posts\/11483","targetHints":{"allow":["GET"]}}],"collection":[{"href":"https:\/\/plumanegranoticias.com\/index.php?rest_route=\/wp\/v2\/posts"}],"about":[{"href":"https:\/\/plumanegranoticias.com\/index.php?rest_route=\/wp\/v2\/types\/post"}],"author":[{"embeddable":true,"href":"https:\/\/plumanegranoticias.com\/index.php?rest_route=\/wp\/v2\/users\/2"}],"replies":[{"embeddable":true,"href":"https:\/\/plumanegranoticias.com\/index.php?rest_route=%2Fwp%2Fv2%2Fcomments&post=11483"}],"version-history":[{"count":1,"href":"https:\/\/plumanegranoticias.com\/index.php?rest_route=\/wp\/v2\/posts\/11483\/revisions"}],"predecessor-version":[{"id":11484,"href":"https:\/\/plumanegranoticias.com\/index.php?rest_route=\/wp\/v2\/posts\/11483\/revisions\/11484"}],"wp:featuredmedia":[{"embeddable":true,"href":"https:\/\/plumanegranoticias.com\/index.php?rest_route=\/wp\/v2\/media\/11481"}],"wp:attachment":[{"href":"https:\/\/plumanegranoticias.com\/index.php?rest_route=%2Fwp%2Fv2%2Fmedia&parent=11483"}],"wp:term":[{"taxonomy":"category","embeddable":true,"href":"https:\/\/plumanegranoticias.com\/index.php?rest_route=%2Fwp%2Fv2%2Fcategories&post=11483"},{"taxonomy":"post_tag","embeddable":true,"href":"https:\/\/plumanegranoticias.com\/index.php?rest_route=%2Fwp%2Fv2%2Ftags&post=11483"}],"curies":[{"name":"wp","href":"https:\/\/api.w.org\/{rel}","templated":true}]}}