{"id":11514,"date":"2025-08-21T12:45:43","date_gmt":"2025-08-21T18:45:43","guid":{"rendered":"https:\/\/plumanegranoticias.com\/?p=11514"},"modified":"2025-08-21T12:46:01","modified_gmt":"2025-08-21T18:46:01","slug":"fiscalia-regional-vincula-a-proceso-a-un-objetivo-prioritario-de-acultzingo-y-maltrata-por-homicidio-doloso-calificado","status":"publish","type":"post","link":"https:\/\/plumanegranoticias.com\/?p=11514","title":{"rendered":"FISCAL\u00cdA REGIONAL VINCULA A PROCESO A UN OBJETIVO PRIORITARIO DE ACULTZINGO Y MALTRATA, POR HOMICIDIO DOLOSO CALIFICADO."},"content":{"rendered":"\n<p class=\"MsoNormal\"><strong>&nbsp;<\/strong><\/p>\n\n\n\n<p class=\"MsoNormal\">Ratifica prisi\u00f3n preventiva oficiosa.<\/p>\n\n\n\n<ul class=\"wp-block-list\">\n<li><\/li>\n<\/ul>\n\n\n\n<p class=\"MsoNormal\">Nogales, Ver., 21 de agosto de 2025.-La Fiscal\u00eda Regional C\u00f3rdoba obtuvo vinculaci\u00f3n a proceso en contra de Francisco \u201cN\u201d, considerado un objetivo prioritario en las zonas de Acultzingo y Maltrata, como probable responsable del delito de homicidio doloso calificado, cometido en agravio de la v\u00edctima R.A.H.<\/p>\n\n\n\n<p class=\"MsoNormal\">Los hechos ocurrieron el 28 de noviembre de 2022, en las inmediaciones de un establecimiento comercial ubicado en la colonia Centro del municipio de Maltrata, cuando a bordo de una motocicleta, probablemente accion\u00f3 un arma de fuego en contra de la v\u00edctima, quien perdi\u00f3 la vida por las lesiones producidas.<\/p>\n\n\n\n<p class=\"MsoNormal\">Cabe mencionar que el imputado enfrenta otro proceso penal como presunto responsable del delito de sedici\u00f3n.<\/p>\n\n\n\n<p class=\"MsoNormal\">El juez ratific\u00f3 la medida cautelar de prisi\u00f3n preventiva oficiosa, dentro del proceso penal 151\/2025.<\/p>\n\n\n\n<figure class=\"wp-block-image size-large\"><img loading=\"lazy\" decoding=\"async\" width=\"1024\" height=\"1024\" src=\"https:\/\/plumanegranoticias.com\/wp-content\/uploads\/2025\/08\/img-20250821-wa01211445275343505721679-1024x1024.jpg\" alt=\"\" class=\"wp-image-11513\" srcset=\"https:\/\/plumanegranoticias.com\/wp-content\/uploads\/2025\/08\/img-20250821-wa01211445275343505721679-1024x1024.jpg 1024w, https:\/\/plumanegranoticias.com\/wp-content\/uploads\/2025\/08\/img-20250821-wa01211445275343505721679-300x300.jpg 300w, https:\/\/plumanegranoticias.com\/wp-content\/uploads\/2025\/08\/img-20250821-wa01211445275343505721679-150x150.jpg 150w, https:\/\/plumanegranoticias.com\/wp-content\/uploads\/2025\/08\/img-20250821-wa01211445275343505721679-768x768.jpg 768w, https:\/\/plumanegranoticias.com\/wp-content\/uploads\/2025\/08\/img-20250821-wa01211445275343505721679-400x400.jpg 400w, https:\/\/plumanegranoticias.com\/wp-content\/uploads\/2025\/08\/img-20250821-wa01211445275343505721679.jpg 1200w\" sizes=\"auto, (max-width: 1024px) 100vw, 1024px\" \/><\/figure>\n\n\n\n<figure class=\"wp-block-image\"><img decoding=\"async\" src=\"file:\/\/\/data\/user\/0\/com.microsoft.office.word\/files\/temp\/msohtmlclip\/clip_image002.png\" alt=\"\"\/><\/figure>\n\n\n\n<figure class=\"wp-block-image\"><img decoding=\"async\" src=\"file:\/\/\/data\/user\/0\/com.microsoft.office.word\/files\/temp\/msohtmlclip\/clip_image004.jpg\" alt=\"\"\/><\/figure>\n","protected":false},"excerpt":{"rendered":"<p>&nbsp; Ratifica prisi\u00f3n preventiva oficiosa. Nogales, Ver., 21 de agosto de 2025.-La Fiscal\u00eda Regional C\u00f3rdoba obtuvo vinculaci\u00f3n a proceso en contra de Francisco \u201cN\u201d, considerado un objetivo prioritario en las zonas de Acultzingo y Maltrata, como probable responsable del delito de homicidio doloso calificado, cometido en agravio de la v\u00edctima R.A.H. Los hechos ocurrieron el&#8230; <\/p>\n<div class=\"clear\"><\/div>\n<p><a href=\"https:\/\/plumanegranoticias.com\/?p=11514\" class=\"excerpt-read-more\">Read More<i class=\"fa fa-caret-right icon-caret-right\"><\/i><\/a><\/p>\n","protected":false},"author":2,"featured_media":11516,"comment_status":"open","ping_status":"open","sticky":false,"template":"","format":"standard","meta":{"om_disable_all_campaigns":false,"_monsterinsights_skip_tracking":false,"_monsterinsights_sitenote_active":false,"_monsterinsights_sitenote_note":"","_monsterinsights_sitenote_category":0,"_uf_show_specific_survey":0,"_uf_disable_surveys":false,"footnotes":""},"categories":[8,12],"tags":[22,18,30],"class_list":["post-11514","post","type-post","status-publish","format-standard","has-post-thumbnail","hentry","category-politica","category-regional","tag-nota-roja","tag-noticia","tag-plumazos"],"aioseo_notices":[],"_links":{"self":[{"href":"https:\/\/plumanegranoticias.com\/index.php?rest_route=\/wp\/v2\/posts\/11514","targetHints":{"allow":["GET"]}}],"collection":[{"href":"https:\/\/plumanegranoticias.com\/index.php?rest_route=\/wp\/v2\/posts"}],"about":[{"href":"https:\/\/plumanegranoticias.com\/index.php?rest_route=\/wp\/v2\/types\/post"}],"author":[{"embeddable":true,"href":"https:\/\/plumanegranoticias.com\/index.php?rest_route=\/wp\/v2\/users\/2"}],"replies":[{"embeddable":true,"href":"https:\/\/plumanegranoticias.com\/index.php?rest_route=%2Fwp%2Fv2%2Fcomments&post=11514"}],"version-history":[{"count":2,"href":"https:\/\/plumanegranoticias.com\/index.php?rest_route=\/wp\/v2\/posts\/11514\/revisions"}],"predecessor-version":[{"id":11517,"href":"https:\/\/plumanegranoticias.com\/index.php?rest_route=\/wp\/v2\/posts\/11514\/revisions\/11517"}],"wp:featuredmedia":[{"embeddable":true,"href":"https:\/\/plumanegranoticias.com\/index.php?rest_route=\/wp\/v2\/media\/11516"}],"wp:attachment":[{"href":"https:\/\/plumanegranoticias.com\/index.php?rest_route=%2Fwp%2Fv2%2Fmedia&parent=11514"}],"wp:term":[{"taxonomy":"category","embeddable":true,"href":"https:\/\/plumanegranoticias.com\/index.php?rest_route=%2Fwp%2Fv2%2Fcategories&post=11514"},{"taxonomy":"post_tag","embeddable":true,"href":"https:\/\/plumanegranoticias.com\/index.php?rest_route=%2Fwp%2Fv2%2Ftags&post=11514"}],"curies":[{"name":"wp","href":"https:\/\/api.w.org\/{rel}","templated":true}]}}