{"id":11523,"date":"2025-08-21T13:19:32","date_gmt":"2025-08-21T19:19:32","guid":{"rendered":"https:\/\/plumanegranoticias.com\/?p=11523"},"modified":"2025-08-22T10:03:56","modified_gmt":"2025-08-22T16:03:56","slug":"tres-personas-son-detenidas-por-homicidio-doloso-calificado-en-atoyac-veracruz","status":"publish","type":"post","link":"https:\/\/plumanegranoticias.com\/?p=11523","title":{"rendered":"Tres Personas Son Detenidas por Homicidio Doloso Calificado en Atoyac, Veracruz"},"content":{"rendered":"\n<p>Gerardo Luna<br \/>C\u00f3rdoba, Ver.- Autoridades ministeriales informaron sobre la detenci\u00f3n de tres personas presuntamente involucradas en un caso de homicidio doloso calificado, registrado en el municipio de Atoyac.<\/p>\n\n\n\n<p>La aprehensi\u00f3n fue ejecutada por elementos de la Polic\u00eda Ministerial durante la ma\u00f1ana de este jueves.<\/p>\n\n\n\n<p>Los detenidos han sido identificados como Juana Socorro \u201cN\u201d, alias \u201cLa China\u201d; Williams Cano \u201cM\u201d; y Alejandro Albino \u201cN\u201d. A los tres se les se\u00f1ala como presuntos responsables del asesinato de Cristina Ladino Romero y Julio C\u00e9sar Teozol Flores, cuyos cuerpos fueron hallados sin vida y con visibles huellas de violencia extrema.<\/p>\n\n\n\n<p>De acuerdo con el informe oficial emitido por la Fiscal\u00eda General del Estado, los cuerpos fueron localizados en una zanja situada junto a una brecha conocida como &#8220;Catemaco&#8221;, en el municipio de Atoyac.<\/p>\n\n\n\n<p>El hallazgo fue reportado por un campesino que transitaba por la zona tras concluir su jornada de corte de ca\u00f1a.<\/p>\n\n\n\n<p>Al percatarse de la presencia de aves carro\u00f1eras, se aproxim\u00f3 y descubri\u00f3 los restos humanos, por lo que notific\u00f3 de inmediato a las autoridades.<\/p>\n\n\n\n<p>Al arribar al sitio, elementos de la Polic\u00eda Ministerial confirmaron la presencia de dos cuerpos, uno de ellos decapitado.<\/p>\n\n\n\n<p>Ambos cad\u00e1veres se encontraban parcialmente cubiertos por tierra y vegetaci\u00f3n, dentro de una zanja localizada entre campos de ca\u00f1a de az\u00facar.<\/p>\n\n\n\n<p>Las v\u00edctimas fueron identificadas como Julio C\u00e9sar Teozol Flores, de 26 a\u00f1os, originario del poblado Paraje Nuevo y actualmente desempleado; y Cristina Ladino Romero, de 27 a\u00f1os, residente de la colonia La Playa, tambi\u00e9n en Paraje Nuevo.<\/p>\n\n\n\n<p>Al momento de ser localizados, ambos vest\u00edan prendas similares: playera negra y pantal\u00f3n de mezclilla.<\/p>\n\n\n\n<p>Tras la identificaci\u00f3n de los cuerpos y el levantamiento de indicios en el lugar del crimen, la Fiscal\u00eda abri\u00f3 la Carpeta de Investigaci\u00f3n n\u00famero 030\/2025, con la cual se dio seguimiento al caso.<\/p>\n\n\n\n<p>Las indagatorias condujeron a la emisi\u00f3n de \u00f3rdenes de aprehensi\u00f3n en contra de los tres presuntos responsables.<\/p>\n\n\n\n<p>Una vez capturados, los imputados fueron trasladados a la sala de juicios orales, donde se celebr\u00f3 la audiencia inicial ante un juez de control.<\/p>\n\n\n\n<p>Durante esta diligencia, el ministerio p\u00fablico realiz\u00f3 la imputaci\u00f3n formal del delito de homicidio doloso calificado.<\/p>\n\n\n\n<p>El juez determin\u00f3 imponer la medida cautelar de prisi\u00f3n preventiva oficiosa, por lo que los tres detenidos fueron ingresados al Centro de Reinserci\u00f3n Social de mediana seguridad \u201cLa Toma\u201d, ubicado en el municipio de Amatl\u00e1n de los Reyes.<\/p>\n\n\n\n<p>La Fiscal\u00eda General del Estado inform\u00f3 que la investigaci\u00f3n contin\u00faa en curso, y que ser\u00e1 en las pr\u00f3ximas etapas procesales donde se determinar\u00e1 la responsabilidad legal de cada uno de los imputados, conforme a lo establecido en el C\u00f3digo Nacional de Procedimientos Penales.<\/p>\n\n\n\n<p>Las autoridades reiteraron su compromiso con el esclarecimiento de los hechos y la aplicaci\u00f3n de la justicia, as\u00ed como con el respeto pleno a los derechos humanos durante todo el proceso legal.<\/p>\n\n\n\n<p>Este lamentable hecho ha generado consternaci\u00f3n en la comunidad de Atoyac y sus alrededores, donde las v\u00edctimas eran ampliamente conocidas.<\/p>\n\n\n\n<figure class=\"wp-block-image size-large\"><img loading=\"lazy\" decoding=\"async\" width=\"1024\" height=\"1024\" src=\"https:\/\/plumanegranoticias.com\/wp-content\/uploads\/2025\/08\/img-20250821-wa01348762773173213591834-1024x1024.jpg\" alt=\"\" class=\"wp-image-11522\" srcset=\"https:\/\/plumanegranoticias.com\/wp-content\/uploads\/2025\/08\/img-20250821-wa01348762773173213591834-1024x1024.jpg 1024w, https:\/\/plumanegranoticias.com\/wp-content\/uploads\/2025\/08\/img-20250821-wa01348762773173213591834-300x300.jpg 300w, https:\/\/plumanegranoticias.com\/wp-content\/uploads\/2025\/08\/img-20250821-wa01348762773173213591834-150x150.jpg 150w, https:\/\/plumanegranoticias.com\/wp-content\/uploads\/2025\/08\/img-20250821-wa01348762773173213591834-768x768.jpg 768w, https:\/\/plumanegranoticias.com\/wp-content\/uploads\/2025\/08\/img-20250821-wa01348762773173213591834-1536x1536.jpg 1536w, https:\/\/plumanegranoticias.com\/wp-content\/uploads\/2025\/08\/img-20250821-wa01348762773173213591834-400x400.jpg 400w, https:\/\/plumanegranoticias.com\/wp-content\/uploads\/2025\/08\/img-20250821-wa01348762773173213591834.jpg 1600w\" sizes=\"auto, (max-width: 1024px) 100vw, 1024px\" \/><\/figure>\n","protected":false},"excerpt":{"rendered":"<p>Gerardo LunaC\u00f3rdoba, Ver.- Autoridades ministeriales informaron sobre la detenci\u00f3n de tres personas presuntamente involucradas en un caso de homicidio doloso calificado, registrado en el municipio de Atoyac. La aprehensi\u00f3n fue ejecutada por elementos de la Polic\u00eda Ministerial durante la ma\u00f1ana de este jueves. Los detenidos han sido identificados como Juana Socorro \u201cN\u201d, alias \u201cLa China\u201d;&#8230; <\/p>\n<div class=\"clear\"><\/div>\n<p><a href=\"https:\/\/plumanegranoticias.com\/?p=11523\" class=\"excerpt-read-more\">Read More<i class=\"fa fa-caret-right icon-caret-right\"><\/i><\/a><\/p>\n","protected":false},"author":2,"featured_media":11525,"comment_status":"open","ping_status":"open","sticky":false,"template":"","format":"standard","meta":{"om_disable_all_campaigns":false,"_monsterinsights_skip_tracking":false,"_monsterinsights_sitenote_active":false,"_monsterinsights_sitenote_note":"","_monsterinsights_sitenote_category":0,"_uf_show_specific_survey":0,"_uf_disable_surveys":false,"footnotes":""},"categories":[13,67,8,12],"tags":[34,61,19],"class_list":["post-11523","post","type-post","status-publish","format-standard","has-post-thumbnail","hentry","category-nota-roja","category-policiaca","category-politica","category-regional","tag-policiaca","tag-politica","tag-regional"],"aioseo_notices":[],"_links":{"self":[{"href":"https:\/\/plumanegranoticias.com\/index.php?rest_route=\/wp\/v2\/posts\/11523","targetHints":{"allow":["GET"]}}],"collection":[{"href":"https:\/\/plumanegranoticias.com\/index.php?rest_route=\/wp\/v2\/posts"}],"about":[{"href":"https:\/\/plumanegranoticias.com\/index.php?rest_route=\/wp\/v2\/types\/post"}],"author":[{"embeddable":true,"href":"https:\/\/plumanegranoticias.com\/index.php?rest_route=\/wp\/v2\/users\/2"}],"replies":[{"embeddable":true,"href":"https:\/\/plumanegranoticias.com\/index.php?rest_route=%2Fwp%2Fv2%2Fcomments&post=11523"}],"version-history":[{"count":1,"href":"https:\/\/plumanegranoticias.com\/index.php?rest_route=\/wp\/v2\/posts\/11523\/revisions"}],"predecessor-version":[{"id":11524,"href":"https:\/\/plumanegranoticias.com\/index.php?rest_route=\/wp\/v2\/posts\/11523\/revisions\/11524"}],"wp:featuredmedia":[{"embeddable":true,"href":"https:\/\/plumanegranoticias.com\/index.php?rest_route=\/wp\/v2\/media\/11525"}],"wp:attachment":[{"href":"https:\/\/plumanegranoticias.com\/index.php?rest_route=%2Fwp%2Fv2%2Fmedia&parent=11523"}],"wp:term":[{"taxonomy":"category","embeddable":true,"href":"https:\/\/plumanegranoticias.com\/index.php?rest_route=%2Fwp%2Fv2%2Fcategories&post=11523"},{"taxonomy":"post_tag","embeddable":true,"href":"https:\/\/plumanegranoticias.com\/index.php?rest_route=%2Fwp%2Fv2%2Ftags&post=11523"}],"curies":[{"name":"wp","href":"https:\/\/api.w.org\/{rel}","templated":true}]}}