{"id":11605,"date":"2025-09-06T13:53:42","date_gmt":"2025-09-06T19:53:42","guid":{"rendered":"https:\/\/plumanegranoticias.com\/?p=11605"},"modified":"2025-09-06T13:54:07","modified_gmt":"2025-09-06T19:54:07","slug":"deja-2-muertos-explosion-de-vehiculo-con-pirotecnia-la-tinaja-cosamaloapan","status":"publish","type":"post","link":"https:\/\/plumanegranoticias.com\/?p=11605","title":{"rendered":"DEJA 2 MUERTOS EXPLOSI\u00d3N DE VEH\u00cdCULO CON PIROTECNIA LA TINAJA-COSAMALOAPAN"},"content":{"rendered":"\n<p>Sufri\u00f3 accidente y explot\u00f3 con dos personas <br>Marcelino Pablo Garc\u00eda<br>Cosamaloapan, Ver., La ma\u00f1ana de este s\u00e1bado 6 de septiembre, alrededor de las 9:00 horas, se registr\u00f3 una tragedia en la autopista 145D Tinaja\u2013Cosamaloapan, a la altura del kil\u00f3metro 70+500, donde dos personas perdieron la vida al quedar calcinadas tras un accidente automovil\u00edstico.<br>De acuerdo con reportes oficiales, una camioneta Nissan NP300, modelo 2015, con placas SP38102 del estado de Puebla, que transportaba pirotecnia, volc\u00f3 y posteriormente se incendi\u00f3 debido a la carga de explosivos. El veh\u00edculo qued\u00f3 totalmente destruido con los dos ocupantes en su interior, quienes no pudieron ser identificados debido al estado de los cuerpos. La unidad est\u00e1 registrada a nombre de Jorge Enrique Castillo Sol\u00eds.<br>Al lugar arribaron param\u00e9dicos de CAPUFE, as\u00ed como cuerpos de emergencia locales. Elementos de la Guardia Nacional, divisi\u00f3n Caminos, destacamento Cosamaloapan, junto con la Polic\u00eda Estatal, acordonaron el \u00e1rea para resguardar la zona de riesgo.<br>M\u00e1s tarde, peritos de la fiscal\u00eda general del Estado de Veracruz de Cosamaloapan, llegaron para tomar conocimiento de los hechos, realizar las diligencias correspondientes y ordenar las primeras investigaciones, y el levantamiento de los cuerpos.<br>Hasta el momento, los fallecidos permanecen en calidad de no identificados, aunque en el lugar fue localizada una credencial de elector da\u00f1ada por el fuego, con la que se pudo establecer que eran originarios del estado de Puebla.<br>Las autoridades contin\u00faan las investigaciones para determinar las causas del accidente y explosi\u00f3n.<\/p>\n\n\n\n<figure class=\"wp-block-image size-large\"><img loading=\"lazy\" decoding=\"async\" width=\"1024\" height=\"576\" src=\"https:\/\/plumanegranoticias.com\/wp-content\/uploads\/2025\/09\/img-20250906-wa00733890061679267835719-1024x576.jpg\" alt=\"\" class=\"wp-image-11604\" srcset=\"https:\/\/plumanegranoticias.com\/wp-content\/uploads\/2025\/09\/img-20250906-wa00733890061679267835719-1024x576.jpg 1024w, https:\/\/plumanegranoticias.com\/wp-content\/uploads\/2025\/09\/img-20250906-wa00733890061679267835719-300x169.jpg 300w, https:\/\/plumanegranoticias.com\/wp-content\/uploads\/2025\/09\/img-20250906-wa00733890061679267835719-768x432.jpg 768w, https:\/\/plumanegranoticias.com\/wp-content\/uploads\/2025\/09\/img-20250906-wa00733890061679267835719.jpg 1280w\" sizes=\"auto, (max-width: 1024px) 100vw, 1024px\" \/><\/figure>\n","protected":false},"excerpt":{"rendered":"<p>Sufri\u00f3 accidente y explot\u00f3 con dos personas Marcelino Pablo Garc\u00edaCosamaloapan, Ver., La ma\u00f1ana de este s\u00e1bado 6 de septiembre, alrededor de las 9:00 horas, se registr\u00f3 una tragedia en la autopista 145D Tinaja\u2013Cosamaloapan, a la altura del kil\u00f3metro 70+500, donde dos personas perdieron la vida al quedar calcinadas tras un accidente automovil\u00edstico.De acuerdo con reportes&#8230; <\/p>\n<div class=\"clear\"><\/div>\n<p><a href=\"https:\/\/plumanegranoticias.com\/?p=11605\" class=\"excerpt-read-more\">Read More<i class=\"fa fa-caret-right icon-caret-right\"><\/i><\/a><\/p>\n","protected":false},"author":2,"featured_media":11607,"comment_status":"open","ping_status":"open","sticky":false,"template":"","format":"standard","meta":{"om_disable_all_campaigns":false,"_monsterinsights_skip_tracking":false,"_monsterinsights_sitenote_active":false,"_monsterinsights_sitenote_note":"","_monsterinsights_sitenote_category":0,"_uf_show_specific_survey":0,"_uf_disable_surveys":false,"footnotes":""},"categories":[13,8,12],"tags":[20,22],"class_list":["post-11605","post","type-post","status-publish","format-standard","has-post-thumbnail","hentry","category-nota-roja","category-politica","category-regional","tag-negocios","tag-nota-roja"],"aioseo_notices":[],"_links":{"self":[{"href":"https:\/\/plumanegranoticias.com\/index.php?rest_route=\/wp\/v2\/posts\/11605","targetHints":{"allow":["GET"]}}],"collection":[{"href":"https:\/\/plumanegranoticias.com\/index.php?rest_route=\/wp\/v2\/posts"}],"about":[{"href":"https:\/\/plumanegranoticias.com\/index.php?rest_route=\/wp\/v2\/types\/post"}],"author":[{"embeddable":true,"href":"https:\/\/plumanegranoticias.com\/index.php?rest_route=\/wp\/v2\/users\/2"}],"replies":[{"embeddable":true,"href":"https:\/\/plumanegranoticias.com\/index.php?rest_route=%2Fwp%2Fv2%2Fcomments&post=11605"}],"version-history":[{"count":1,"href":"https:\/\/plumanegranoticias.com\/index.php?rest_route=\/wp\/v2\/posts\/11605\/revisions"}],"predecessor-version":[{"id":11606,"href":"https:\/\/plumanegranoticias.com\/index.php?rest_route=\/wp\/v2\/posts\/11605\/revisions\/11606"}],"wp:featuredmedia":[{"embeddable":true,"href":"https:\/\/plumanegranoticias.com\/index.php?rest_route=\/wp\/v2\/media\/11607"}],"wp:attachment":[{"href":"https:\/\/plumanegranoticias.com\/index.php?rest_route=%2Fwp%2Fv2%2Fmedia&parent=11605"}],"wp:term":[{"taxonomy":"category","embeddable":true,"href":"https:\/\/plumanegranoticias.com\/index.php?rest_route=%2Fwp%2Fv2%2Fcategories&post=11605"},{"taxonomy":"post_tag","embeddable":true,"href":"https:\/\/plumanegranoticias.com\/index.php?rest_route=%2Fwp%2Fv2%2Ftags&post=11605"}],"curies":[{"name":"wp","href":"https:\/\/api.w.org\/{rel}","templated":true}]}}