{"id":11627,"date":"2025-09-08T07:51:18","date_gmt":"2025-09-08T13:51:18","guid":{"rendered":"https:\/\/plumanegranoticias.com\/?p=11627"},"modified":"2025-09-08T07:51:50","modified_gmt":"2025-09-08T13:51:50","slug":"ganaderos-de-las-choapas-se-movilizan-contra-la-violencia-y-la-inseguridad","status":"publish","type":"post","link":"https:\/\/plumanegranoticias.com\/?p=11627","title":{"rendered":"Ganaderos de Las Choapas se movilizan contra la violencia y la inseguridad"},"content":{"rendered":"\n<p>Jos\u00e9 Vargas.<\/p>\n\n\n\n<p>Las Choapas, Ver.\u2013 Con una caravana de casi 300 veh\u00edculos, ganaderos de diferentes municipios del sur de Veracruz se unieron este domingo en un acto in\u00e9dito de protesta pac\u00edfica contra la inseguridad que los golpea desde hace a\u00f1os.<\/p>\n\n\n\n<p>La movilizaci\u00f3n fue organizada por el Grupo General Ganadero y reuni\u00f3 a m\u00e1s de 15 asociaciones locales, todas con un mismo mensaje: poner un alto al secuestro, la extorsi\u00f3n y el abigeato, delitos que han afectado directamente a productores y familias de la regi\u00f3n.<\/p>\n\n\n\n<p>El recorrido inici\u00f3 en el tramo conocido como Tronquini, a la altura de la carretera Las Choapas\u2013Cerro de Nanchital, y atraves\u00f3 puntos estrat\u00e9gicos de la ciudad como la colonia Ignacio Zaragoza, el Libramiento Pemex y la carretera Producci\u00f3n. Finalmente, el contingente arrib\u00f3 al sal\u00f3n de la Asociaci\u00f3n Ganadera San Jos\u00e9 del Carmen, donde se realiz\u00f3 el acto de cierre.<\/p>\n\n\n\n<p>Las calles se llenaron de consignas impresas en mantas que colgaban de camionetas, remolques y tractores:<br \/>\u201cPor unas Choapas libre de delitos de alto impacto\u201d,<br \/>\u201cUnidos contra el secuestro, abigeato y extorsi\u00f3n\u201d y<br \/>\u201cTras el bienestar y la paz de la ciudad\u201d.<\/p>\n\n\n\n<p>Durante su mensaje, el dirigente del grupo, Adri\u00e1n Carre\u00f1o Aguirre, llam\u00f3 a los productores a mantenerse unidos y no dejarse vencer por la intimidaci\u00f3n:<\/p>\n\n\n\n<p>\u201cEl miedo es el arma m\u00e1s poderosa de un delincuente. Nosotros decidimos vencerlo con unidad. Lo m\u00e1s valioso que tenemos es nuestra familia y por ella estamos aqu\u00ed\u201d.<\/p>\n\n\n\n<p>Carre\u00f1o recalc\u00f3 que este movimiento no busca confrontaci\u00f3n, sino trabajar en conjunto con las autoridades municipales, estatales y federales:<\/p>\n\n\n\n<p>\u201cSi abandonamos el camino institucional, perdemos lo que hemos construido. Seguiremos de la mano con el gobierno para fortalecer la seguridad\u201d.<\/p>\n\n\n\n<p>El acto tuvo tambi\u00e9n respaldo regional, con la participaci\u00f3n de ganaderos provenientes de Moloac\u00e1n, Texistepec y Acayucan, lo que dio un car\u00e1cter m\u00e1s amplio al reclamo social.<\/p>\n\n\n\n<p>La caravana se convirti\u00f3 no solo en una protesta, sino en una demostraci\u00f3n de organizaci\u00f3n civil que exige paz y condiciones de seguridad para seguir produciendo y viviendo en Las Choapas.<\/p>\n\n\n\n<figure class=\"wp-block-image size-large\"><img loading=\"lazy\" decoding=\"async\" width=\"1024\" height=\"768\" src=\"https:\/\/plumanegranoticias.com\/wp-content\/uploads\/2025\/09\/img-20250908-wa00158194028572002691738-1024x768.jpg\" alt=\"\" class=\"wp-image-11622\" srcset=\"https:\/\/plumanegranoticias.com\/wp-content\/uploads\/2025\/09\/img-20250908-wa00158194028572002691738-1024x768.jpg 1024w, https:\/\/plumanegranoticias.com\/wp-content\/uploads\/2025\/09\/img-20250908-wa00158194028572002691738-300x225.jpg 300w, https:\/\/plumanegranoticias.com\/wp-content\/uploads\/2025\/09\/img-20250908-wa00158194028572002691738-768x576.jpg 768w, https:\/\/plumanegranoticias.com\/wp-content\/uploads\/2025\/09\/img-20250908-wa00158194028572002691738-1536x1152.jpg 1536w, https:\/\/plumanegranoticias.com\/wp-content\/uploads\/2025\/09\/img-20250908-wa00158194028572002691738-400x300.jpg 400w, https:\/\/plumanegranoticias.com\/wp-content\/uploads\/2025\/09\/img-20250908-wa00158194028572002691738.jpg 1600w\" sizes=\"auto, (max-width: 1024px) 100vw, 1024px\" \/><\/figure>\n\n\n\n<figure class=\"wp-block-image\"><img loading=\"lazy\" decoding=\"async\" width=\"1024\" height=\"576\" src=\"https:\/\/plumanegranoticias.com\/wp-content\/uploads\/2025\/09\/img-20250908-wa00143291711873812268400-1024x576.jpg\" alt=\"\" class=\"wp-image-11626\" srcset=\"https:\/\/plumanegranoticias.com\/wp-content\/uploads\/2025\/09\/img-20250908-wa00143291711873812268400-1024x576.jpg 1024w, https:\/\/plumanegranoticias.com\/wp-content\/uploads\/2025\/09\/img-20250908-wa00143291711873812268400-300x169.jpg 300w, https:\/\/plumanegranoticias.com\/wp-content\/uploads\/2025\/09\/img-20250908-wa00143291711873812268400-768x432.jpg 768w, https:\/\/plumanegranoticias.com\/wp-content\/uploads\/2025\/09\/img-20250908-wa00143291711873812268400-1536x864.jpg 1536w, https:\/\/plumanegranoticias.com\/wp-content\/uploads\/2025\/09\/img-20250908-wa00143291711873812268400.jpg 1600w\" sizes=\"auto, (max-width: 1024px) 100vw, 1024px\" \/><\/figure>\n\n\n\n<figure class=\"wp-block-image\"><img loading=\"lazy\" decoding=\"async\" width=\"1024\" height=\"750\" src=\"https:\/\/plumanegranoticias.com\/wp-content\/uploads\/2025\/09\/img-20250908-wa00164047524532726158723-1024x750.jpg\" alt=\"\" class=\"wp-image-11625\" srcset=\"https:\/\/plumanegranoticias.com\/wp-content\/uploads\/2025\/09\/img-20250908-wa00164047524532726158723-1024x750.jpg 1024w, https:\/\/plumanegranoticias.com\/wp-content\/uploads\/2025\/09\/img-20250908-wa00164047524532726158723-300x220.jpg 300w, https:\/\/plumanegranoticias.com\/wp-content\/uploads\/2025\/09\/img-20250908-wa00164047524532726158723-768x563.jpg 768w, https:\/\/plumanegranoticias.com\/wp-content\/uploads\/2025\/09\/img-20250908-wa00164047524532726158723.jpg 1170w\" sizes=\"auto, (max-width: 1024px) 100vw, 1024px\" \/><\/figure>\n\n\n\n<figure class=\"wp-block-image\"><img loading=\"lazy\" decoding=\"async\" width=\"300\" height=\"300\" src=\"https:\/\/plumanegranoticias.com\/wp-content\/uploads\/2025\/09\/img-20250908-wa00181303243270872114905-300x300.jpg\" alt=\"\" class=\"wp-image-11624\" srcset=\"https:\/\/plumanegranoticias.com\/wp-content\/uploads\/2025\/09\/img-20250908-wa00181303243270872114905-300x300.jpg 300w, https:\/\/plumanegranoticias.com\/wp-content\/uploads\/2025\/09\/img-20250908-wa00181303243270872114905-150x150.jpg 150w, https:\/\/plumanegranoticias.com\/wp-content\/uploads\/2025\/09\/img-20250908-wa00181303243270872114905-768x767.jpg 768w, https:\/\/plumanegranoticias.com\/wp-content\/uploads\/2025\/09\/img-20250908-wa00181303243270872114905-400x400.jpg 400w, https:\/\/plumanegranoticias.com\/wp-content\/uploads\/2025\/09\/img-20250908-wa00181303243270872114905.jpg 945w\" sizes=\"auto, (max-width: 300px) 100vw, 300px\" \/><\/figure>\n\n\n\n<figure class=\"wp-block-image\"><img loading=\"lazy\" decoding=\"async\" width=\"985\" height=\"1024\" src=\"https:\/\/plumanegranoticias.com\/wp-content\/uploads\/2025\/09\/img-20250908-wa00175870010016430267614-985x1024.jpg\" alt=\"\" class=\"wp-image-11623\" srcset=\"https:\/\/plumanegranoticias.com\/wp-content\/uploads\/2025\/09\/img-20250908-wa00175870010016430267614-985x1024.jpg 985w, https:\/\/plumanegranoticias.com\/wp-content\/uploads\/2025\/09\/img-20250908-wa00175870010016430267614-289x300.jpg 289w, https:\/\/plumanegranoticias.com\/wp-content\/uploads\/2025\/09\/img-20250908-wa00175870010016430267614-768x798.jpg 768w, https:\/\/plumanegranoticias.com\/wp-content\/uploads\/2025\/09\/img-20250908-wa00175870010016430267614.jpg 1170w\" sizes=\"auto, (max-width: 985px) 100vw, 985px\" \/><\/figure>\n","protected":false},"excerpt":{"rendered":"<p>Jos\u00e9 Vargas. Las Choapas, Ver.\u2013 Con una caravana de casi 300 veh\u00edculos, ganaderos de diferentes municipios del sur de Veracruz se unieron este domingo en un acto in\u00e9dito de protesta pac\u00edfica contra la inseguridad que los golpea desde hace a\u00f1os. La movilizaci\u00f3n fue organizada por el Grupo General Ganadero y reuni\u00f3 a m\u00e1s de 15&#8230; <\/p>\n<div class=\"clear\"><\/div>\n<p><a href=\"https:\/\/plumanegranoticias.com\/?p=11627\" class=\"excerpt-read-more\">Read More<i class=\"fa fa-caret-right icon-caret-right\"><\/i><\/a><\/p>\n","protected":false},"author":2,"featured_media":11629,"comment_status":"open","ping_status":"open","sticky":false,"template":"","format":"standard","meta":{"om_disable_all_campaigns":false,"_monsterinsights_skip_tracking":false,"_monsterinsights_sitenote_active":false,"_monsterinsights_sitenote_note":"","_monsterinsights_sitenote_category":0,"_uf_show_specific_survey":0,"_uf_disable_surveys":false,"footnotes":""},"categories":[67,8,12],"tags":[22,18],"class_list":["post-11627","post","type-post","status-publish","format-standard","has-post-thumbnail","hentry","category-policiaca","category-politica","category-regional","tag-nota-roja","tag-noticia"],"aioseo_notices":[],"_links":{"self":[{"href":"https:\/\/plumanegranoticias.com\/index.php?rest_route=\/wp\/v2\/posts\/11627","targetHints":{"allow":["GET"]}}],"collection":[{"href":"https:\/\/plumanegranoticias.com\/index.php?rest_route=\/wp\/v2\/posts"}],"about":[{"href":"https:\/\/plumanegranoticias.com\/index.php?rest_route=\/wp\/v2\/types\/post"}],"author":[{"embeddable":true,"href":"https:\/\/plumanegranoticias.com\/index.php?rest_route=\/wp\/v2\/users\/2"}],"replies":[{"embeddable":true,"href":"https:\/\/plumanegranoticias.com\/index.php?rest_route=%2Fwp%2Fv2%2Fcomments&post=11627"}],"version-history":[{"count":1,"href":"https:\/\/plumanegranoticias.com\/index.php?rest_route=\/wp\/v2\/posts\/11627\/revisions"}],"predecessor-version":[{"id":11628,"href":"https:\/\/plumanegranoticias.com\/index.php?rest_route=\/wp\/v2\/posts\/11627\/revisions\/11628"}],"wp:featuredmedia":[{"embeddable":true,"href":"https:\/\/plumanegranoticias.com\/index.php?rest_route=\/wp\/v2\/media\/11629"}],"wp:attachment":[{"href":"https:\/\/plumanegranoticias.com\/index.php?rest_route=%2Fwp%2Fv2%2Fmedia&parent=11627"}],"wp:term":[{"taxonomy":"category","embeddable":true,"href":"https:\/\/plumanegranoticias.com\/index.php?rest_route=%2Fwp%2Fv2%2Fcategories&post=11627"},{"taxonomy":"post_tag","embeddable":true,"href":"https:\/\/plumanegranoticias.com\/index.php?rest_route=%2Fwp%2Fv2%2Ftags&post=11627"}],"curies":[{"name":"wp","href":"https:\/\/api.w.org\/{rel}","templated":true}]}}