{"id":11635,"date":"2025-09-08T09:19:55","date_gmt":"2025-09-08T15:19:55","guid":{"rendered":"https:\/\/plumanegranoticias.com\/?p=11635"},"modified":"2025-09-08T09:20:09","modified_gmt":"2025-09-08T15:20:09","slug":"accidente-entre-autobus-y-tren-en-atlacomulco-deja-nueve-muertos-y-41-heridos","status":"publish","type":"post","link":"https:\/\/plumanegranoticias.com\/?p=11635","title":{"rendered":"Accidente entre autob\u00fas y tren en Atlacomulco deja nueve muertos y 41 heridos"},"content":{"rendered":"\n<p>Agencia Amexi <\/p>\n\n\n\n<p>Un fuerte choque entre un autob\u00fas de pasajeros y un tren de carga en la entrada de este municipio dej\u00f3 un saldo preliminar de nueve personas fallecidas y 41 heridas, la mayor\u00eda de gravedad, de acuerdo con reportes oficiales de la Secretar\u00eda de Seguridad del Estado de M\u00e9xico.<br \/>El percance ocurri\u00f3 alrededor de las siete de la ma\u00f1ana en el crucero que conecta las salidas hacia El Oro y San Felipe del Progreso. El cami\u00f3n de la empresa Herradura de Plata, que hab\u00eda partido de San Felipe con destino a la Ciudad de M\u00e9xico y transportaba a cincuenta pasajeros, fue embestido por un tren de la empresa Kansas City Southern de M\u00e9xico, integrado por dos locomotoras y 68 vagones.<br \/>En la colisi\u00f3n tambi\u00e9n result\u00f3 afectada una camioneta particular marca Chevrolet Blazer, conducida por un habitante de la comunidad de Bombateby, Atlacomulco. El chofer del autob\u00fas a\u00fan no ha sido identificado. El maquinista del tren fue reconocido como Carlos Federico Vel\u00e1zquez.<br \/>Las v\u00edctimas lesionadas fueron trasladadas a distintos hospitales, principalmente al general de San Felipe del Progreso y al de Atlacomulco, as\u00ed como a cl\u00ednicas particulares de la regi\u00f3n.<br \/>En el lugar se despleg\u00f3 un amplio operativo de rescate y auxilio en el que participaron la Cruz Roja, el Servicio de Urgencias del Estado de M\u00e9xico, as\u00ed como cuerpos de Protecci\u00f3n Civil de Atlacomulco, San Felipe del Progreso, El Oro, Jocotitl\u00e1n y brigadas de emergencia nacional.<br \/>Las autoridades mantienen acordonada la zona y realizan las diligencias correspondientes para esclarecer la din\u00e1mica del accidente y deslindar responsabilidades. Se prev\u00e9 que en las pr\u00f3ximas horas se actualice la cifra oficial de v\u00edctimas conforme avancen las labores de rescate y los reportes hospitalarios.<\/p>\n\n\n\n<figure class=\"wp-block-image size-large\"><img loading=\"lazy\" decoding=\"async\" width=\"576\" height=\"1024\" src=\"https:\/\/plumanegranoticias.com\/wp-content\/uploads\/2025\/09\/img-20250908-wa00487121218265056810381-576x1024.jpg\" alt=\"\" class=\"wp-image-11634\" srcset=\"https:\/\/plumanegranoticias.com\/wp-content\/uploads\/2025\/09\/img-20250908-wa00487121218265056810381-576x1024.jpg 576w, https:\/\/plumanegranoticias.com\/wp-content\/uploads\/2025\/09\/img-20250908-wa00487121218265056810381-169x300.jpg 169w, https:\/\/plumanegranoticias.com\/wp-content\/uploads\/2025\/09\/img-20250908-wa00487121218265056810381-768x1366.jpg 768w, https:\/\/plumanegranoticias.com\/wp-content\/uploads\/2025\/09\/img-20250908-wa00487121218265056810381-864x1536.jpg 864w, https:\/\/plumanegranoticias.com\/wp-content\/uploads\/2025\/09\/img-20250908-wa00487121218265056810381.jpg 899w\" sizes=\"auto, (max-width: 576px) 100vw, 576px\" \/><\/figure>\n\n\n\n<figure class=\"wp-block-image\"><img loading=\"lazy\" decoding=\"async\" width=\"1024\" height=\"768\" src=\"https:\/\/plumanegranoticias.com\/wp-content\/uploads\/2025\/09\/img-20250908-wa00442924395911362220407-1024x768.jpg\" alt=\"\" class=\"wp-image-11631\" srcset=\"https:\/\/plumanegranoticias.com\/wp-content\/uploads\/2025\/09\/img-20250908-wa00442924395911362220407-1024x768.jpg 1024w, https:\/\/plumanegranoticias.com\/wp-content\/uploads\/2025\/09\/img-20250908-wa00442924395911362220407-300x225.jpg 300w, https:\/\/plumanegranoticias.com\/wp-content\/uploads\/2025\/09\/img-20250908-wa00442924395911362220407-768x576.jpg 768w, https:\/\/plumanegranoticias.com\/wp-content\/uploads\/2025\/09\/img-20250908-wa00442924395911362220407-1536x1152.jpg 1536w, https:\/\/plumanegranoticias.com\/wp-content\/uploads\/2025\/09\/img-20250908-wa00442924395911362220407-400x300.jpg 400w, https:\/\/plumanegranoticias.com\/wp-content\/uploads\/2025\/09\/img-20250908-wa00442924395911362220407.jpg 1600w\" sizes=\"auto, (max-width: 1024px) 100vw, 1024px\" \/><\/figure>\n\n\n\n<figure class=\"wp-block-image\"><img loading=\"lazy\" decoding=\"async\" width=\"1024\" height=\"768\" src=\"https:\/\/plumanegranoticias.com\/wp-content\/uploads\/2025\/09\/img-20250908-wa00358935060167592397624-1024x768.jpg\" alt=\"\" class=\"wp-image-11632\" srcset=\"https:\/\/plumanegranoticias.com\/wp-content\/uploads\/2025\/09\/img-20250908-wa00358935060167592397624-1024x768.jpg 1024w, https:\/\/plumanegranoticias.com\/wp-content\/uploads\/2025\/09\/img-20250908-wa00358935060167592397624-300x225.jpg 300w, https:\/\/plumanegranoticias.com\/wp-content\/uploads\/2025\/09\/img-20250908-wa00358935060167592397624-768x576.jpg 768w, https:\/\/plumanegranoticias.com\/wp-content\/uploads\/2025\/09\/img-20250908-wa00358935060167592397624-1536x1152.jpg 1536w, https:\/\/plumanegranoticias.com\/wp-content\/uploads\/2025\/09\/img-20250908-wa00358935060167592397624-400x300.jpg 400w, https:\/\/plumanegranoticias.com\/wp-content\/uploads\/2025\/09\/img-20250908-wa00358935060167592397624.jpg 1600w\" sizes=\"auto, (max-width: 1024px) 100vw, 1024px\" \/><\/figure>\n\n\n\n<figure class=\"wp-block-image\"><img loading=\"lazy\" decoding=\"async\" width=\"1024\" height=\"768\" src=\"https:\/\/plumanegranoticias.com\/wp-content\/uploads\/2025\/09\/img-20250908-wa0036780925850190617648-1024x768.jpg\" alt=\"\" class=\"wp-image-11633\" srcset=\"https:\/\/plumanegranoticias.com\/wp-content\/uploads\/2025\/09\/img-20250908-wa0036780925850190617648-1024x768.jpg 1024w, https:\/\/plumanegranoticias.com\/wp-content\/uploads\/2025\/09\/img-20250908-wa0036780925850190617648-300x225.jpg 300w, https:\/\/plumanegranoticias.com\/wp-content\/uploads\/2025\/09\/img-20250908-wa0036780925850190617648-768x576.jpg 768w, https:\/\/plumanegranoticias.com\/wp-content\/uploads\/2025\/09\/img-20250908-wa0036780925850190617648-1536x1152.jpg 1536w, https:\/\/plumanegranoticias.com\/wp-content\/uploads\/2025\/09\/img-20250908-wa0036780925850190617648-400x300.jpg 400w, https:\/\/plumanegranoticias.com\/wp-content\/uploads\/2025\/09\/img-20250908-wa0036780925850190617648.jpg 1600w\" sizes=\"auto, (max-width: 1024px) 100vw, 1024px\" \/><\/figure>\n\n\n\n<figure class=\"wp-block-image\"><img loading=\"lazy\" decoding=\"async\" width=\"1024\" height=\"576\" src=\"https:\/\/plumanegranoticias.com\/wp-content\/uploads\/2025\/09\/img-20250908-wa00471769987371800538231-1024x576.jpg\" alt=\"\" class=\"wp-image-11630\" srcset=\"https:\/\/plumanegranoticias.com\/wp-content\/uploads\/2025\/09\/img-20250908-wa00471769987371800538231-1024x576.jpg 1024w, https:\/\/plumanegranoticias.com\/wp-content\/uploads\/2025\/09\/img-20250908-wa00471769987371800538231-300x169.jpg 300w, https:\/\/plumanegranoticias.com\/wp-content\/uploads\/2025\/09\/img-20250908-wa00471769987371800538231-768x432.jpg 768w, https:\/\/plumanegranoticias.com\/wp-content\/uploads\/2025\/09\/img-20250908-wa00471769987371800538231-1536x864.jpg 1536w, https:\/\/plumanegranoticias.com\/wp-content\/uploads\/2025\/09\/img-20250908-wa00471769987371800538231.jpg 1599w\" sizes=\"auto, (max-width: 1024px) 100vw, 1024px\" \/><\/figure>\n","protected":false},"excerpt":{"rendered":"<p>Agencia Amexi Un fuerte choque entre un autob\u00fas de pasajeros y un tren de carga en la entrada de este municipio dej\u00f3 un saldo preliminar de nueve personas fallecidas y 41 heridas, la mayor\u00eda de gravedad, de acuerdo con reportes oficiales de la Secretar\u00eda de Seguridad del Estado de M\u00e9xico.El percance ocurri\u00f3 alrededor de las&#8230; <\/p>\n<div class=\"clear\"><\/div>\n<p><a href=\"https:\/\/plumanegranoticias.com\/?p=11635\" class=\"excerpt-read-more\">Read More<i class=\"fa fa-caret-right icon-caret-right\"><\/i><\/a><\/p>\n","protected":false},"author":2,"featured_media":11637,"comment_status":"open","ping_status":"open","sticky":false,"template":"","format":"standard","meta":{"om_disable_all_campaigns":false,"_monsterinsights_skip_tracking":false,"_monsterinsights_sitenote_active":false,"_monsterinsights_sitenote_note":"","_monsterinsights_sitenote_category":0,"_uf_show_specific_survey":0,"_uf_disable_surveys":false,"footnotes":""},"categories":[67,12],"tags":[61,19],"class_list":["post-11635","post","type-post","status-publish","format-standard","has-post-thumbnail","hentry","category-policiaca","category-regional","tag-politica","tag-regional"],"aioseo_notices":[],"_links":{"self":[{"href":"https:\/\/plumanegranoticias.com\/index.php?rest_route=\/wp\/v2\/posts\/11635","targetHints":{"allow":["GET"]}}],"collection":[{"href":"https:\/\/plumanegranoticias.com\/index.php?rest_route=\/wp\/v2\/posts"}],"about":[{"href":"https:\/\/plumanegranoticias.com\/index.php?rest_route=\/wp\/v2\/types\/post"}],"author":[{"embeddable":true,"href":"https:\/\/plumanegranoticias.com\/index.php?rest_route=\/wp\/v2\/users\/2"}],"replies":[{"embeddable":true,"href":"https:\/\/plumanegranoticias.com\/index.php?rest_route=%2Fwp%2Fv2%2Fcomments&post=11635"}],"version-history":[{"count":1,"href":"https:\/\/plumanegranoticias.com\/index.php?rest_route=\/wp\/v2\/posts\/11635\/revisions"}],"predecessor-version":[{"id":11636,"href":"https:\/\/plumanegranoticias.com\/index.php?rest_route=\/wp\/v2\/posts\/11635\/revisions\/11636"}],"wp:featuredmedia":[{"embeddable":true,"href":"https:\/\/plumanegranoticias.com\/index.php?rest_route=\/wp\/v2\/media\/11637"}],"wp:attachment":[{"href":"https:\/\/plumanegranoticias.com\/index.php?rest_route=%2Fwp%2Fv2%2Fmedia&parent=11635"}],"wp:term":[{"taxonomy":"category","embeddable":true,"href":"https:\/\/plumanegranoticias.com\/index.php?rest_route=%2Fwp%2Fv2%2Fcategories&post=11635"},{"taxonomy":"post_tag","embeddable":true,"href":"https:\/\/plumanegranoticias.com\/index.php?rest_route=%2Fwp%2Fv2%2Ftags&post=11635"}],"curies":[{"name":"wp","href":"https:\/\/api.w.org\/{rel}","templated":true}]}}