{"id":11651,"date":"2025-09-09T12:05:49","date_gmt":"2025-09-09T18:05:49","guid":{"rendered":"https:\/\/plumanegranoticias.com\/?p=11651"},"modified":"2025-09-09T12:06:22","modified_gmt":"2025-09-09T18:06:22","slug":"honorio-morales-fernandez-lider-de-la-ctm-emulo-de-fidel-velazquez","status":"publish","type":"post","link":"https:\/\/plumanegranoticias.com\/?p=11651","title":{"rendered":"Honorio Morales Fernandez, lider de la CTM, \u00e9mulo de Fidel Vel\u00e1zquez"},"content":{"rendered":"\n<p>Cr\u00f3nicas de Cotaxtla<\/p>\n\n\n\n<p>Por Pedro Cruz.<\/p>\n\n\n\n<p>Un nutrido grupo de ganaderos cotaxtlecos, acudi\u00f3 a una cabalgata al puerto de Veracruz el 20 de marzo de 1964, para atender la visita del licenciado Gustavo D\u00edaz Ordaz, candidato a la presidencia de la Rep\u00fablica; el grupo fue comandado por Domingo Morales Pe\u00f1a, quien posa en primer plano, criador de caballos de carreras, nacido en la comunidad de Mecayucan y con residencia en El Bosque.<\/p>\n\n\n\n<p>Otro dato importante es que la imagen la tom\u00f3 otro ilustre cotaxtleco, Honorio Morales Fern\u00e1ndez, nacido en 1913 en la comunidad de La Cebadilla y quien desde muy joven emigr\u00f3 al puerto de Veracruz; por esa fecha ten\u00eda alrededor de 40 a\u00f1os y era dirigente del Sindicato de Terraceros y Constructores de Carreteras y aficionado a la fotograf\u00eda.<\/p>\n\n\n\n<p>Un a\u00f1o despu\u00e9s, en 1965, asumir\u00eda la dirigencia regional de la CTM, cargo que ostent\u00f3 hasta su muerte en marzo del 2008 a los 94 a\u00f1os; muy cercano a Fidel Vel\u00e1zquez y en cinco ocasiones regidor del ayuntamiento de Veracruz.<\/p>\n\n\n\n<p>Fue uno de los l\u00edderes obreros m\u00e1s importantes en la historia reciente del puerto y, adem\u00e1s de la fotograf\u00eda, fue un aficionado a la literatura y a la historia, dej\u00f3 en herencia varios textos, entre ellos un libro que se titula Veracruz Cuatro Veces Heroico.<\/p>\n\n\n\n<p>Domingo Morales Pe\u00f1a, contrajo nupcias con Rosal\u00eda Lara Gonz\u00e1lez, originaria de la Camacha, municipio de Tlalixcoyan. Por cierto, domingo ya falleci\u00f3 y do\u00f1a Rosal\u00eda vive en El Bosque. Se conocieron en unas carreras de caballos en 1956 y se casaron siete a\u00f1os despu\u00e9s.<\/p>\n\n\n\n<p><\/p>\n\n\n\n<figure class=\"wp-block-image size-large\"><img loading=\"lazy\" decoding=\"async\" width=\"1024\" height=\"958\" src=\"https:\/\/plumanegranoticias.com\/wp-content\/uploads\/2025\/09\/img-20250909-wa01078223531859787912138-1024x958.jpg\" alt=\"\" class=\"wp-image-11647\" srcset=\"https:\/\/plumanegranoticias.com\/wp-content\/uploads\/2025\/09\/img-20250909-wa01078223531859787912138-1024x958.jpg 1024w, https:\/\/plumanegranoticias.com\/wp-content\/uploads\/2025\/09\/img-20250909-wa01078223531859787912138-300x281.jpg 300w, https:\/\/plumanegranoticias.com\/wp-content\/uploads\/2025\/09\/img-20250909-wa01078223531859787912138-768x719.jpg 768w, https:\/\/plumanegranoticias.com\/wp-content\/uploads\/2025\/09\/img-20250909-wa01078223531859787912138.jpg 1046w\" sizes=\"auto, (max-width: 1024px) 100vw, 1024px\" \/><\/figure>\n\n\n\n<figure class=\"wp-block-image\"><img loading=\"lazy\" decoding=\"async\" width=\"856\" height=\"1024\" src=\"https:\/\/plumanegranoticias.com\/wp-content\/uploads\/2025\/09\/img-20250909-wa01104920752110883039534-856x1024.jpg\" alt=\"\" class=\"wp-image-11650\" srcset=\"https:\/\/plumanegranoticias.com\/wp-content\/uploads\/2025\/09\/img-20250909-wa01104920752110883039534-856x1024.jpg 856w, https:\/\/plumanegranoticias.com\/wp-content\/uploads\/2025\/09\/img-20250909-wa01104920752110883039534-251x300.jpg 251w, https:\/\/plumanegranoticias.com\/wp-content\/uploads\/2025\/09\/img-20250909-wa01104920752110883039534-768x918.jpg 768w, https:\/\/plumanegranoticias.com\/wp-content\/uploads\/2025\/09\/img-20250909-wa01104920752110883039534.jpg 960w\" sizes=\"auto, (max-width: 856px) 100vw, 856px\" \/><\/figure>\n\n\n\n<figure class=\"wp-block-image\"><img loading=\"lazy\" decoding=\"async\" width=\"239\" height=\"300\" src=\"https:\/\/plumanegranoticias.com\/wp-content\/uploads\/2025\/09\/img-20250909-wa01092366342137458744370-239x300.jpg\" alt=\"\" class=\"wp-image-11649\" srcset=\"https:\/\/plumanegranoticias.com\/wp-content\/uploads\/2025\/09\/img-20250909-wa01092366342137458744370-239x300.jpg 239w, https:\/\/plumanegranoticias.com\/wp-content\/uploads\/2025\/09\/img-20250909-wa01092366342137458744370-768x963.jpg 768w, https:\/\/plumanegranoticias.com\/wp-content\/uploads\/2025\/09\/img-20250909-wa01092366342137458744370-440x550.jpg 440w, https:\/\/plumanegranoticias.com\/wp-content\/uploads\/2025\/09\/img-20250909-wa01092366342137458744370.jpg 807w\" sizes=\"auto, (max-width: 239px) 100vw, 239px\" \/><\/figure>\n\n\n\n<figure class=\"wp-block-image\"><img loading=\"lazy\" decoding=\"async\" width=\"781\" height=\"1024\" src=\"https:\/\/plumanegranoticias.com\/wp-content\/uploads\/2025\/09\/img-20250909-wa01086815837803694810909-781x1024.jpg\" alt=\"\" class=\"wp-image-11648\" srcset=\"https:\/\/plumanegranoticias.com\/wp-content\/uploads\/2025\/09\/img-20250909-wa01086815837803694810909-781x1024.jpg 781w, https:\/\/plumanegranoticias.com\/wp-content\/uploads\/2025\/09\/img-20250909-wa01086815837803694810909-229x300.jpg 229w, https:\/\/plumanegranoticias.com\/wp-content\/uploads\/2025\/09\/img-20250909-wa01086815837803694810909-768x1007.jpg 768w, https:\/\/plumanegranoticias.com\/wp-content\/uploads\/2025\/09\/img-20250909-wa01086815837803694810909.jpg 895w\" sizes=\"auto, (max-width: 781px) 100vw, 781px\" \/><\/figure>\n","protected":false},"excerpt":{"rendered":"<p>Cr\u00f3nicas de Cotaxtla Por Pedro Cruz. Un nutrido grupo de ganaderos cotaxtlecos, acudi\u00f3 a una cabalgata al puerto de Veracruz el 20 de marzo de 1964, para atender la visita del licenciado Gustavo D\u00edaz Ordaz, candidato a la presidencia de la Rep\u00fablica; el grupo fue comandado por Domingo Morales Pe\u00f1a, quien posa en primer plano,&#8230; <\/p>\n<div class=\"clear\"><\/div>\n<p><a href=\"https:\/\/plumanegranoticias.com\/?p=11651\" class=\"excerpt-read-more\">Read More<i class=\"fa fa-caret-right icon-caret-right\"><\/i><\/a><\/p>\n","protected":false},"author":2,"featured_media":11646,"comment_status":"open","ping_status":"open","sticky":false,"template":"","format":"standard","meta":{"om_disable_all_campaigns":false,"_monsterinsights_skip_tracking":false,"_monsterinsights_sitenote_active":false,"_monsterinsights_sitenote_note":"","_monsterinsights_sitenote_category":0,"_uf_show_specific_survey":0,"_uf_disable_surveys":false,"footnotes":""},"categories":[13,16,8,12],"tags":[22,18,30],"class_list":["post-11651","post","type-post","status-publish","format-standard","has-post-thumbnail","hentry","category-nota-roja","category-plumazos","category-politica","category-regional","tag-nota-roja","tag-noticia","tag-plumazos"],"aioseo_notices":[],"_links":{"self":[{"href":"https:\/\/plumanegranoticias.com\/index.php?rest_route=\/wp\/v2\/posts\/11651","targetHints":{"allow":["GET"]}}],"collection":[{"href":"https:\/\/plumanegranoticias.com\/index.php?rest_route=\/wp\/v2\/posts"}],"about":[{"href":"https:\/\/plumanegranoticias.com\/index.php?rest_route=\/wp\/v2\/types\/post"}],"author":[{"embeddable":true,"href":"https:\/\/plumanegranoticias.com\/index.php?rest_route=\/wp\/v2\/users\/2"}],"replies":[{"embeddable":true,"href":"https:\/\/plumanegranoticias.com\/index.php?rest_route=%2Fwp%2Fv2%2Fcomments&post=11651"}],"version-history":[{"count":1,"href":"https:\/\/plumanegranoticias.com\/index.php?rest_route=\/wp\/v2\/posts\/11651\/revisions"}],"predecessor-version":[{"id":11652,"href":"https:\/\/plumanegranoticias.com\/index.php?rest_route=\/wp\/v2\/posts\/11651\/revisions\/11652"}],"wp:featuredmedia":[{"embeddable":true,"href":"https:\/\/plumanegranoticias.com\/index.php?rest_route=\/wp\/v2\/media\/11646"}],"wp:attachment":[{"href":"https:\/\/plumanegranoticias.com\/index.php?rest_route=%2Fwp%2Fv2%2Fmedia&parent=11651"}],"wp:term":[{"taxonomy":"category","embeddable":true,"href":"https:\/\/plumanegranoticias.com\/index.php?rest_route=%2Fwp%2Fv2%2Fcategories&post=11651"},{"taxonomy":"post_tag","embeddable":true,"href":"https:\/\/plumanegranoticias.com\/index.php?rest_route=%2Fwp%2Fv2%2Ftags&post=11651"}],"curies":[{"name":"wp","href":"https:\/\/api.w.org\/{rel}","templated":true}]}}