{"id":11657,"date":"2025-09-09T12:15:41","date_gmt":"2025-09-09T18:15:41","guid":{"rendered":"https:\/\/plumanegranoticias.com\/?p=11657"},"modified":"2025-09-09T12:16:28","modified_gmt":"2025-09-09T18:16:28","slug":"es-necesario-que-haya-mas-interpretes-y-traductores-de-lenguas-indigenas-inpi","status":"publish","type":"post","link":"https:\/\/plumanegranoticias.com\/?p=11657","title":{"rendered":"Es necesario que haya m\u00e1s int\u00e9rpretes y traductores de lenguas ind\u00edgenas: INPI"},"content":{"rendered":"\n<p>M\u00e1s de 2 mil 617 comunidades ind\u00edgenas y afroamericanas de Veracruz, recibir\u00e1n este a\u00f1o m\u00e1s de mil 400 mdp del FAIS<\/p>\n\n\n\n<p>\u00c1ngeles Gonz\u00e1lez Ceballos<br>Xalapa, Ver., La titular de la Oficina de la Representaci\u00f3n del Instituto Nacional de los Pueblos Ind\u00edgenas en Veracruz (INPI), Magdalena Hern\u00e1ndez Hern\u00e1ndez, defini\u00f3 que es necesario que haya m\u00e1s int\u00e9rpretes y traductores de lenguas ind\u00edgenas.<\/p>\n\n\n\n<p>&#8220;En el Padr\u00f3n Nacional de Traductores e Int\u00e9rpretes hasta el a\u00f1o pasado nosotros aqu\u00ed en Veracruz, s\u00f3lo en Veracruz, ten\u00edamos 39 int\u00e9rpretes de diferentes lenguas.<\/p>\n\n\n\n<p>Se han ido formando m\u00e1s\u2026 en Veracruz por lo menos se hablan 15 lenguas y 31 variantes ling\u00fc\u00edsticas, lo justo es que hubiera un interprete y un traductor para cada una de las variantes o, por lo menos de los distritos judiciales que estuvieran adscritos los interpretes y traductores que hablan las lenguas de esos lugares&#8221;, asever\u00f3.<\/p>\n\n\n\n<p>En entrevista, manifest\u00f3 que tambi\u00e9n es necesario que existan defensores que conozcan la lengua y la cultura de las comunidades ind\u00edgenas.<\/p>\n\n\n\n<p>Refiri\u00f3 que el Poder Judicial de Veracruz tiene un Padr\u00f3n de Traductores e Int\u00e9rpretes mismo que est\u00e1 inscrito en el Registro Estatal de Peritos.<\/p>\n\n\n\n<p>Puntualiz\u00f3 que los interpretes y traductores de los que habla son del INPI no del Poder Judicial del Estado o de la Fiscal\u00eda General del Estado.<\/p>\n\n\n\n<p>En otro tema, detall\u00f3 que las m\u00e1s de 2 mil 617 comunidades ind\u00edgenas y afroamericanas que hay en Veracruz, recibir\u00e1n este a\u00f1o m\u00e1s de mil 400 millones de pesos del Fondo de Aportaciones e Infraestructura Social para Pueblos y Comunidades Ind\u00edgenas y Afroamericanas.<\/p>\n\n\n\n<p>En entrevista, record\u00f3 que a nivel nacional se destinaron m\u00e1s de 13 mil millones de pesos del FAIS por instrucciones de la Presidencia, para esos pueblos.<\/p>\n\n\n\n<p>&#8220;Este a\u00f1o todas van a recibir un recurso del Instituto Nacional de los Pueblos Ind\u00edgenas, este a\u00f1o de manera hist\u00f3rica van a recibir todas un recurso&#8221;, destac\u00f3.<\/p>\n\n\n\n<p>La funcionaria p\u00fablica sostuvo que en Veracruz ya se llevaron a cabo todas las asambleas de cada una de las comunidades registradas en el cat\u00e1logo, es decir, 2 mil 617.<\/p>\n\n\n\n<p>Explic\u00f3 que el recurso que se les destinar\u00e1 de manera directa es para infraestructura social municipal, para infraestructura b\u00e1sica, agua, calles, banquetas, guarniciones, electricidad y educaci\u00f3n.<\/p>\n\n\n\n<p>Respecto de los ind\u00edgenas presos que no han tenido una defensa adecuada, asegur\u00f3 que el INPI les proporciona un apoyo en los casos que lo solicitan, toda vez que no son instancia ni la jurisdicci\u00f3n correspondiente.<\/p>\n\n\n\n<p>&#8220;Si las mismas personas, si la Fiscal\u00eda lo solicita, si el Poder Judicial, si la Defensor\u00eda P\u00fablica lo solicita, nosotros brindamos el apoyo. \u00bfCu\u00e1ntos casos hay?, no, eso lo sabe cada una de las dependencias encargadas de procurar justicia&#8221;, subray\u00f3.<\/p>\n\n\n\n<figure class=\"wp-block-image size-large\"><img loading=\"lazy\" decoding=\"async\" width=\"1024\" height=\"768\" src=\"https:\/\/plumanegranoticias.com\/wp-content\/uploads\/2025\/09\/img-20250909-wa01345022029878210868929-1024x768.jpg\" alt=\"\" class=\"wp-image-11654\" srcset=\"https:\/\/plumanegranoticias.com\/wp-content\/uploads\/2025\/09\/img-20250909-wa01345022029878210868929-1024x768.jpg 1024w, https:\/\/plumanegranoticias.com\/wp-content\/uploads\/2025\/09\/img-20250909-wa01345022029878210868929-300x225.jpg 300w, https:\/\/plumanegranoticias.com\/wp-content\/uploads\/2025\/09\/img-20250909-wa01345022029878210868929-768x576.jpg 768w, https:\/\/plumanegranoticias.com\/wp-content\/uploads\/2025\/09\/img-20250909-wa01345022029878210868929-1536x1152.jpg 1536w, https:\/\/plumanegranoticias.com\/wp-content\/uploads\/2025\/09\/img-20250909-wa01345022029878210868929-400x300.jpg 400w, https:\/\/plumanegranoticias.com\/wp-content\/uploads\/2025\/09\/img-20250909-wa01345022029878210868929.jpg 1600w\" sizes=\"auto, (max-width: 1024px) 100vw, 1024px\" \/><\/figure>\n\n\n\n<figure class=\"wp-block-image\"><img loading=\"lazy\" decoding=\"async\" width=\"1024\" height=\"576\" src=\"https:\/\/plumanegranoticias.com\/wp-content\/uploads\/2025\/09\/img-20250909-wa0130550719695085956668-1024x576.jpg\" alt=\"\" class=\"wp-image-11653\" srcset=\"https:\/\/plumanegranoticias.com\/wp-content\/uploads\/2025\/09\/img-20250909-wa0130550719695085956668-1024x576.jpg 1024w, https:\/\/plumanegranoticias.com\/wp-content\/uploads\/2025\/09\/img-20250909-wa0130550719695085956668-300x169.jpg 300w, https:\/\/plumanegranoticias.com\/wp-content\/uploads\/2025\/09\/img-20250909-wa0130550719695085956668-768x432.jpg 768w, https:\/\/plumanegranoticias.com\/wp-content\/uploads\/2025\/09\/img-20250909-wa0130550719695085956668-1536x864.jpg 1536w, https:\/\/plumanegranoticias.com\/wp-content\/uploads\/2025\/09\/img-20250909-wa0130550719695085956668.jpg 1599w\" sizes=\"auto, (max-width: 1024px) 100vw, 1024px\" \/><\/figure>\n\n\n\n<figure class=\"wp-block-image\"><img loading=\"lazy\" decoding=\"async\" width=\"1024\" height=\"768\" src=\"https:\/\/plumanegranoticias.com\/wp-content\/uploads\/2025\/09\/img-20250909-wa01332454947327271453605-1024x768.jpg\" alt=\"\" class=\"wp-image-11655\" srcset=\"https:\/\/plumanegranoticias.com\/wp-content\/uploads\/2025\/09\/img-20250909-wa01332454947327271453605-1024x768.jpg 1024w, https:\/\/plumanegranoticias.com\/wp-content\/uploads\/2025\/09\/img-20250909-wa01332454947327271453605-300x225.jpg 300w, https:\/\/plumanegranoticias.com\/wp-content\/uploads\/2025\/09\/img-20250909-wa01332454947327271453605-768x576.jpg 768w, https:\/\/plumanegranoticias.com\/wp-content\/uploads\/2025\/09\/img-20250909-wa01332454947327271453605-1536x1152.jpg 1536w, https:\/\/plumanegranoticias.com\/wp-content\/uploads\/2025\/09\/img-20250909-wa01332454947327271453605-400x300.jpg 400w, https:\/\/plumanegranoticias.com\/wp-content\/uploads\/2025\/09\/img-20250909-wa01332454947327271453605.jpg 1600w\" sizes=\"auto, (max-width: 1024px) 100vw, 1024px\" \/><\/figure>\n","protected":false},"excerpt":{"rendered":"<p>M\u00e1s de 2 mil 617 comunidades ind\u00edgenas y afroamericanas de Veracruz, recibir\u00e1n este a\u00f1o m\u00e1s de mil 400 mdp del FAIS \u00c1ngeles Gonz\u00e1lez CeballosXalapa, Ver., La titular de la Oficina de la Representaci\u00f3n del Instituto Nacional de los Pueblos Ind\u00edgenas en Veracruz (INPI), Magdalena Hern\u00e1ndez Hern\u00e1ndez, defini\u00f3 que es necesario que haya m\u00e1s int\u00e9rpretes y&#8230; <\/p>\n<div class=\"clear\"><\/div>\n<p><a href=\"https:\/\/plumanegranoticias.com\/?p=11657\" class=\"excerpt-read-more\">Read More<i class=\"fa fa-caret-right icon-caret-right\"><\/i><\/a><\/p>\n","protected":false},"author":2,"featured_media":11656,"comment_status":"open","ping_status":"open","sticky":false,"template":"","format":"standard","meta":{"om_disable_all_campaigns":false,"_monsterinsights_skip_tracking":false,"_monsterinsights_sitenote_active":false,"_monsterinsights_sitenote_note":"","_monsterinsights_sitenote_category":0,"_uf_show_specific_survey":0,"_uf_disable_surveys":false,"footnotes":""},"categories":[16,67,12],"tags":[61,31],"class_list":["post-11657","post","type-post","status-publish","format-standard","has-post-thumbnail","hentry","category-plumazos","category-policiaca","category-regional","tag-politica","tag-reporte-ciudadano"],"aioseo_notices":[],"_links":{"self":[{"href":"https:\/\/plumanegranoticias.com\/index.php?rest_route=\/wp\/v2\/posts\/11657","targetHints":{"allow":["GET"]}}],"collection":[{"href":"https:\/\/plumanegranoticias.com\/index.php?rest_route=\/wp\/v2\/posts"}],"about":[{"href":"https:\/\/plumanegranoticias.com\/index.php?rest_route=\/wp\/v2\/types\/post"}],"author":[{"embeddable":true,"href":"https:\/\/plumanegranoticias.com\/index.php?rest_route=\/wp\/v2\/users\/2"}],"replies":[{"embeddable":true,"href":"https:\/\/plumanegranoticias.com\/index.php?rest_route=%2Fwp%2Fv2%2Fcomments&post=11657"}],"version-history":[{"count":1,"href":"https:\/\/plumanegranoticias.com\/index.php?rest_route=\/wp\/v2\/posts\/11657\/revisions"}],"predecessor-version":[{"id":11658,"href":"https:\/\/plumanegranoticias.com\/index.php?rest_route=\/wp\/v2\/posts\/11657\/revisions\/11658"}],"wp:featuredmedia":[{"embeddable":true,"href":"https:\/\/plumanegranoticias.com\/index.php?rest_route=\/wp\/v2\/media\/11656"}],"wp:attachment":[{"href":"https:\/\/plumanegranoticias.com\/index.php?rest_route=%2Fwp%2Fv2%2Fmedia&parent=11657"}],"wp:term":[{"taxonomy":"category","embeddable":true,"href":"https:\/\/plumanegranoticias.com\/index.php?rest_route=%2Fwp%2Fv2%2Fcategories&post=11657"},{"taxonomy":"post_tag","embeddable":true,"href":"https:\/\/plumanegranoticias.com\/index.php?rest_route=%2Fwp%2Fv2%2Ftags&post=11657"}],"curies":[{"name":"wp","href":"https:\/\/api.w.org\/{rel}","templated":true}]}}