{"id":11694,"date":"2025-09-10T13:43:45","date_gmt":"2025-09-10T19:43:45","guid":{"rendered":"https:\/\/plumanegranoticias.com\/?p=11694"},"modified":"2025-09-10T13:44:08","modified_gmt":"2025-09-10T19:44:08","slug":"contamina-granja-avicola-en-soledad-de-doblado","status":"publish","type":"post","link":"https:\/\/plumanegranoticias.com\/?p=11694","title":{"rendered":"CONTAMINA GRANJA AVICOLA EN SOLEDAD DE DOBLADO"},"content":{"rendered":"\n<p class=\"MsoNormal\">Habitantes de la comunidad de Laguna Blanca de este municipio, reclaman el retiro de la granja Avitec de ese lugar, por la contaminaci\u00f3n permanente con desechos que se vierte a cielo abierto.<\/p>\n\n\n\n<p class=\"MsoNormal\">Los inconformes piden la intervenci\u00f3n de la Procuradur\u00eda del Medio Ambiente y de la Secretar\u00eda de Medio Ambiente para clausurar la planta que cuenta con permisos para la producci\u00f3n de alimentos y se convirti\u00f3 en granja av\u00edcola sin contar con las medidas ambientales y de protecci\u00f3n civil adecuadas.<\/p>\n\n\n\n<p class=\"MsoNormal\">Los manifestantes mantienen bloqueado el acceso a los trabajadores y administradores de la granja y exigen la intervenci\u00f3n de autoridades estatales, debido que 3l gobierno municipal de Soledad de Doblado ha mostrado indiferencia&nbsp; al reclamo de los habitantes.<\/p>\n\n\n\n<p class=\"MsoNormal\">\u00a0<\/p>\n\n\n\n<figure class=\"wp-block-video\"><video height=\"850\" style=\"aspect-ratio: 478 \/ 850;\" width=\"478\" controls src=\"https:\/\/plumanegranoticias.com\/wp-content\/uploads\/2025\/09\/VID-20250910-WA0057.mp4\"><\/video><\/figure>\n\n\n\n<figure class=\"wp-block-image size-large\"><img loading=\"lazy\" decoding=\"async\" width=\"473\" height=\"1024\" src=\"https:\/\/plumanegranoticias.com\/wp-content\/uploads\/2025\/09\/img-20250910-wa00603155129504091574033-473x1024.jpg\" alt=\"\" class=\"wp-image-11691\" srcset=\"https:\/\/plumanegranoticias.com\/wp-content\/uploads\/2025\/09\/img-20250910-wa00603155129504091574033-473x1024.jpg 473w, https:\/\/plumanegranoticias.com\/wp-content\/uploads\/2025\/09\/img-20250910-wa00603155129504091574033-139x300.jpg 139w, https:\/\/plumanegranoticias.com\/wp-content\/uploads\/2025\/09\/img-20250910-wa00603155129504091574033.jpg 591w\" sizes=\"auto, (max-width: 473px) 100vw, 473px\" \/><\/figure>\n\n\n\n<figure class=\"wp-block-image\"><img loading=\"lazy\" decoding=\"async\" width=\"473\" height=\"1024\" src=\"https:\/\/plumanegranoticias.com\/wp-content\/uploads\/2025\/09\/img-20250910-wa00611925593327291907081-473x1024.jpg\" alt=\"\" class=\"wp-image-11692\" srcset=\"https:\/\/plumanegranoticias.com\/wp-content\/uploads\/2025\/09\/img-20250910-wa00611925593327291907081-473x1024.jpg 473w, https:\/\/plumanegranoticias.com\/wp-content\/uploads\/2025\/09\/img-20250910-wa00611925593327291907081-139x300.jpg 139w, https:\/\/plumanegranoticias.com\/wp-content\/uploads\/2025\/09\/img-20250910-wa00611925593327291907081.jpg 591w\" sizes=\"auto, (max-width: 473px) 100vw, 473px\" \/><\/figure>\n\n\n\n<figure class=\"wp-block-image\"><img loading=\"lazy\" decoding=\"async\" width=\"473\" height=\"1024\" src=\"https:\/\/plumanegranoticias.com\/wp-content\/uploads\/2025\/09\/img-20250910-wa00636299662023460171007-473x1024.jpg\" alt=\"\" class=\"wp-image-11693\" srcset=\"https:\/\/plumanegranoticias.com\/wp-content\/uploads\/2025\/09\/img-20250910-wa00636299662023460171007-473x1024.jpg 473w, https:\/\/plumanegranoticias.com\/wp-content\/uploads\/2025\/09\/img-20250910-wa00636299662023460171007-139x300.jpg 139w, https:\/\/plumanegranoticias.com\/wp-content\/uploads\/2025\/09\/img-20250910-wa00636299662023460171007.jpg 591w\" sizes=\"auto, (max-width: 473px) 100vw, 473px\" \/><\/figure>\n\n\n\n<p class=\"MsoNormal\">&nbsp;<\/p>\n\n\n\n<p class=\"MsoNormal\">&nbsp;<\/p>\n\n\n\n<p class=\"MsoNormal\">&nbsp;<\/p>\n\n\n\n<p class=\"MsoNormal\">&nbsp;<\/p>\n\n\n\n<p class=\"MsoNormal\">&nbsp;<\/p>\n","protected":false},"excerpt":{"rendered":"<p>Habitantes de la comunidad de Laguna Blanca de este municipio, reclaman el retiro de la granja Avitec de ese lugar, por la contaminaci\u00f3n permanente con desechos que se vierte a cielo abierto. Los inconformes piden la intervenci\u00f3n de la Procuradur\u00eda del Medio Ambiente y de la Secretar\u00eda de Medio Ambiente para clausurar la planta que&#8230; <\/p>\n<div class=\"clear\"><\/div>\n<p><a href=\"https:\/\/plumanegranoticias.com\/?p=11694\" class=\"excerpt-read-more\">Read More<i class=\"fa fa-caret-right icon-caret-right\"><\/i><\/a><\/p>\n","protected":false},"author":2,"featured_media":11696,"comment_status":"open","ping_status":"open","sticky":false,"template":"","format":"standard","meta":{"om_disable_all_campaigns":false,"_monsterinsights_skip_tracking":false,"_monsterinsights_sitenote_active":false,"_monsterinsights_sitenote_note":"","_monsterinsights_sitenote_category":0,"_uf_show_specific_survey":0,"_uf_disable_surveys":false,"footnotes":""},"categories":[67,8,12],"tags":[18,34],"class_list":["post-11694","post","type-post","status-publish","format-standard","has-post-thumbnail","hentry","category-policiaca","category-politica","category-regional","tag-noticia","tag-policiaca"],"aioseo_notices":[],"_links":{"self":[{"href":"https:\/\/plumanegranoticias.com\/index.php?rest_route=\/wp\/v2\/posts\/11694","targetHints":{"allow":["GET"]}}],"collection":[{"href":"https:\/\/plumanegranoticias.com\/index.php?rest_route=\/wp\/v2\/posts"}],"about":[{"href":"https:\/\/plumanegranoticias.com\/index.php?rest_route=\/wp\/v2\/types\/post"}],"author":[{"embeddable":true,"href":"https:\/\/plumanegranoticias.com\/index.php?rest_route=\/wp\/v2\/users\/2"}],"replies":[{"embeddable":true,"href":"https:\/\/plumanegranoticias.com\/index.php?rest_route=%2Fwp%2Fv2%2Fcomments&post=11694"}],"version-history":[{"count":1,"href":"https:\/\/plumanegranoticias.com\/index.php?rest_route=\/wp\/v2\/posts\/11694\/revisions"}],"predecessor-version":[{"id":11695,"href":"https:\/\/plumanegranoticias.com\/index.php?rest_route=\/wp\/v2\/posts\/11694\/revisions\/11695"}],"wp:featuredmedia":[{"embeddable":true,"href":"https:\/\/plumanegranoticias.com\/index.php?rest_route=\/wp\/v2\/media\/11696"}],"wp:attachment":[{"href":"https:\/\/plumanegranoticias.com\/index.php?rest_route=%2Fwp%2Fv2%2Fmedia&parent=11694"}],"wp:term":[{"taxonomy":"category","embeddable":true,"href":"https:\/\/plumanegranoticias.com\/index.php?rest_route=%2Fwp%2Fv2%2Fcategories&post=11694"},{"taxonomy":"post_tag","embeddable":true,"href":"https:\/\/plumanegranoticias.com\/index.php?rest_route=%2Fwp%2Fv2%2Ftags&post=11694"}],"curies":[{"name":"wp","href":"https:\/\/api.w.org\/{rel}","templated":true}]}}