{"id":11703,"date":"2025-09-11T08:47:47","date_gmt":"2025-09-11T14:47:47","guid":{"rendered":"https:\/\/plumanegranoticias.com\/?p=11703"},"modified":"2025-09-11T08:49:48","modified_gmt":"2025-09-11T14:49:48","slug":"cotaxtla-en-la-historia-1580","status":"publish","type":"post","link":"https:\/\/plumanegranoticias.com\/?p=11703","title":{"rendered":"COTAXTLA EN LA HISTORIA, 1580"},"content":{"rendered":"\n<p>Cr\u00f3nicas de Cotaxtla<br \/>Por Pedro Cruz.<br \/>Detalles de Cotaxtla en el lejano a\u00f1o de 1580.<\/p>\n\n\n\n<p>Felipe II, pidi\u00f3, en 1580, que le hiciesen una relaci\u00f3n de los pueblos de la costa, planicie y monta\u00f1as de Veracruz<\/p>\n\n\n\n<p>Cotaxtla se ubicaba, en quel tiempo, en la jurisdicci\u00f3n de Santiago Tuxtla.<\/p>\n\n\n\n<p>El Alcalde Mayor, Juan de la Medina, orden\u00f3 un censo. Esto fue lo que asentaron en el reporte enviado al rey de Espa\u00f1a:<\/p>\n\n\n\n<ul class=\"wp-block-list\">\n<li>La villa de Cotaxtla se ubica a 155 leguas de la ciudad de M\u00e9xico, en el obispado de Tlaxcala, y a 35 leguas de la catedral de Puebla.<\/li>\n\n\n\n<li>Est\u00e1 a 4 leguas de Santiago (Tuxtla) y 6 leguas de Tlalixcoyan, hacia el r\u00edo Alvarado.<\/li>\n\n\n\n<li>Cotaxtla quiere decir \u201ccuero\u201d y este es su nombre antiguo (Cuetlachtlan) y hablan la lengua mexicana (pinome).<\/li>\n\n\n\n<li>Tributaban a Moctezuma cacao y mantas de algod\u00f3n; adoraban a algunos \u00eddolos que hac\u00edan de piedra y barro.<\/li>\n\n\n\n<li>Sus vestidos eran unas mantas de algod\u00f3n, plumas y pa\u00f1os con el que cubr\u00edan sus verg\u00fcenzas; ahora andan vestidos con camisas, calzones, jubones, sombreros y algunos en h\u00e1bitos de espa\u00f1oles.<\/li>\n\n\n\n<li>Se mantienen de ma\u00edz, frijoles, pescados, venados, gallinas y perrillos de tierra. Vivieron antiguamente m\u00e1s sanos que ahora, porque vino una enfermedad que llamaban en su lengua coliztli (viruela) que mat\u00f3 a la gente, no quedan m\u00e1s que 20 indios.<\/li>\n\n\n\n<li>El poblado est\u00e1 entre cerros junto al r\u00edo.<\/li>\n\n\n\n<li>Es tierra enferma, por ser tierra caliente, cur\u00e1ndose los enfermos con yerbas fr\u00edas.<\/li>\n\n\n\n<li>El r\u00edo al que llaman Atoyaue (Atoyac) es caudaloso y en algunas partes de su ribera hacen sus sementeras (terrenos para cultivo).<\/li>\n\n\n\n<li>Ten\u00edan un cerro grande con una cueva donde ten\u00edan sus \u00eddolos y sacrificaban personas.<\/li>\n\n\n\n<li>Tienen ciruelos en la tierra, limas, naranjas y limones.<\/li>\n\n\n\n<li>Cultivan calabazas de Castilla, melones de Castilla y todo tipo de hortalizas.<\/li>\n\n\n\n<li>Las casas son de ca\u00f1as macizas, cubiertas de paja y techos de palma.<\/li>\n\n\n\n<li>No tienen salinas, proviene la sal de Campeche.<\/li>\n\n\n\n<li>En sus montes tienen venados, gallinas de monte, papagayos, palomas, pumas, onzas, zorros, coyotes; el pescado lo toman del r\u00edo se llama bobo y es muy apreciado.<\/li>\n\n\n\n<li>Tienen una iglesia peque\u00f1a en el pueblo.<\/li>\n<\/ul>\n\n\n\n<figure class=\"wp-block-image size-large\"><img loading=\"lazy\" decoding=\"async\" width=\"297\" height=\"300\" src=\"https:\/\/plumanegranoticias.com\/wp-content\/uploads\/2025\/09\/img-20250911-wa00614913452446278884637-297x300.jpg\" alt=\"\" class=\"wp-image-11701\" srcset=\"https:\/\/plumanegranoticias.com\/wp-content\/uploads\/2025\/09\/img-20250911-wa00614913452446278884637-297x300.jpg 297w, https:\/\/plumanegranoticias.com\/wp-content\/uploads\/2025\/09\/img-20250911-wa00614913452446278884637.jpg 641w\" sizes=\"auto, (max-width: 297px) 100vw, 297px\" \/><\/figure>\n\n\n\n<figure class=\"wp-block-image\"><img loading=\"lazy\" decoding=\"async\" width=\"1024\" height=\"614\" src=\"https:\/\/plumanegranoticias.com\/wp-content\/uploads\/2025\/09\/img-20250911-wa00576981190797532399074-1024x614.jpg\" alt=\"\" class=\"wp-image-11700\" srcset=\"https:\/\/plumanegranoticias.com\/wp-content\/uploads\/2025\/09\/img-20250911-wa00576981190797532399074-1024x614.jpg 1024w, https:\/\/plumanegranoticias.com\/wp-content\/uploads\/2025\/09\/img-20250911-wa00576981190797532399074-300x180.jpg 300w, https:\/\/plumanegranoticias.com\/wp-content\/uploads\/2025\/09\/img-20250911-wa00576981190797532399074-768x460.jpg 768w, https:\/\/plumanegranoticias.com\/wp-content\/uploads\/2025\/09\/img-20250911-wa00576981190797532399074-1536x921.jpg 1536w, https:\/\/plumanegranoticias.com\/wp-content\/uploads\/2025\/09\/img-20250911-wa00576981190797532399074.jpg 1600w\" sizes=\"auto, (max-width: 1024px) 100vw, 1024px\" \/><\/figure>\n","protected":false},"excerpt":{"rendered":"<p>Cr\u00f3nicas de CotaxtlaPor Pedro Cruz.Detalles de Cotaxtla en el lejano a\u00f1o de 1580. Felipe II, pidi\u00f3, en 1580, que le hiciesen una relaci\u00f3n de los pueblos de la costa, planicie y monta\u00f1as de Veracruz Cotaxtla se ubicaba, en quel tiempo, en la jurisdicci\u00f3n de Santiago Tuxtla. El Alcalde Mayor, Juan de la Medina, orden\u00f3 un&#8230; <\/p>\n<div class=\"clear\"><\/div>\n<p><a href=\"https:\/\/plumanegranoticias.com\/?p=11703\" class=\"excerpt-read-more\">Read More<i class=\"fa fa-caret-right icon-caret-right\"><\/i><\/a><\/p>\n","protected":false},"author":2,"featured_media":11702,"comment_status":"open","ping_status":"open","sticky":false,"template":"","format":"standard","meta":{"om_disable_all_campaigns":false,"_monsterinsights_skip_tracking":false,"_monsterinsights_sitenote_active":false,"_monsterinsights_sitenote_note":"","_monsterinsights_sitenote_category":0,"_uf_show_specific_survey":0,"_uf_disable_surveys":false,"footnotes":""},"categories":[67,8,12],"tags":[61,19],"class_list":["post-11703","post","type-post","status-publish","format-standard","has-post-thumbnail","hentry","category-policiaca","category-politica","category-regional","tag-politica","tag-regional"],"aioseo_notices":[],"_links":{"self":[{"href":"https:\/\/plumanegranoticias.com\/index.php?rest_route=\/wp\/v2\/posts\/11703","targetHints":{"allow":["GET"]}}],"collection":[{"href":"https:\/\/plumanegranoticias.com\/index.php?rest_route=\/wp\/v2\/posts"}],"about":[{"href":"https:\/\/plumanegranoticias.com\/index.php?rest_route=\/wp\/v2\/types\/post"}],"author":[{"embeddable":true,"href":"https:\/\/plumanegranoticias.com\/index.php?rest_route=\/wp\/v2\/users\/2"}],"replies":[{"embeddable":true,"href":"https:\/\/plumanegranoticias.com\/index.php?rest_route=%2Fwp%2Fv2%2Fcomments&post=11703"}],"version-history":[{"count":1,"href":"https:\/\/plumanegranoticias.com\/index.php?rest_route=\/wp\/v2\/posts\/11703\/revisions"}],"predecessor-version":[{"id":11704,"href":"https:\/\/plumanegranoticias.com\/index.php?rest_route=\/wp\/v2\/posts\/11703\/revisions\/11704"}],"wp:featuredmedia":[{"embeddable":true,"href":"https:\/\/plumanegranoticias.com\/index.php?rest_route=\/wp\/v2\/media\/11702"}],"wp:attachment":[{"href":"https:\/\/plumanegranoticias.com\/index.php?rest_route=%2Fwp%2Fv2%2Fmedia&parent=11703"}],"wp:term":[{"taxonomy":"category","embeddable":true,"href":"https:\/\/plumanegranoticias.com\/index.php?rest_route=%2Fwp%2Fv2%2Fcategories&post=11703"},{"taxonomy":"post_tag","embeddable":true,"href":"https:\/\/plumanegranoticias.com\/index.php?rest_route=%2Fwp%2Fv2%2Ftags&post=11703"}],"curies":[{"name":"wp","href":"https:\/\/api.w.org\/{rel}","templated":true}]}}