{"id":11708,"date":"2025-09-11T13:12:38","date_gmt":"2025-09-11T19:12:38","guid":{"rendered":"https:\/\/plumanegranoticias.com\/?p=11708"},"modified":"2025-09-11T13:13:24","modified_gmt":"2025-09-11T19:13:24","slug":"alcaldesa-de-alvarado-asegura-que-el-desarrollo-inmobiliario-no-se-detendra-por-el-cangrejo-azul","status":"publish","type":"post","link":"https:\/\/plumanegranoticias.com\/?p=11708","title":{"rendered":"Alcaldesa de Alvarado asegura que el desarrollo inmobiliario no se detendr\u00e1 por el cangrejo azul"},"content":{"rendered":"\n<p>Alejandro \u00c1vila<\/p>\n\n\n\n<p>Boca del R\u00edo, Ver.- La alcaldesa de Alvarado, Lizzette \u00c1lvarez Vera asegur\u00f3 en entrevista que, el desarrollo inmobiliario en Alvarado espec\u00edficamente en la Riviera Veracruzana, no se detendr\u00e1 por las solicitudes de grupos ambientalistas para rescatar al cangrejo azul que se encuentra en peligro de extinci\u00f3n.<\/p>\n\n\n\n<p>&#8220;El desarrollo y el crecimiento de un municipio, de una ciudad o de una zona, no lo podemos restringir porque el cangrejo azul pasa por la v\u00eda o transita por la carretera, lo \u00fanico que tenemos que hacer es respetar nuestros humedales nuestros manglares y respetar la zona de h\u00e1bitat del cangrejo azul, pero el que tiene un terreno en la Riviera Veracruzana y quiere desarrollarlo no tenemos por qu\u00e9 restringir el desarrollo de una ciudad, de un municipio por el tema del cangrejo&#8221;, sentenci\u00f3.<\/p>\n\n\n\n<p>La presidenta municipal dijo que esta problem\u00e1tica con el cangrejo azul no refiere a su administraci\u00f3n, ya que los que iniciaron con el proyecto de desarrollo inmobiliario en la Riviera Veracruzana debieron contemplar t\u00faneles o pasos a desnivel para la fauna end\u00e9mica, principalmente para el cangrejo azul que va a desovar a las playas de Alvarado.<\/p>\n\n\n\n<p>En ese sentido, dijo que si bien su administraci\u00f3n se encuentra trabajando en proyectos con los grupos ambientalistas para dar una soluci\u00f3n a la problem\u00e1tica con el cangrejo azul, dif\u00edcilmente podr\u00e1n concretarlos, pero conf\u00eda en que la pr\u00f3xima administraci\u00f3n encabezada por Beto Cobos logre llevarlos a cabo.<\/p>\n\n\n\n<figure class=\"wp-block-image size-large\"><img loading=\"lazy\" decoding=\"async\" width=\"300\" height=\"168\" src=\"https:\/\/plumanegranoticias.com\/wp-content\/uploads\/2025\/09\/img-20250911-wa0127774730722383074919-300x168.jpg\" alt=\"\" class=\"wp-image-11705\" srcset=\"https:\/\/plumanegranoticias.com\/wp-content\/uploads\/2025\/09\/img-20250911-wa0127774730722383074919-300x168.jpg 300w, https:\/\/plumanegranoticias.com\/wp-content\/uploads\/2025\/09\/img-20250911-wa0127774730722383074919.jpg 412w\" sizes=\"auto, (max-width: 300px) 100vw, 300px\" \/><\/figure>\n\n\n\n<figure class=\"wp-block-image\"><img loading=\"lazy\" decoding=\"async\" width=\"1024\" height=\"768\" src=\"https:\/\/plumanegranoticias.com\/wp-content\/uploads\/2025\/09\/img-20250911-wa01266340582724097015349-1024x768.jpg\" alt=\"\" class=\"wp-image-11706\" srcset=\"https:\/\/plumanegranoticias.com\/wp-content\/uploads\/2025\/09\/img-20250911-wa01266340582724097015349-1024x768.jpg 1024w, https:\/\/plumanegranoticias.com\/wp-content\/uploads\/2025\/09\/img-20250911-wa01266340582724097015349-300x225.jpg 300w, https:\/\/plumanegranoticias.com\/wp-content\/uploads\/2025\/09\/img-20250911-wa01266340582724097015349-768x576.jpg 768w, https:\/\/plumanegranoticias.com\/wp-content\/uploads\/2025\/09\/img-20250911-wa01266340582724097015349-1536x1152.jpg 1536w, https:\/\/plumanegranoticias.com\/wp-content\/uploads\/2025\/09\/img-20250911-wa01266340582724097015349-400x300.jpg 400w, https:\/\/plumanegranoticias.com\/wp-content\/uploads\/2025\/09\/img-20250911-wa01266340582724097015349.jpg 1600w\" sizes=\"auto, (max-width: 1024px) 100vw, 1024px\" \/><\/figure>\n","protected":false},"excerpt":{"rendered":"<p>Alejandro \u00c1vila Boca del R\u00edo, Ver.- La alcaldesa de Alvarado, Lizzette \u00c1lvarez Vera asegur\u00f3 en entrevista que, el desarrollo inmobiliario en Alvarado espec\u00edficamente en la Riviera Veracruzana, no se detendr\u00e1 por las solicitudes de grupos ambientalistas para rescatar al cangrejo azul que se encuentra en peligro de extinci\u00f3n. &#8220;El desarrollo y el crecimiento de un&#8230; <\/p>\n<div class=\"clear\"><\/div>\n<p><a href=\"https:\/\/plumanegranoticias.com\/?p=11708\" class=\"excerpt-read-more\">Read More<i class=\"fa fa-caret-right icon-caret-right\"><\/i><\/a><\/p>\n","protected":false},"author":2,"featured_media":11707,"comment_status":"open","ping_status":"open","sticky":false,"template":"","format":"standard","meta":{"om_disable_all_campaigns":false,"_monsterinsights_skip_tracking":false,"_monsterinsights_sitenote_active":false,"_monsterinsights_sitenote_note":"","_monsterinsights_sitenote_category":0,"_uf_show_specific_survey":0,"_uf_disable_surveys":false,"footnotes":""},"categories":[67,8,12],"tags":[22,18],"class_list":["post-11708","post","type-post","status-publish","format-standard","has-post-thumbnail","hentry","category-policiaca","category-politica","category-regional","tag-nota-roja","tag-noticia"],"aioseo_notices":[],"_links":{"self":[{"href":"https:\/\/plumanegranoticias.com\/index.php?rest_route=\/wp\/v2\/posts\/11708","targetHints":{"allow":["GET"]}}],"collection":[{"href":"https:\/\/plumanegranoticias.com\/index.php?rest_route=\/wp\/v2\/posts"}],"about":[{"href":"https:\/\/plumanegranoticias.com\/index.php?rest_route=\/wp\/v2\/types\/post"}],"author":[{"embeddable":true,"href":"https:\/\/plumanegranoticias.com\/index.php?rest_route=\/wp\/v2\/users\/2"}],"replies":[{"embeddable":true,"href":"https:\/\/plumanegranoticias.com\/index.php?rest_route=%2Fwp%2Fv2%2Fcomments&post=11708"}],"version-history":[{"count":1,"href":"https:\/\/plumanegranoticias.com\/index.php?rest_route=\/wp\/v2\/posts\/11708\/revisions"}],"predecessor-version":[{"id":11709,"href":"https:\/\/plumanegranoticias.com\/index.php?rest_route=\/wp\/v2\/posts\/11708\/revisions\/11709"}],"wp:featuredmedia":[{"embeddable":true,"href":"https:\/\/plumanegranoticias.com\/index.php?rest_route=\/wp\/v2\/media\/11707"}],"wp:attachment":[{"href":"https:\/\/plumanegranoticias.com\/index.php?rest_route=%2Fwp%2Fv2%2Fmedia&parent=11708"}],"wp:term":[{"taxonomy":"category","embeddable":true,"href":"https:\/\/plumanegranoticias.com\/index.php?rest_route=%2Fwp%2Fv2%2Fcategories&post=11708"},{"taxonomy":"post_tag","embeddable":true,"href":"https:\/\/plumanegranoticias.com\/index.php?rest_route=%2Fwp%2Fv2%2Ftags&post=11708"}],"curies":[{"name":"wp","href":"https:\/\/api.w.org\/{rel}","templated":true}]}}