{"id":11713,"date":"2025-09-11T13:18:14","date_gmt":"2025-09-11T19:18:14","guid":{"rendered":"https:\/\/plumanegranoticias.com\/?p=11713"},"modified":"2025-09-11T13:20:33","modified_gmt":"2025-09-11T19:20:33","slug":"desalojan-a-locatarios-del-mercado-malibran","status":"publish","type":"post","link":"https:\/\/plumanegranoticias.com\/?p=11713","title":{"rendered":"Desalojan a locatarios del Mercado Malibr\u00e1n"},"content":{"rendered":"\n<figure class=\"wp-block-image size-large\"><img loading=\"lazy\" decoding=\"async\" width=\"1024\" height=\"768\" src=\"https:\/\/plumanegranoticias.com\/wp-content\/uploads\/2025\/09\/img-20250911-wa01374205507143275857966-1024x768.jpg\" alt=\"\" class=\"wp-image-11712\" srcset=\"https:\/\/plumanegranoticias.com\/wp-content\/uploads\/2025\/09\/img-20250911-wa01374205507143275857966-1024x768.jpg 1024w, https:\/\/plumanegranoticias.com\/wp-content\/uploads\/2025\/09\/img-20250911-wa01374205507143275857966-300x225.jpg 300w, https:\/\/plumanegranoticias.com\/wp-content\/uploads\/2025\/09\/img-20250911-wa01374205507143275857966-768x576.jpg 768w, https:\/\/plumanegranoticias.com\/wp-content\/uploads\/2025\/09\/img-20250911-wa01374205507143275857966-1536x1152.jpg 1536w, https:\/\/plumanegranoticias.com\/wp-content\/uploads\/2025\/09\/img-20250911-wa01374205507143275857966-400x300.jpg 400w, https:\/\/plumanegranoticias.com\/wp-content\/uploads\/2025\/09\/img-20250911-wa01374205507143275857966.jpg 1600w\" sizes=\"auto, (max-width: 1024px) 100vw, 1024px\" \/><\/figure>\n\n\n\n<p>Piden ayuda alcaldesa de Veracruz ante presunto despojo ilegal de locales en mercado Malibr\u00e1n<\/p>\n\n\n\n<p>Alejandro \u00c1vila<\/p>\n\n\n\n<p>Veracruz, Ver.- Al menos 10 locatarios han sido despojados ilegalmente de sus espacios en el mercado Malibr\u00e1n, presuntamente por orden del director de Comercio, Jorge Manuel D\u00edaz Mir\u00f3n, en conjunto con el l\u00edder de la zona, Antonio Castro.<\/p>\n\n\n\n<p>Los quejosos solicitaron el apoyo de la alcaldesa Patricia Lobeira, debido a esta acci\u00f3n irregular y fuera de la ley, ya que ellos presentaron su documentaci\u00f3n que los avala como propietarios.<\/p>\n\n\n\n<p>Mar\u00eda del Carmen Garc\u00eda Paredes relat\u00f3 que, a pesar de contar con documentos que acreditan la cesi\u00f3n de derechos y haber realizado pagos al Ayuntamiento, se les ha negado el pago de &#8220;piso&#8221; y se les ha intentado desalojar de manera irregular.<\/p>\n\n\n\n<p>Se\u00f1ala directamente a un individuo de nombre To\u00f1o Castro, quien afirma tener la protecci\u00f3n de Miguel \u00c1ngel Yunes M\u00e1rquez, y que, con el apoyo del director de comercio, Jorge Manuel D\u00edaz Mir\u00f3n Rabasa, estar\u00eda promoviendo el desalojo y despojo.<\/p>\n\n\n\n<p>La locataria exige la intervenci\u00f3n directa de la alcaldesa, ya que no conf\u00eda en el director de comercio, Jorge D\u00edaz Mir\u00f3n, para resolver la situaci\u00f3n. Alegan que funcionarios del Ayuntamiento est\u00e1n desconociendo los documentos que acreditan su posesi\u00f3n de los locales y que se est\u00e1n utilizando t\u00e1cticas de intimidaci\u00f3n para obligarlos a desalojar.<\/p>\n","protected":false},"excerpt":{"rendered":"<p>Piden ayuda alcaldesa de Veracruz ante presunto despojo ilegal de locales en mercado Malibr\u00e1n Alejandro \u00c1vila Veracruz, Ver.- Al menos 10 locatarios han sido despojados ilegalmente de sus espacios en el mercado Malibr\u00e1n, presuntamente por orden del director de Comercio, Jorge Manuel D\u00edaz Mir\u00f3n, en conjunto con el l\u00edder de la zona, Antonio Castro. Los&#8230; <\/p>\n<div class=\"clear\"><\/div>\n<p><a href=\"https:\/\/plumanegranoticias.com\/?p=11713\" class=\"excerpt-read-more\">Read More<i class=\"fa fa-caret-right icon-caret-right\"><\/i><\/a><\/p>\n","protected":false},"author":2,"featured_media":11721,"comment_status":"open","ping_status":"open","sticky":false,"template":"","format":"standard","meta":{"om_disable_all_campaigns":false,"_monsterinsights_skip_tracking":false,"_monsterinsights_sitenote_active":false,"_monsterinsights_sitenote_note":"","_monsterinsights_sitenote_category":0,"_uf_show_specific_survey":0,"_uf_disable_surveys":false,"footnotes":""},"categories":[67,8,12],"tags":[20,22],"class_list":["post-11713","post","type-post","status-publish","format-standard","has-post-thumbnail","hentry","category-policiaca","category-politica","category-regional","tag-negocios","tag-nota-roja"],"aioseo_notices":[],"_links":{"self":[{"href":"https:\/\/plumanegranoticias.com\/index.php?rest_route=\/wp\/v2\/posts\/11713","targetHints":{"allow":["GET"]}}],"collection":[{"href":"https:\/\/plumanegranoticias.com\/index.php?rest_route=\/wp\/v2\/posts"}],"about":[{"href":"https:\/\/plumanegranoticias.com\/index.php?rest_route=\/wp\/v2\/types\/post"}],"author":[{"embeddable":true,"href":"https:\/\/plumanegranoticias.com\/index.php?rest_route=\/wp\/v2\/users\/2"}],"replies":[{"embeddable":true,"href":"https:\/\/plumanegranoticias.com\/index.php?rest_route=%2Fwp%2Fv2%2Fcomments&post=11713"}],"version-history":[{"count":1,"href":"https:\/\/plumanegranoticias.com\/index.php?rest_route=\/wp\/v2\/posts\/11713\/revisions"}],"predecessor-version":[{"id":11714,"href":"https:\/\/plumanegranoticias.com\/index.php?rest_route=\/wp\/v2\/posts\/11713\/revisions\/11714"}],"wp:featuredmedia":[{"embeddable":true,"href":"https:\/\/plumanegranoticias.com\/index.php?rest_route=\/wp\/v2\/media\/11721"}],"wp:attachment":[{"href":"https:\/\/plumanegranoticias.com\/index.php?rest_route=%2Fwp%2Fv2%2Fmedia&parent=11713"}],"wp:term":[{"taxonomy":"category","embeddable":true,"href":"https:\/\/plumanegranoticias.com\/index.php?rest_route=%2Fwp%2Fv2%2Fcategories&post=11713"},{"taxonomy":"post_tag","embeddable":true,"href":"https:\/\/plumanegranoticias.com\/index.php?rest_route=%2Fwp%2Fv2%2Ftags&post=11713"}],"curies":[{"name":"wp","href":"https:\/\/api.w.org\/{rel}","templated":true}]}}