{"id":11719,"date":"2025-09-11T13:19:59","date_gmt":"2025-09-11T19:19:59","guid":{"rendered":"https:\/\/plumanegranoticias.com\/?p=11719"},"modified":"2025-09-11T13:20:30","modified_gmt":"2025-09-11T19:20:30","slug":"se-va-huerta-a-mc","status":"publish","type":"post","link":"https:\/\/plumanegranoticias.com\/?p=11719","title":{"rendered":"Se va Huerta a MC"},"content":{"rendered":"\n<p>Pluma Negra<br \/>Ignacio Alvarez\/Opini\u00f3n <br \/>SE VA HUERTA<br \/>El precursor de la fractura de Morena en la pasada elecci\u00f3n municipal de Veracruz, que redujo un mill\u00f3n votos al partido en el poder, alista su salida de las filas morenistas en alianzas oscuras con el dirigente formal de Movimiento Ciudadano, Jorge Alvarez M\u00e1ynez y con el due\u00f1o de esa franquicia, Dante Delgado Rannauro.<br \/>Tras el triunfo de Morena en Poza Rica, tras el recuento de votos, el senador Manuel Huerta Ladr\u00f3n de Guevara acelera su proceso de integraci\u00f3n a MC con la presunci\u00f3n de un mill\u00f3n de votos en su maleta. El trapecio est\u00e1 listo y reforzado para recibir al pesado personaje.<br \/>Huerta esconde bajo su actitud ladina, el miedo al desafuero y a la c\u00e1rcel por sus expedientes judiciales por acoso sexual ante su virtual expulsi\u00f3n de Morena, por eso, ha buscado asesor\u00eda con el clan Yunes, especialistas en burlar la ley.<br \/>La expulsi\u00f3n del senador Manuel Huerta de Morena ya fue solicitada con presuntas pruebas de proponer y apoyar a mas de 70 candidatos, entres ellos a Emilio Olvera que ayer perdi\u00f3 la alcald\u00eda de Poza Rica en el recuento de votos ordenado por los tribunales electorelectorales.<br \/>Huerta es uno de las docenas de traidores de Morena que a\u00fan polulan en el territorio de Nahle como c\u00e9lulas diapersas que buscan poder e impunidad a trav\u00e9s de patadas al pesebre que los vio nacer.<br \/>El capital pol\u00edtico de Huerta no es un trabajo partidista ni personal, sino los padrones de beneficiarios de los programas sociales que manej\u00f3 en el sexenio pasado.<\/p>\n\n\n\n<figure class=\"wp-block-image size-large\"><img loading=\"lazy\" decoding=\"async\" width=\"1024\" height=\"663\" src=\"https:\/\/plumanegranoticias.com\/wp-content\/uploads\/2025\/09\/fb_img_17576181970716575609495813997554-1024x663.jpg\" alt=\"\" class=\"wp-image-11716\" srcset=\"https:\/\/plumanegranoticias.com\/wp-content\/uploads\/2025\/09\/fb_img_17576181970716575609495813997554-1024x663.jpg 1024w, https:\/\/plumanegranoticias.com\/wp-content\/uploads\/2025\/09\/fb_img_17576181970716575609495813997554-300x194.jpg 300w, https:\/\/plumanegranoticias.com\/wp-content\/uploads\/2025\/09\/fb_img_17576181970716575609495813997554-768x497.jpg 768w, https:\/\/plumanegranoticias.com\/wp-content\/uploads\/2025\/09\/fb_img_17576181970716575609495813997554.jpg 1080w\" sizes=\"auto, (max-width: 1024px) 100vw, 1024px\" \/><\/figure>\n\n\n\n<figure class=\"wp-block-image size-large\"><img loading=\"lazy\" decoding=\"async\" width=\"1024\" height=\"663\" src=\"https:\/\/plumanegranoticias.com\/wp-content\/uploads\/2025\/09\/fb_img_17576181970713885087714108927582-1024x663.jpg\" alt=\"\" class=\"wp-image-11718\" srcset=\"https:\/\/plumanegranoticias.com\/wp-content\/uploads\/2025\/09\/fb_img_17576181970713885087714108927582-1024x663.jpg 1024w, https:\/\/plumanegranoticias.com\/wp-content\/uploads\/2025\/09\/fb_img_17576181970713885087714108927582-300x194.jpg 300w, https:\/\/plumanegranoticias.com\/wp-content\/uploads\/2025\/09\/fb_img_17576181970713885087714108927582-768x497.jpg 768w, https:\/\/plumanegranoticias.com\/wp-content\/uploads\/2025\/09\/fb_img_17576181970713885087714108927582.jpg 1080w\" sizes=\"auto, (max-width: 1024px) 100vw, 1024px\" \/><\/figure>\n","protected":false},"excerpt":{"rendered":"<p>Pluma NegraIgnacio Alvarez\/Opini\u00f3n SE VA HUERTAEl precursor de la fractura de Morena en la pasada elecci\u00f3n municipal de Veracruz, que redujo un mill\u00f3n votos al partido en el poder, alista su salida de las filas morenistas en alianzas oscuras con el dirigente formal de Movimiento Ciudadano, Jorge Alvarez M\u00e1ynez y con el due\u00f1o de esa&#8230; <\/p>\n<div class=\"clear\"><\/div>\n<p><a href=\"https:\/\/plumanegranoticias.com\/?p=11719\" class=\"excerpt-read-more\">Read More<i class=\"fa fa-caret-right icon-caret-right\"><\/i><\/a><\/p>\n","protected":false},"author":2,"featured_media":11717,"comment_status":"open","ping_status":"open","sticky":false,"template":"","format":"standard","meta":{"om_disable_all_campaigns":false,"_monsterinsights_skip_tracking":false,"_monsterinsights_sitenote_active":false,"_monsterinsights_sitenote_note":"","_monsterinsights_sitenote_category":0,"_uf_show_specific_survey":0,"_uf_disable_surveys":false,"footnotes":""},"categories":[16,8,12],"tags":[37],"class_list":["post-11719","post","type-post","status-publish","format-standard","has-post-thumbnail","hentry","category-plumazos","category-politica","category-regional","tag-editorial"],"aioseo_notices":[],"_links":{"self":[{"href":"https:\/\/plumanegranoticias.com\/index.php?rest_route=\/wp\/v2\/posts\/11719","targetHints":{"allow":["GET"]}}],"collection":[{"href":"https:\/\/plumanegranoticias.com\/index.php?rest_route=\/wp\/v2\/posts"}],"about":[{"href":"https:\/\/plumanegranoticias.com\/index.php?rest_route=\/wp\/v2\/types\/post"}],"author":[{"embeddable":true,"href":"https:\/\/plumanegranoticias.com\/index.php?rest_route=\/wp\/v2\/users\/2"}],"replies":[{"embeddable":true,"href":"https:\/\/plumanegranoticias.com\/index.php?rest_route=%2Fwp%2Fv2%2Fcomments&post=11719"}],"version-history":[{"count":1,"href":"https:\/\/plumanegranoticias.com\/index.php?rest_route=\/wp\/v2\/posts\/11719\/revisions"}],"predecessor-version":[{"id":11720,"href":"https:\/\/plumanegranoticias.com\/index.php?rest_route=\/wp\/v2\/posts\/11719\/revisions\/11720"}],"wp:featuredmedia":[{"embeddable":true,"href":"https:\/\/plumanegranoticias.com\/index.php?rest_route=\/wp\/v2\/media\/11717"}],"wp:attachment":[{"href":"https:\/\/plumanegranoticias.com\/index.php?rest_route=%2Fwp%2Fv2%2Fmedia&parent=11719"}],"wp:term":[{"taxonomy":"category","embeddable":true,"href":"https:\/\/plumanegranoticias.com\/index.php?rest_route=%2Fwp%2Fv2%2Fcategories&post=11719"},{"taxonomy":"post_tag","embeddable":true,"href":"https:\/\/plumanegranoticias.com\/index.php?rest_route=%2Fwp%2Fv2%2Ftags&post=11719"}],"curies":[{"name":"wp","href":"https:\/\/api.w.org\/{rel}","templated":true}]}}