{"id":11727,"date":"2025-09-11T13:45:34","date_gmt":"2025-09-11T19:45:34","guid":{"rendered":"https:\/\/plumanegranoticias.com\/?p=11727"},"modified":"2025-09-11T13:46:24","modified_gmt":"2025-09-11T19:46:24","slug":"llama-fesapauv-a-defender-la-institucionalidad-y-autonomia-de-la-uv","status":"publish","type":"post","link":"https:\/\/plumanegranoticias.com\/?p=11727","title":{"rendered":"Llama FESAPAUV a defender la institucionalidad y autonom\u00eda de la UV"},"content":{"rendered":"\n<p>-Es una gran mentira que el nivel acad\u00e9mico se est\u00e9 cayendo, no vamos a permitir que nos falten al respeto: Levet<\/p>\n\n\n\n<p><em>Xalapa, Ver., <\/em>El Sindicato Estatal del Personal Acad\u00e9mico de la Universidad Veracruzana (FESAPUV) llam\u00f3 a las y los acad\u00e9micos a defender la institucionalidad y la autonom\u00eda de la Casa de Estudios y, a no permitir que se diga que el nivel acad\u00e9mico se est\u00e1 cayendo, porque eso es una gran mentira.<\/p>\n\n\n\n<p>En la ceremonia por el 81 aniversario de la instituci\u00f3n de educaci\u00f3n superior p\u00fablica, encabezada por el rector Mart\u00edn Aguilar S\u00e1nchez; el secretario general del Sindicato, Enrique Levet Gorozpe, record\u00f3 que hace 81 a\u00f1os el profesor y poeta Manuel Su\u00e1rez Trujillo fue el primer rector, en 1944 y desde momento, la UV ha crecido extraordinariamente, ha llevado la educaci\u00f3n, la investigaci\u00f3n, la difusi\u00f3n y la extensi\u00f3n de la cultura a todos los rincones del Estado y m\u00e1s all\u00e1 de las fronteras de Veracruz.<\/p>\n\n\n\n<p>\u201cPor eso hoy con mucho entusiasmo venimos a celebrar, venimos a decirnos que hemos hecho un trabajo extraordinario, que los acad\u00e9micos estamos en las aulas, no nos inquieta nada, porque entendemos de las libertades que debe tener la Universidad Veracruzana.<\/p>\n\n\n\n<p>Es una universidad de una enorme pluralidad ideol\u00f3gica, donde se valen todas las expresiones y todos los comentarios, siempre y cuando sean de respeto y en bien de nuestra instituci\u00f3n. No aceptamos de ninguna manera que se denueste a la Universidad diciendo que se est\u00e1 cayendo el nivel acad\u00e9mico, esa es una gran mentira, porque el nivel acad\u00e9mico lo construimos desde las aulas, desde los laboratorios, desde los talleres, los acad\u00e9micos, por eso no vamos a permitir que se nos falte al respeto\u201d, sostuvo.<\/p>\n\n\n\n<p>Ante miles de acad\u00e9micos, personal administrativo, vicerrectores y autoridades universitarias, Levet Gorozpe enfatiz\u00f3 que el 22 de febrero del pr\u00f3ximo a\u00f1o, el Sindicato cumplir\u00e1 50 a\u00f1os de vida acompa\u00f1ando a la gran instituci\u00f3n y a las autoridades.<\/p>\n\n\n\n<p>Ah\u00ed, afirm\u00f3 que el FESAPAUV es un sindicato referente en el sindicalismo y en las luchas sociales, as\u00ed como un referente nacional en la b\u00fasqueda de las mejores condiciones de vida para los trabajadores.<\/p>\n\n\n\n<p>\u201cY en esa ruta siempre hemos defendido el concepto de autonom\u00eda de la Universidad, que respetamos porque es la base y el sustento para impulsar una educaci\u00f3n democr\u00e1tica, participativa y de una gran amplitud para los j\u00f3venes que desean estudiar una carrera profesional en el estado de Veracruz\u201d, enfatiz\u00f3.<\/p>\n\n\n\n<p>El secretario general de FESAPAUV mencion\u00f3 que aqu\u00ed se han formado los mejores j\u00f3venes que han servido al Estado y al Pa\u00eds, adem\u00e1s, de aqu\u00ed han egresado profesionistas altamente calificados para atender los grandes retos que hoy enfrenta la sociedad.<\/p>\n\n\n\n<p>\u201cPor eso venimos a defender a nuestra Universidad Veracruzana, a impulsarla, a decir que estamos en las aulas y si quieren que estemos en las calles para defender a nuestra instituci\u00f3n, tambi\u00e9n venimos a la calle, porque somos valientes y nos enfrentamos a quien sea\u201d, resalt\u00f3.<\/p>\n\n\n\n<p>Manifest\u00f3 que la Universidad cumplir\u00e1 30 a\u00f1os de vida aut\u00f3noma, por lo que lament\u00f3 que quienes han estado al frente, hoy denuesten a la instituci\u00f3n.<\/p>\n\n\n\n<p>\u201cEllos construyeron y si hay algo malo en esta universidad, nosotros lo estamos recomponiendo y esa es la lucha que vamos a dar en los pr\u00f3ximos a\u00f1os. Por eso, hoy venimos a reafirmar nuestra pasi\u00f3n por la Universidad, nos vibra el coraz\u00f3n cuando hablamos de la UV y estamos en la decisi\u00f3n de formar un gran frente que defienda a nuestra instituci\u00f3n sobre aquellas personas que desde el exterior quieren venirnos a decir c\u00f3mo se hace la Universidad, eso lo sabemos nosotros.<\/p>\n\n\n\n<p>Por eso hemos estado al frente de nuestra instituci\u00f3n siempre defendiendo su presupuesto, defendiendo sus luchas y, defendiendo que esta universidad sea cada vez m\u00e1s grande para atender a un n\u00famero mayor de estudiantes. \u00a1Viva la Universidad Veracruzana, \u00a1viva el sindicalismo universitario!\u201d, destac\u00f3 el l\u00edder de los acad\u00e9micos de la Casa de Estudios.<\/p>\n\n\n\n<p>En el acto el rector, Mart\u00edn Aguilar S\u00e1nchez, agradeci\u00f3 a la comunidad universitaria de participar en el aniversario de la Casa de Estudios, de hacer aportaciones a la docencia, a la ciencia, a la transmisi\u00f3n del conocimiento y a la conservaci\u00f3n de la rica cultura.<\/p>\n\n\n\n<p>\u201cSon ustedes el coraz\u00f3n y el alma de esta instituci\u00f3n, por eso ahora quiero invitarlos a que juntas y juntos llevemos desde nuestras aulas a nuestra universidad hacia la excelencia como lo propone mi plan de trabajo 2025-2029\u201d, subray\u00f3.<\/p>\n\n\n\n<figure class=\"wp-block-image size-large\"><img loading=\"lazy\" decoding=\"async\" width=\"1024\" height=\"768\" src=\"https:\/\/plumanegranoticias.com\/wp-content\/uploads\/2025\/09\/img-20250911-wa01444047373969890415470-1024x768.jpg\" alt=\"\" class=\"wp-image-11725\" srcset=\"https:\/\/plumanegranoticias.com\/wp-content\/uploads\/2025\/09\/img-20250911-wa01444047373969890415470-1024x768.jpg 1024w, https:\/\/plumanegranoticias.com\/wp-content\/uploads\/2025\/09\/img-20250911-wa01444047373969890415470-300x225.jpg 300w, https:\/\/plumanegranoticias.com\/wp-content\/uploads\/2025\/09\/img-20250911-wa01444047373969890415470-768x576.jpg 768w, https:\/\/plumanegranoticias.com\/wp-content\/uploads\/2025\/09\/img-20250911-wa01444047373969890415470-1536x1152.jpg 1536w, https:\/\/plumanegranoticias.com\/wp-content\/uploads\/2025\/09\/img-20250911-wa01444047373969890415470-400x300.jpg 400w, https:\/\/plumanegranoticias.com\/wp-content\/uploads\/2025\/09\/img-20250911-wa01444047373969890415470.jpg 1600w\" sizes=\"auto, (max-width: 1024px) 100vw, 1024px\" \/><\/figure>\n\n\n\n<figure class=\"wp-block-image\"><img loading=\"lazy\" decoding=\"async\" width=\"1024\" height=\"432\" src=\"https:\/\/plumanegranoticias.com\/wp-content\/uploads\/2025\/09\/img-20250911-wa01433347607598965626995-1024x432.jpg\" alt=\"\" class=\"wp-image-11723\" srcset=\"https:\/\/plumanegranoticias.com\/wp-content\/uploads\/2025\/09\/img-20250911-wa01433347607598965626995-1024x432.jpg 1024w, https:\/\/plumanegranoticias.com\/wp-content\/uploads\/2025\/09\/img-20250911-wa01433347607598965626995-300x127.jpg 300w, https:\/\/plumanegranoticias.com\/wp-content\/uploads\/2025\/09\/img-20250911-wa01433347607598965626995-768x324.jpg 768w, https:\/\/plumanegranoticias.com\/wp-content\/uploads\/2025\/09\/img-20250911-wa01433347607598965626995-1536x648.jpg 1536w, https:\/\/plumanegranoticias.com\/wp-content\/uploads\/2025\/09\/img-20250911-wa01433347607598965626995.jpg 1600w\" sizes=\"auto, (max-width: 1024px) 100vw, 1024px\" \/><\/figure>\n\n\n\n<figure class=\"wp-block-image\"><img loading=\"lazy\" decoding=\"async\" width=\"1024\" height=\"555\" src=\"https:\/\/plumanegranoticias.com\/wp-content\/uploads\/2025\/09\/img-20250911-wa01426946289363614380767-1024x555.jpg\" alt=\"\" class=\"wp-image-11722\" srcset=\"https:\/\/plumanegranoticias.com\/wp-content\/uploads\/2025\/09\/img-20250911-wa01426946289363614380767-1024x555.jpg 1024w, https:\/\/plumanegranoticias.com\/wp-content\/uploads\/2025\/09\/img-20250911-wa01426946289363614380767-300x163.jpg 300w, https:\/\/plumanegranoticias.com\/wp-content\/uploads\/2025\/09\/img-20250911-wa01426946289363614380767-768x416.jpg 768w, https:\/\/plumanegranoticias.com\/wp-content\/uploads\/2025\/09\/img-20250911-wa01426946289363614380767-1536x832.jpg 1536w, https:\/\/plumanegranoticias.com\/wp-content\/uploads\/2025\/09\/img-20250911-wa01426946289363614380767.jpg 1600w\" sizes=\"auto, (max-width: 1024px) 100vw, 1024px\" \/><\/figure>\n\n\n\n<figure class=\"wp-block-image\"><img loading=\"lazy\" decoding=\"async\" width=\"1024\" height=\"529\" src=\"https:\/\/plumanegranoticias.com\/wp-content\/uploads\/2025\/09\/img-20250911-wa01467564626728901868272-1024x529.jpg\" alt=\"\" class=\"wp-image-11724\" srcset=\"https:\/\/plumanegranoticias.com\/wp-content\/uploads\/2025\/09\/img-20250911-wa01467564626728901868272-1024x529.jpg 1024w, https:\/\/plumanegranoticias.com\/wp-content\/uploads\/2025\/09\/img-20250911-wa01467564626728901868272-300x155.jpg 300w, https:\/\/plumanegranoticias.com\/wp-content\/uploads\/2025\/09\/img-20250911-wa01467564626728901868272-768x396.jpg 768w, https:\/\/plumanegranoticias.com\/wp-content\/uploads\/2025\/09\/img-20250911-wa01467564626728901868272-1536x793.jpg 1536w, https:\/\/plumanegranoticias.com\/wp-content\/uploads\/2025\/09\/img-20250911-wa01467564626728901868272.jpg 1600w\" sizes=\"auto, (max-width: 1024px) 100vw, 1024px\" \/><\/figure>\n","protected":false},"excerpt":{"rendered":"<p>-Es una gran mentira que el nivel acad\u00e9mico se est\u00e9 cayendo, no vamos a permitir que nos falten al respeto: Levet Xalapa, Ver., El Sindicato Estatal del Personal Acad\u00e9mico de la Universidad Veracruzana (FESAPUV) llam\u00f3 a las y los acad\u00e9micos a defender la institucionalidad y la autonom\u00eda de la Casa de Estudios y, a no&#8230; <\/p>\n<div class=\"clear\"><\/div>\n<p><a href=\"https:\/\/plumanegranoticias.com\/?p=11727\" class=\"excerpt-read-more\">Read More<i class=\"fa fa-caret-right icon-caret-right\"><\/i><\/a><\/p>\n","protected":false},"author":2,"featured_media":11726,"comment_status":"open","ping_status":"open","sticky":false,"template":"","format":"standard","meta":{"om_disable_all_campaigns":false,"_monsterinsights_skip_tracking":false,"_monsterinsights_sitenote_active":false,"_monsterinsights_sitenote_note":"","_monsterinsights_sitenote_category":0,"_uf_show_specific_survey":0,"_uf_disable_surveys":false,"footnotes":""},"categories":[8,12],"tags":[22,18],"class_list":["post-11727","post","type-post","status-publish","format-standard","has-post-thumbnail","hentry","category-politica","category-regional","tag-nota-roja","tag-noticia"],"aioseo_notices":[],"_links":{"self":[{"href":"https:\/\/plumanegranoticias.com\/index.php?rest_route=\/wp\/v2\/posts\/11727","targetHints":{"allow":["GET"]}}],"collection":[{"href":"https:\/\/plumanegranoticias.com\/index.php?rest_route=\/wp\/v2\/posts"}],"about":[{"href":"https:\/\/plumanegranoticias.com\/index.php?rest_route=\/wp\/v2\/types\/post"}],"author":[{"embeddable":true,"href":"https:\/\/plumanegranoticias.com\/index.php?rest_route=\/wp\/v2\/users\/2"}],"replies":[{"embeddable":true,"href":"https:\/\/plumanegranoticias.com\/index.php?rest_route=%2Fwp%2Fv2%2Fcomments&post=11727"}],"version-history":[{"count":1,"href":"https:\/\/plumanegranoticias.com\/index.php?rest_route=\/wp\/v2\/posts\/11727\/revisions"}],"predecessor-version":[{"id":11728,"href":"https:\/\/plumanegranoticias.com\/index.php?rest_route=\/wp\/v2\/posts\/11727\/revisions\/11728"}],"wp:featuredmedia":[{"embeddable":true,"href":"https:\/\/plumanegranoticias.com\/index.php?rest_route=\/wp\/v2\/media\/11726"}],"wp:attachment":[{"href":"https:\/\/plumanegranoticias.com\/index.php?rest_route=%2Fwp%2Fv2%2Fmedia&parent=11727"}],"wp:term":[{"taxonomy":"category","embeddable":true,"href":"https:\/\/plumanegranoticias.com\/index.php?rest_route=%2Fwp%2Fv2%2Fcategories&post=11727"},{"taxonomy":"post_tag","embeddable":true,"href":"https:\/\/plumanegranoticias.com\/index.php?rest_route=%2Fwp%2Fv2%2Ftags&post=11727"}],"curies":[{"name":"wp","href":"https:\/\/api.w.org\/{rel}","templated":true}]}}