{"id":11730,"date":"2025-09-11T15:27:00","date_gmt":"2025-09-11T21:27:00","guid":{"rendered":"https:\/\/plumanegranoticias.com\/?p=11730"},"modified":"2025-09-11T15:27:20","modified_gmt":"2025-09-11T21:27:20","slug":"posicionamientos-son-llamados-a-misa-no-sirven-para-disminuir-la-inseguridad-mc","status":"publish","type":"post","link":"https:\/\/plumanegranoticias.com\/?p=11730","title":{"rendered":"Posicionamientos son &#8220;llamados a misa&#8221;, no sirven para disminuir la inseguridad: MC"},"content":{"rendered":"\n<p>Lo que tienen que hacer es aprobar mayores recursos para seguridad p\u00fablica<\/p>\n\n\n\n<p>\u00c1ngeles Gonz\u00e1lez Ceballos<br>Xalapa, Ver. El presidente de la Comisi\u00f3n de Seguridad en el Congreso del Estado, Adri\u00e1n \u00c1vila Estrada, cuestion\u00f3 el hecho de que al hacerse alg\u00fan pronunciamiento pueda servir o surtir alg\u00fan efecto para disminuir la inseguridad en Veracruz.<\/p>\n\n\n\n<p>En entrevista, tras la cancelaci\u00f3n de dos gritos en dos ayuntamientos por cuestiones de inseguridad, afirm\u00f3 que los posicionamientos &#8220;son un llamado a misa&#8221;.<\/p>\n\n\n\n<p>&#8220;Son un llamado a misa, seamos honestos, yo quiero franco, mejor vamos a tomar acciones concretas como fortalecer los cuerpos de seguridad, reformar las leyes que sean necesarias, cuidar la procuraci\u00f3n de justicia&#8221;, expres\u00f3.<\/p>\n\n\n\n<p>El legislador de Movimiento Ciudadano consider\u00f3 que m\u00e1s que hacer pronunciamientos, lo que las y los diputados deben hacer es que en los presupuestos se aprueben mayores recursos para la seguridad p\u00fablica, para la capacitaci\u00f3n, as\u00ed como para patrullas y armamento.<\/p>\n\n\n\n<p>&#8220;Que se le brinde seguridad real a la poblaci\u00f3n. Si quieren escribo un exhorto muy bonito, pero no va a suceder nada, nadie escucha, no nos enga\u00f1emos, dime qu\u00e9 declaraci\u00f3n de un diputado o de un funcionario\u2026 si sirvieran de algo todos los d\u00edas estar\u00eda yo haciendo un exhorto, no sirven de absolutamente nada&#8221;, afirm\u00f3.<\/p>\n\n\n\n<p>El legislador de MC asegur\u00f3 que mantiene di\u00e1logo con el titular de la Secretar\u00eda de Seguridad P\u00fablica y en ese sentido, reconoci\u00f3 que es un tema delicado.<\/p>\n\n\n\n<p>&#8220;Yo lo dije desde el principio, actuar\u00e9 con mesura, con prudencia, porque tampoco se trata de protagonismos para llamar la atenci\u00f3n ni satisfacer apetitos de alg\u00fan grupo en especial&#8221;, expres\u00f3.<\/p>\n\n\n\n<p>El legislador evit\u00f3 definir si ha habido un retroceso en materia de seguridad, porque no se puede pedir que de la noche a la ma\u00f1ana se modifiquen las cosas y se resuelvan.<\/p>\n\n\n\n<p>Considero que el Secretario cuenta con los recursos humanos y materiales para poder trabajar, s\u00f3lo hay que darle tiempo para que los mecanismos y estrategia se vayan implementando.<\/p>\n\n\n\n<p>&#8220;Y empiecen a reducirse los \u00edndices delictivos&#8221;, agreg\u00f3.<\/p>\n\n\n\n<figure class=\"wp-block-image size-large\"><img loading=\"lazy\" decoding=\"async\" width=\"1024\" height=\"680\" src=\"https:\/\/plumanegranoticias.com\/wp-content\/uploads\/2025\/09\/img-20250911-wa01825556215953314460728-1024x680.jpg\" alt=\"\" class=\"wp-image-11729\" srcset=\"https:\/\/plumanegranoticias.com\/wp-content\/uploads\/2025\/09\/img-20250911-wa01825556215953314460728-1024x680.jpg 1024w, https:\/\/plumanegranoticias.com\/wp-content\/uploads\/2025\/09\/img-20250911-wa01825556215953314460728-300x199.jpg 300w, https:\/\/plumanegranoticias.com\/wp-content\/uploads\/2025\/09\/img-20250911-wa01825556215953314460728-768x510.jpg 768w, https:\/\/plumanegranoticias.com\/wp-content\/uploads\/2025\/09\/img-20250911-wa01825556215953314460728.jpg 1035w\" sizes=\"auto, (max-width: 1024px) 100vw, 1024px\" \/><\/figure>\n","protected":false},"excerpt":{"rendered":"<p>Lo que tienen que hacer es aprobar mayores recursos para seguridad p\u00fablica \u00c1ngeles Gonz\u00e1lez CeballosXalapa, Ver. El presidente de la Comisi\u00f3n de Seguridad en el Congreso del Estado, Adri\u00e1n \u00c1vila Estrada, cuestion\u00f3 el hecho de que al hacerse alg\u00fan pronunciamiento pueda servir o surtir alg\u00fan efecto para disminuir la inseguridad en Veracruz. En entrevista, tras&#8230; <\/p>\n<div class=\"clear\"><\/div>\n<p><a href=\"https:\/\/plumanegranoticias.com\/?p=11730\" class=\"excerpt-read-more\">Read More<i class=\"fa fa-caret-right icon-caret-right\"><\/i><\/a><\/p>\n","protected":false},"author":2,"featured_media":11732,"comment_status":"open","ping_status":"open","sticky":false,"template":"","format":"standard","meta":{"om_disable_all_campaigns":false,"_monsterinsights_skip_tracking":false,"_monsterinsights_sitenote_active":false,"_monsterinsights_sitenote_note":"","_monsterinsights_sitenote_category":0,"_uf_show_specific_survey":0,"_uf_disable_surveys":false,"footnotes":""},"categories":[8,12],"tags":[61,19],"class_list":["post-11730","post","type-post","status-publish","format-standard","has-post-thumbnail","hentry","category-politica","category-regional","tag-politica","tag-regional"],"aioseo_notices":[],"_links":{"self":[{"href":"https:\/\/plumanegranoticias.com\/index.php?rest_route=\/wp\/v2\/posts\/11730","targetHints":{"allow":["GET"]}}],"collection":[{"href":"https:\/\/plumanegranoticias.com\/index.php?rest_route=\/wp\/v2\/posts"}],"about":[{"href":"https:\/\/plumanegranoticias.com\/index.php?rest_route=\/wp\/v2\/types\/post"}],"author":[{"embeddable":true,"href":"https:\/\/plumanegranoticias.com\/index.php?rest_route=\/wp\/v2\/users\/2"}],"replies":[{"embeddable":true,"href":"https:\/\/plumanegranoticias.com\/index.php?rest_route=%2Fwp%2Fv2%2Fcomments&post=11730"}],"version-history":[{"count":1,"href":"https:\/\/plumanegranoticias.com\/index.php?rest_route=\/wp\/v2\/posts\/11730\/revisions"}],"predecessor-version":[{"id":11731,"href":"https:\/\/plumanegranoticias.com\/index.php?rest_route=\/wp\/v2\/posts\/11730\/revisions\/11731"}],"wp:featuredmedia":[{"embeddable":true,"href":"https:\/\/plumanegranoticias.com\/index.php?rest_route=\/wp\/v2\/media\/11732"}],"wp:attachment":[{"href":"https:\/\/plumanegranoticias.com\/index.php?rest_route=%2Fwp%2Fv2%2Fmedia&parent=11730"}],"wp:term":[{"taxonomy":"category","embeddable":true,"href":"https:\/\/plumanegranoticias.com\/index.php?rest_route=%2Fwp%2Fv2%2Fcategories&post=11730"},{"taxonomy":"post_tag","embeddable":true,"href":"https:\/\/plumanegranoticias.com\/index.php?rest_route=%2Fwp%2Fv2%2Ftags&post=11730"}],"curies":[{"name":"wp","href":"https:\/\/api.w.org\/{rel}","templated":true}]}}