{"id":11753,"date":"2025-09-22T07:40:47","date_gmt":"2025-09-22T13:40:47","guid":{"rendered":"https:\/\/plumanegranoticias.com\/?p=11753"},"modified":"2025-09-22T07:41:08","modified_gmt":"2025-09-22T13:41:08","slug":"activan-plan-dn-iii-en-las-choapas-ante-intensas-lluvias-monitorean-rios-y-zonas-de-riesgo","status":"publish","type":"post","link":"https:\/\/plumanegranoticias.com\/?p=11753","title":{"rendered":"Activan Plan DN-III en Las Choapas ante intensas lluvias; monitorean r\u00edos y zonas de riesgo."},"content":{"rendered":"\n<p>Jos\u00e9 Vargas.<\/p>\n\n\n\n<p>Las Choapas, Ver.- Ante las intensas lluvias que se han registrado en la regi\u00f3n sur del estado, autoridades municipales activaron la madrugada de este lunes el Plan DN-III en su fase preventiva, con el objetivo de salvaguardar a la poblaci\u00f3n en zonas vulnerables.<\/p>\n\n\n\n<p>El director de Protecci\u00f3n Civil Municipal, Miguel Amador Garc\u00eda, inform\u00f3 que se realizan <em>recorridos permanentes en colonias de alto riesgo<\/em>, as\u00ed como un monitoreo constante de los niveles de los principales afluentes de la zona.<\/p>\n\n\n\n<p>\u201cLos r\u00edos <em>Uxpanapa<\/em> y Tonal\u00e1 han mostrado un incremento en su caudal, pero hasta el momento se mantienen por debajo de niveles cr\u00edticos\u201d, detall\u00f3 el funcionario.<\/p>\n\n\n\n<p>Entre las colonias que han sido supervisadas se encuentran <em>Tepito, Agraria, San Jos\u00e9 del Carmen, Barrio Las Flores<\/em> y <em>Tiburoneros<\/em>, todas consideradas con alto grado de vulnerabilidad ante posibles inundaciones.<\/p>\n\n\n\n<p>Asimismo, se confirm\u00f3 la habilitaci\u00f3n de refugios temporales que estar\u00e1n disponibles en caso de ser necesaria una evacuaci\u00f3n preventiva.<\/p>\n\n\n\n<p>Las autoridades exhortaron a la ciudadan\u00eda a <strong>mantenerse atenta a los comunicados oficiales<\/strong>, reportar cualquier situaci\u00f3n de riesgo y acatar las recomendaciones de las instancias de Protecci\u00f3n Civil.<\/p>\n\n\n\n<p>\ud83d\udcde <em>Para reportes y emergencias, se encuentra disponible el n\u00famero de Protecci\u00f3n Civil Municipal: 552 172 8087.<\/em><\/p>\n\n\n\n<figure class=\"wp-block-image size-large\"><img loading=\"lazy\" decoding=\"async\" width=\"1024\" height=\"768\" src=\"https:\/\/plumanegranoticias.com\/wp-content\/uploads\/2025\/09\/img-20250922-wa00522848332380010964932-1024x768.jpg\" alt=\"\" class=\"wp-image-11751\" srcset=\"https:\/\/plumanegranoticias.com\/wp-content\/uploads\/2025\/09\/img-20250922-wa00522848332380010964932-1024x768.jpg 1024w, https:\/\/plumanegranoticias.com\/wp-content\/uploads\/2025\/09\/img-20250922-wa00522848332380010964932-300x225.jpg 300w, https:\/\/plumanegranoticias.com\/wp-content\/uploads\/2025\/09\/img-20250922-wa00522848332380010964932-768x576.jpg 768w, https:\/\/plumanegranoticias.com\/wp-content\/uploads\/2025\/09\/img-20250922-wa00522848332380010964932-400x300.jpg 400w, https:\/\/plumanegranoticias.com\/wp-content\/uploads\/2025\/09\/img-20250922-wa00522848332380010964932.jpg 1280w\" sizes=\"auto, (max-width: 1024px) 100vw, 1024px\" \/><\/figure>\n\n\n\n<figure class=\"wp-block-image\"><img loading=\"lazy\" decoding=\"async\" width=\"1024\" height=\"768\" src=\"https:\/\/plumanegranoticias.com\/wp-content\/uploads\/2025\/09\/img-20250922-wa00537715004345019055421-1024x768.jpg\" alt=\"\" class=\"wp-image-11752\" srcset=\"https:\/\/plumanegranoticias.com\/wp-content\/uploads\/2025\/09\/img-20250922-wa00537715004345019055421-1024x768.jpg 1024w, https:\/\/plumanegranoticias.com\/wp-content\/uploads\/2025\/09\/img-20250922-wa00537715004345019055421-300x225.jpg 300w, https:\/\/plumanegranoticias.com\/wp-content\/uploads\/2025\/09\/img-20250922-wa00537715004345019055421-768x576.jpg 768w, https:\/\/plumanegranoticias.com\/wp-content\/uploads\/2025\/09\/img-20250922-wa00537715004345019055421-400x300.jpg 400w, https:\/\/plumanegranoticias.com\/wp-content\/uploads\/2025\/09\/img-20250922-wa00537715004345019055421.jpg 1280w\" sizes=\"auto, (max-width: 1024px) 100vw, 1024px\" \/><\/figure>\n\n\n\n<figure class=\"wp-block-image\"><img loading=\"lazy\" decoding=\"async\" width=\"1024\" height=\"768\" src=\"https:\/\/plumanegranoticias.com\/wp-content\/uploads\/2025\/09\/img-20250922-wa005578468417758174632-1024x768.jpg\" alt=\"\" class=\"wp-image-11750\" srcset=\"https:\/\/plumanegranoticias.com\/wp-content\/uploads\/2025\/09\/img-20250922-wa005578468417758174632-1024x768.jpg 1024w, https:\/\/plumanegranoticias.com\/wp-content\/uploads\/2025\/09\/img-20250922-wa005578468417758174632-300x225.jpg 300w, https:\/\/plumanegranoticias.com\/wp-content\/uploads\/2025\/09\/img-20250922-wa005578468417758174632-768x576.jpg 768w, https:\/\/plumanegranoticias.com\/wp-content\/uploads\/2025\/09\/img-20250922-wa005578468417758174632-400x300.jpg 400w, https:\/\/plumanegranoticias.com\/wp-content\/uploads\/2025\/09\/img-20250922-wa005578468417758174632.jpg 1280w\" sizes=\"auto, (max-width: 1024px) 100vw, 1024px\" \/><\/figure>\n\n\n\n<figure class=\"wp-block-image\"><img loading=\"lazy\" decoding=\"async\" width=\"1024\" height=\"768\" src=\"https:\/\/plumanegranoticias.com\/wp-content\/uploads\/2025\/09\/img-20250922-wa00548464088561779164474-1024x768.jpg\" alt=\"\" class=\"wp-image-11749\" srcset=\"https:\/\/plumanegranoticias.com\/wp-content\/uploads\/2025\/09\/img-20250922-wa00548464088561779164474-1024x768.jpg 1024w, https:\/\/plumanegranoticias.com\/wp-content\/uploads\/2025\/09\/img-20250922-wa00548464088561779164474-300x225.jpg 300w, https:\/\/plumanegranoticias.com\/wp-content\/uploads\/2025\/09\/img-20250922-wa00548464088561779164474-768x576.jpg 768w, https:\/\/plumanegranoticias.com\/wp-content\/uploads\/2025\/09\/img-20250922-wa00548464088561779164474-400x300.jpg 400w, https:\/\/plumanegranoticias.com\/wp-content\/uploads\/2025\/09\/img-20250922-wa00548464088561779164474.jpg 1440w\" sizes=\"auto, (max-width: 1024px) 100vw, 1024px\" \/><\/figure>\n","protected":false},"excerpt":{"rendered":"<p>Jos\u00e9 Vargas. Las Choapas, Ver.- Ante las intensas lluvias que se han registrado en la regi\u00f3n sur del estado, autoridades municipales activaron la madrugada de este lunes el Plan DN-III en su fase preventiva, con el objetivo de salvaguardar a la poblaci\u00f3n en zonas vulnerables. El director de Protecci\u00f3n Civil Municipal, Miguel Amador Garc\u00eda, inform\u00f3&#8230; <\/p>\n<div class=\"clear\"><\/div>\n<p><a href=\"https:\/\/plumanegranoticias.com\/?p=11753\" class=\"excerpt-read-more\">Read More<i class=\"fa fa-caret-right icon-caret-right\"><\/i><\/a><\/p>\n","protected":false},"author":2,"featured_media":11755,"comment_status":"open","ping_status":"open","sticky":false,"template":"","format":"standard","meta":{"om_disable_all_campaigns":false,"_monsterinsights_skip_tracking":false,"_monsterinsights_sitenote_active":false,"_monsterinsights_sitenote_note":"","_monsterinsights_sitenote_category":0,"_uf_show_specific_survey":0,"_uf_disable_surveys":false,"footnotes":""},"categories":[67,8,12],"tags":[61,19],"class_list":["post-11753","post","type-post","status-publish","format-standard","has-post-thumbnail","hentry","category-policiaca","category-politica","category-regional","tag-politica","tag-regional"],"aioseo_notices":[],"_links":{"self":[{"href":"https:\/\/plumanegranoticias.com\/index.php?rest_route=\/wp\/v2\/posts\/11753","targetHints":{"allow":["GET"]}}],"collection":[{"href":"https:\/\/plumanegranoticias.com\/index.php?rest_route=\/wp\/v2\/posts"}],"about":[{"href":"https:\/\/plumanegranoticias.com\/index.php?rest_route=\/wp\/v2\/types\/post"}],"author":[{"embeddable":true,"href":"https:\/\/plumanegranoticias.com\/index.php?rest_route=\/wp\/v2\/users\/2"}],"replies":[{"embeddable":true,"href":"https:\/\/plumanegranoticias.com\/index.php?rest_route=%2Fwp%2Fv2%2Fcomments&post=11753"}],"version-history":[{"count":1,"href":"https:\/\/plumanegranoticias.com\/index.php?rest_route=\/wp\/v2\/posts\/11753\/revisions"}],"predecessor-version":[{"id":11754,"href":"https:\/\/plumanegranoticias.com\/index.php?rest_route=\/wp\/v2\/posts\/11753\/revisions\/11754"}],"wp:featuredmedia":[{"embeddable":true,"href":"https:\/\/plumanegranoticias.com\/index.php?rest_route=\/wp\/v2\/media\/11755"}],"wp:attachment":[{"href":"https:\/\/plumanegranoticias.com\/index.php?rest_route=%2Fwp%2Fv2%2Fmedia&parent=11753"}],"wp:term":[{"taxonomy":"category","embeddable":true,"href":"https:\/\/plumanegranoticias.com\/index.php?rest_route=%2Fwp%2Fv2%2Fcategories&post=11753"},{"taxonomy":"post_tag","embeddable":true,"href":"https:\/\/plumanegranoticias.com\/index.php?rest_route=%2Fwp%2Fv2%2Ftags&post=11753"}],"curies":[{"name":"wp","href":"https:\/\/api.w.org\/{rel}","templated":true}]}}