{"id":11758,"date":"2025-09-22T07:51:32","date_gmt":"2025-09-22T13:51:32","guid":{"rendered":"https:\/\/plumanegranoticias.com\/?p=11758"},"modified":"2025-09-22T07:51:49","modified_gmt":"2025-09-22T13:51:49","slug":"padres-de-familia-exigen-auditoria-y-cambio-de-direccion-en-la-primaria-ignacio-zaragoza","status":"publish","type":"post","link":"https:\/\/plumanegranoticias.com\/?p=11758","title":{"rendered":"Padres de familia exigen auditor\u00eda y cambio de direcci\u00f3n en la primaria Ignacio Zaragoza"},"content":{"rendered":"\n<p>Gerardo Luna<br>C\u00f3rdoba, Ver.- Este lunes por la ma\u00f1ana, padres de familia de la Escuela Primaria Rural Ignacio Zaragoza, ubicada en la comunidad de San Mat\u00edas Los Mangos, realizaron una manifestaci\u00f3n pac\u00edfica para solicitar la intervenci\u00f3n de autoridades educativas estatales ante una serie de inconformidades con la direcci\u00f3n del plantel.<\/p>\n\n\n\n<p>Como medida de presi\u00f3n, los manifestantes bloquearon temporalmente la carretera que comunica con la comunidad de El Porvenir, con el objetivo de visibilizar sus demandas, entre las que destacan la realizaci\u00f3n de una auditor\u00eda administrativa y la destituci\u00f3n de la directora, la profesora Gissel del Valle Cuervo.<\/p>\n\n\n\n<p>De acuerdo con los testimonios recogidos, las principales quejas de los padres de familia incluyen presuntos actos de prepotencia, favoritismo hacia determinados docentes, malos tratos hacia estudiantes y tutores, y falta de transparencia en el manejo de recursos. Tambi\u00e9n se reportan pr\u00e1cticas que, seg\u00fan afirman, afectan la integridad emocional de los alumnos, como se\u00f1alamientos p\u00fablicos durante los homenajes escolares.<\/p>\n\n\n\n<blockquote class=\"wp-block-quote is-layout-flow wp-block-quote-is-layout-flow\">\n<p>\u201cQueremos verdaderos formadores para nuestros hijos, personas con vocaci\u00f3n de servicio\u201d, expres\u00f3 una madre de familia durante la protesta.<\/p>\n<\/blockquote>\n\n\n\n<p>En un documento dirigido a la Supervisora Escolar de la Zona 065, Mtra. Cecilia Elizabeth Licona L\u00f3pez, los padres enumeraron una serie de motivos para sustentar su solicitud formal de destituci\u00f3n, entre ellos:<\/p>\n\n\n\n<p>Falta de apertura al di\u00e1logo y actitud autoritaria hacia los padres.<\/p>\n\n\n\n<p>Condicionamiento de aportaciones econ\u00f3micas como requisito para reinscripci\u00f3n.<\/p>\n\n\n\n<p>Represalias ante decisiones que no coinciden con intereses personales.<\/p>\n\n\n\n<p>Ausencia de gestiones para cubrir necesidades b\u00e1sicas del plantel, como personal docente e intendencia.<\/p>\n\n\n\n<p>Obstaculizaci\u00f3n de la participaci\u00f3n de la Sociedad de Padres de Familia y falta de transparencia en la rendici\u00f3n de cuentas.<\/p>\n\n\n\n<p>El documento tambi\u00e9n menciona que varios padres han optado por cambiar a sus hijos de instituci\u00f3n debido al ambiente percibido dentro de la escuela.<\/p>\n\n\n\n<p>Adem\u00e1s de solicitar el cambio de direcci\u00f3n, los manifestantes pidieron que la persona que ocupe el nuevo cargo no forme parte del actual personal docente, con el fin de garantizar la imparcialidad en la gesti\u00f3n del plantel.<\/p>\n\n\n\n<blockquote class=\"wp-block-quote is-layout-flow wp-block-quote-is-layout-flow\">\n<p>\u201cLa escuela es del pueblo y para los ni\u00f1os. No pedimos privilegios, pedimos justicia y respeto para nuestras familias\u201d, manifest\u00f3 otro de los participantes.<\/p>\n<\/blockquote>\n\n\n\n<p>Hasta el momento, la Secretar\u00eda de Educaci\u00f3n no ha emitido un posicionamiento oficial sobre los hechos ni se ha confirmado si se iniciar\u00e1 una investigaci\u00f3n formal.<\/p>\n\n\n\n<p>Los padres de familia advirtieron que, de no recibir una respuesta oportuna, continuar\u00e1n realizando acciones para exigir mejoras en la administraci\u00f3n escolar.<\/p>\n\n\n\n<p>Este caso se suma a otras manifestaciones similares en diversas regiones del estado, donde las comunidades han solicitado mayor transparencia, participaci\u00f3n y rendici\u00f3n de cuentas en las escuelas p\u00fablicas.<\/p>\n\n\n\n<p>A pesar de que los padres de familia han acudido con oficios a la supervisi\u00f3n escolar, nunca reciben respuestas por eso piden la intervenci\u00f3n de Claudia Tello directamente desde la secretar\u00eda de educaci\u00f3n de Veracruz de Xalapa.<\/p>\n\n\n\n<figure class=\"wp-block-image size-large\"><img loading=\"lazy\" decoding=\"async\" width=\"1024\" height=\"768\" src=\"https:\/\/plumanegranoticias.com\/wp-content\/uploads\/2025\/09\/img-20250922-wa0017197766339499763717-1024x768.jpg\" alt=\"\" class=\"wp-image-11756\" srcset=\"https:\/\/plumanegranoticias.com\/wp-content\/uploads\/2025\/09\/img-20250922-wa0017197766339499763717-1024x768.jpg 1024w, https:\/\/plumanegranoticias.com\/wp-content\/uploads\/2025\/09\/img-20250922-wa0017197766339499763717-300x225.jpg 300w, https:\/\/plumanegranoticias.com\/wp-content\/uploads\/2025\/09\/img-20250922-wa0017197766339499763717-768x576.jpg 768w, https:\/\/plumanegranoticias.com\/wp-content\/uploads\/2025\/09\/img-20250922-wa0017197766339499763717-1536x1152.jpg 1536w, https:\/\/plumanegranoticias.com\/wp-content\/uploads\/2025\/09\/img-20250922-wa0017197766339499763717-400x300.jpg 400w, https:\/\/plumanegranoticias.com\/wp-content\/uploads\/2025\/09\/img-20250922-wa0017197766339499763717.jpg 1600w\" sizes=\"auto, (max-width: 1024px) 100vw, 1024px\" \/><\/figure>\n\n\n\n<figure class=\"wp-block-image\"><img loading=\"lazy\" decoding=\"async\" width=\"1024\" height=\"768\" src=\"https:\/\/plumanegranoticias.com\/wp-content\/uploads\/2025\/09\/img-20250922-wa00207719177966634763203-1024x768.jpg\" alt=\"\" class=\"wp-image-11757\" srcset=\"https:\/\/plumanegranoticias.com\/wp-content\/uploads\/2025\/09\/img-20250922-wa00207719177966634763203-1024x768.jpg 1024w, https:\/\/plumanegranoticias.com\/wp-content\/uploads\/2025\/09\/img-20250922-wa00207719177966634763203-300x225.jpg 300w, https:\/\/plumanegranoticias.com\/wp-content\/uploads\/2025\/09\/img-20250922-wa00207719177966634763203-768x576.jpg 768w, https:\/\/plumanegranoticias.com\/wp-content\/uploads\/2025\/09\/img-20250922-wa00207719177966634763203-1536x1152.jpg 1536w, https:\/\/plumanegranoticias.com\/wp-content\/uploads\/2025\/09\/img-20250922-wa00207719177966634763203-400x300.jpg 400w, https:\/\/plumanegranoticias.com\/wp-content\/uploads\/2025\/09\/img-20250922-wa00207719177966634763203.jpg 1600w\" sizes=\"auto, (max-width: 1024px) 100vw, 1024px\" \/><\/figure>\n","protected":false},"excerpt":{"rendered":"<p>Gerardo LunaC\u00f3rdoba, Ver.- Este lunes por la ma\u00f1ana, padres de familia de la Escuela Primaria Rural Ignacio Zaragoza, ubicada en la comunidad de San Mat\u00edas Los Mangos, realizaron una manifestaci\u00f3n pac\u00edfica para solicitar la intervenci\u00f3n de autoridades educativas estatales ante una serie de inconformidades con la direcci\u00f3n del plantel. Como medida de presi\u00f3n, los manifestantes&#8230; <\/p>\n<div class=\"clear\"><\/div>\n<p><a href=\"https:\/\/plumanegranoticias.com\/?p=11758\" class=\"excerpt-read-more\">Read More<i class=\"fa fa-caret-right icon-caret-right\"><\/i><\/a><\/p>\n","protected":false},"author":2,"featured_media":11760,"comment_status":"open","ping_status":"open","sticky":false,"template":"","format":"standard","meta":{"om_disable_all_campaigns":false,"_monsterinsights_skip_tracking":false,"_monsterinsights_sitenote_active":false,"_monsterinsights_sitenote_note":"","_monsterinsights_sitenote_category":0,"_uf_show_specific_survey":0,"_uf_disable_surveys":false,"footnotes":""},"categories":[8,12],"tags":[22,18],"class_list":["post-11758","post","type-post","status-publish","format-standard","has-post-thumbnail","hentry","category-politica","category-regional","tag-nota-roja","tag-noticia"],"aioseo_notices":[],"_links":{"self":[{"href":"https:\/\/plumanegranoticias.com\/index.php?rest_route=\/wp\/v2\/posts\/11758","targetHints":{"allow":["GET"]}}],"collection":[{"href":"https:\/\/plumanegranoticias.com\/index.php?rest_route=\/wp\/v2\/posts"}],"about":[{"href":"https:\/\/plumanegranoticias.com\/index.php?rest_route=\/wp\/v2\/types\/post"}],"author":[{"embeddable":true,"href":"https:\/\/plumanegranoticias.com\/index.php?rest_route=\/wp\/v2\/users\/2"}],"replies":[{"embeddable":true,"href":"https:\/\/plumanegranoticias.com\/index.php?rest_route=%2Fwp%2Fv2%2Fcomments&post=11758"}],"version-history":[{"count":1,"href":"https:\/\/plumanegranoticias.com\/index.php?rest_route=\/wp\/v2\/posts\/11758\/revisions"}],"predecessor-version":[{"id":11759,"href":"https:\/\/plumanegranoticias.com\/index.php?rest_route=\/wp\/v2\/posts\/11758\/revisions\/11759"}],"wp:featuredmedia":[{"embeddable":true,"href":"https:\/\/plumanegranoticias.com\/index.php?rest_route=\/wp\/v2\/media\/11760"}],"wp:attachment":[{"href":"https:\/\/plumanegranoticias.com\/index.php?rest_route=%2Fwp%2Fv2%2Fmedia&parent=11758"}],"wp:term":[{"taxonomy":"category","embeddable":true,"href":"https:\/\/plumanegranoticias.com\/index.php?rest_route=%2Fwp%2Fv2%2Fcategories&post=11758"},{"taxonomy":"post_tag","embeddable":true,"href":"https:\/\/plumanegranoticias.com\/index.php?rest_route=%2Fwp%2Fv2%2Ftags&post=11758"}],"curies":[{"name":"wp","href":"https:\/\/api.w.org\/{rel}","templated":true}]}}