{"id":11762,"date":"2025-09-22T07:56:40","date_gmt":"2025-09-22T13:56:40","guid":{"rendered":"https:\/\/plumanegranoticias.com\/?p=11762"},"modified":"2025-09-22T07:56:57","modified_gmt":"2025-09-22T13:56:57","slug":"as3sinan-a-el-chicles-en-tlapacoyan","status":"publish","type":"post","link":"https:\/\/plumanegranoticias.com\/?p=11762","title":{"rendered":"As3sinan a El Chicles en Tlapacoyan"},"content":{"rendered":"\n<p>Ejecutan a Jonathan (a) &#8220;El Chicles&#8221;<\/p>\n\n\n\n<p>Fue en comunidad de Filipinas cerca del campo de futbol<br \/>*Recibi\u00f3 m\u00e1s de 5 impactos de bala<\/p>\n\n\n\n<p>Tlapacoyan, Ver.- Sujetos armados llegaron hasta el campo de futbol de la comunidad de Filipinas donde se fueron directo sobre Jonathan y le dispararon en m\u00e1s de cinco ocasiones, seg\u00fan personas que se encontraban all\u00ed.<\/p>\n\n\n\n<p>Esto fue La noche de este domingo, acabando con la tranquilidad de esta poblaci\u00f3n.<\/p>\n\n\n\n<p>Fue minutos antes de las 10 de la noche que una llamada al personal de la policia municipal los alert\u00f3 debido a que se\u00f1alaban que hab\u00eda una persona lesionada cerca del campo de f\u00fatbol estoy luego de que escucharon m\u00e1s de 5 detonaciones de arma de fuego.<\/p>\n\n\n\n<p>Situaci\u00f3n que origin\u00f3 la movilizacion de lo uniformados as\u00ed como del personal param\u00e9dico de protecci\u00f3n civil, traslad\u00e1ndose de manera r\u00e1pida para atender est\u00e1 situaci\u00f3n.<\/p>\n\n\n\n<p>Al llegar al lugar antes mencionado se percataron que efectivamente se encontraba una persona lesionada por arma de fuego, siendo atendido por param\u00e9dicos de protecci\u00f3n civil quienes nada pudieron hacer para salvare la vida, siendo declarado muerto en el lugar.<\/p>\n\n\n\n<p>Siendo identificado el ahora occiso como Jonathan &#8220;N&#8221; (A) &#8220;El Chicles&#8221;, motivo por el cual fue solicitada la presencia del personal de la polic\u00eda ministerial y de servicios periciales para realizar el levantamiento del cad\u00e1ver al SEMEFO.<\/p>\n\n\n\n<figure class=\"wp-block-image size-large\"><img loading=\"lazy\" decoding=\"async\" width=\"1024\" height=\"680\" src=\"https:\/\/plumanegranoticias.com\/wp-content\/uploads\/2025\/09\/fb_img_17585493010943112048581398429263-1024x680.jpg\" alt=\"\" class=\"wp-image-11761\" srcset=\"https:\/\/plumanegranoticias.com\/wp-content\/uploads\/2025\/09\/fb_img_17585493010943112048581398429263-1024x680.jpg 1024w, https:\/\/plumanegranoticias.com\/wp-content\/uploads\/2025\/09\/fb_img_17585493010943112048581398429263-300x199.jpg 300w, https:\/\/plumanegranoticias.com\/wp-content\/uploads\/2025\/09\/fb_img_17585493010943112048581398429263-768x510.jpg 768w, https:\/\/plumanegranoticias.com\/wp-content\/uploads\/2025\/09\/fb_img_17585493010943112048581398429263-1536x1020.jpg 1536w, https:\/\/plumanegranoticias.com\/wp-content\/uploads\/2025\/09\/fb_img_17585493010943112048581398429263.jpg 2000w\" sizes=\"auto, (max-width: 1024px) 100vw, 1024px\" \/><\/figure>\n","protected":false},"excerpt":{"rendered":"<p>Ejecutan a Jonathan (a) &#8220;El Chicles&#8221; Fue en comunidad de Filipinas cerca del campo de futbol*Recibi\u00f3 m\u00e1s de 5 impactos de bala Tlapacoyan, Ver.- Sujetos armados llegaron hasta el campo de futbol de la comunidad de Filipinas donde se fueron directo sobre Jonathan y le dispararon en m\u00e1s de cinco ocasiones, seg\u00fan personas que se&#8230; <\/p>\n<div class=\"clear\"><\/div>\n<p><a href=\"https:\/\/plumanegranoticias.com\/?p=11762\" class=\"excerpt-read-more\">Read More<i class=\"fa fa-caret-right icon-caret-right\"><\/i><\/a><\/p>\n","protected":false},"author":2,"featured_media":11764,"comment_status":"open","ping_status":"open","sticky":false,"template":"","format":"standard","meta":{"om_disable_all_campaigns":false,"_monsterinsights_skip_tracking":false,"_monsterinsights_sitenote_active":false,"_monsterinsights_sitenote_note":"","_monsterinsights_sitenote_category":0,"_uf_show_specific_survey":0,"_uf_disable_surveys":false,"footnotes":""},"categories":[67,8,12],"tags":[22,18],"class_list":["post-11762","post","type-post","status-publish","format-standard","has-post-thumbnail","hentry","category-policiaca","category-politica","category-regional","tag-nota-roja","tag-noticia"],"aioseo_notices":[],"_links":{"self":[{"href":"https:\/\/plumanegranoticias.com\/index.php?rest_route=\/wp\/v2\/posts\/11762","targetHints":{"allow":["GET"]}}],"collection":[{"href":"https:\/\/plumanegranoticias.com\/index.php?rest_route=\/wp\/v2\/posts"}],"about":[{"href":"https:\/\/plumanegranoticias.com\/index.php?rest_route=\/wp\/v2\/types\/post"}],"author":[{"embeddable":true,"href":"https:\/\/plumanegranoticias.com\/index.php?rest_route=\/wp\/v2\/users\/2"}],"replies":[{"embeddable":true,"href":"https:\/\/plumanegranoticias.com\/index.php?rest_route=%2Fwp%2Fv2%2Fcomments&post=11762"}],"version-history":[{"count":1,"href":"https:\/\/plumanegranoticias.com\/index.php?rest_route=\/wp\/v2\/posts\/11762\/revisions"}],"predecessor-version":[{"id":11763,"href":"https:\/\/plumanegranoticias.com\/index.php?rest_route=\/wp\/v2\/posts\/11762\/revisions\/11763"}],"wp:featuredmedia":[{"embeddable":true,"href":"https:\/\/plumanegranoticias.com\/index.php?rest_route=\/wp\/v2\/media\/11764"}],"wp:attachment":[{"href":"https:\/\/plumanegranoticias.com\/index.php?rest_route=%2Fwp%2Fv2%2Fmedia&parent=11762"}],"wp:term":[{"taxonomy":"category","embeddable":true,"href":"https:\/\/plumanegranoticias.com\/index.php?rest_route=%2Fwp%2Fv2%2Fcategories&post=11762"},{"taxonomy":"post_tag","embeddable":true,"href":"https:\/\/plumanegranoticias.com\/index.php?rest_route=%2Fwp%2Fv2%2Ftags&post=11762"}],"curies":[{"name":"wp","href":"https:\/\/api.w.org\/{rel}","templated":true}]}}