{"id":11783,"date":"2025-10-01T12:10:08","date_gmt":"2025-10-01T18:10:08","guid":{"rendered":"https:\/\/plumanegranoticias.com\/?p=11783"},"modified":"2025-10-01T12:10:26","modified_gmt":"2025-10-01T18:10:26","slug":"antonio-del-rio-argudin-es-denunciado-por-amenazas","status":"publish","type":"post","link":"https:\/\/plumanegranoticias.com\/?p=11783","title":{"rendered":"ANTONIO DEL RIO ARGUDIN ES DENUNCIADO POR AMENAZAS"},"content":{"rendered":"\n<p>Mujeres temen por su vida tras ser enca\u00f1onadas por un ex pol\u00edtico jarocho<\/p>\n\n\n\n<p>Alejandro \u00c1vila<\/p>\n\n\n\n<p>Veracruz, Ver.- Antonio del R\u00edo Argud\u00edn, ex dirigente del PRD en Veracruz fue denunciado ante la Fiscal\u00eda General del Estado por amenazar de muerte a una familia y enca\u00f1onar a una mujer, por lo cual las v\u00edctimas piden por su seguridad.<\/p>\n\n\n\n<p>Edna Ruiz Herrera, una de las agredidas, dio a conocer que, el pasado 25 de septiembre el perredista choc\u00f3 con unas macetas que los vecinos colocaron para evitar el paso de veh\u00edculos pesados en el fraccionamiento Residencial del Bosque.<\/p>\n\n\n\n<p>Luego del accidente del R\u00edo Argud\u00edn responsabiliz\u00f3 a los vecinos y les amenaz\u00f3 argumentando que \u00e9l es una persona muy influyente y por lo cual deb\u00edan responder por los da\u00f1os a su camioneta.<\/p>\n\n\n\n<p>Posteriormente sac\u00f3 una pistola y enca\u00f1on\u00f3 a dos mujeres y a un hombre, amenazandolos que los iba a \u201clevantar\u201d y a matar.<\/p>\n\n\n\n<p>\u201cMe amenaz\u00f3 con arma fuego afuera de mi domicilio, y pues honestamente tengo mucho temor porque se puso muy violento cuando gener\u00f3 sus amenazas y la raz\u00f3n fue una tonter\u00eda\u201d, expres\u00f3 la mujer.<\/p>\n\n\n\n<p>A\u00f1adi\u00f3 que ha solicitado protecci\u00f3n y que se implementen medidas necesarias para que dicha persona no tenga acceso a su familia y puedan repetirse las amenazas o incluso ocurrir una tragedia.<\/p>\n\n\n\n<figure class=\"wp-block-video\"><video height=\"1080\" style=\"aspect-ratio: 1920 \/ 1080;\" width=\"1920\" controls src=\"https:\/\/plumanegranoticias.com\/wp-content\/uploads\/2025\/10\/VID-20251001-WA0093_1.mp4\"><\/video><\/figure>\n\n\n\n<figure class=\"wp-block-image size-large\"><img loading=\"lazy\" decoding=\"async\" width=\"983\" height=\"1024\" src=\"https:\/\/plumanegranoticias.com\/wp-content\/uploads\/2025\/10\/screenshot_20251001_120855_gallery23330147716850674013-983x1024.jpg\" alt=\"\" class=\"wp-image-11785\" srcset=\"https:\/\/plumanegranoticias.com\/wp-content\/uploads\/2025\/10\/screenshot_20251001_120855_gallery23330147716850674013-983x1024.jpg 983w, https:\/\/plumanegranoticias.com\/wp-content\/uploads\/2025\/10\/screenshot_20251001_120855_gallery23330147716850674013-288x300.jpg 288w, https:\/\/plumanegranoticias.com\/wp-content\/uploads\/2025\/10\/screenshot_20251001_120855_gallery23330147716850674013-768x800.jpg 768w, https:\/\/plumanegranoticias.com\/wp-content\/uploads\/2025\/10\/screenshot_20251001_120855_gallery23330147716850674013.jpg 1080w\" sizes=\"auto, (max-width: 983px) 100vw, 983px\" \/><\/figure>\n","protected":false},"excerpt":{"rendered":"<p>Mujeres temen por su vida tras ser enca\u00f1onadas por un ex pol\u00edtico jarocho Alejandro \u00c1vila Veracruz, Ver.- Antonio del R\u00edo Argud\u00edn, ex dirigente del PRD en Veracruz fue denunciado ante la Fiscal\u00eda General del Estado por amenazar de muerte a una familia y enca\u00f1onar a una mujer, por lo cual las v\u00edctimas piden por su&#8230; <\/p>\n<div class=\"clear\"><\/div>\n<p><a href=\"https:\/\/plumanegranoticias.com\/?p=11783\" class=\"excerpt-read-more\">Read More<i class=\"fa fa-caret-right icon-caret-right\"><\/i><\/a><\/p>\n","protected":false},"author":2,"featured_media":11787,"comment_status":"open","ping_status":"open","sticky":false,"template":"","format":"standard","meta":{"om_disable_all_campaigns":false,"_monsterinsights_skip_tracking":false,"_monsterinsights_sitenote_active":false,"_monsterinsights_sitenote_note":"","_monsterinsights_sitenote_category":0,"_uf_show_specific_survey":0,"_uf_disable_surveys":false,"footnotes":""},"categories":[1,8,12],"tags":[22,18],"class_list":["post-11783","post","type-post","status-publish","format-standard","has-post-thumbnail","hentry","category-blog","category-politica","category-regional","tag-nota-roja","tag-noticia"],"aioseo_notices":[],"_links":{"self":[{"href":"https:\/\/plumanegranoticias.com\/index.php?rest_route=\/wp\/v2\/posts\/11783","targetHints":{"allow":["GET"]}}],"collection":[{"href":"https:\/\/plumanegranoticias.com\/index.php?rest_route=\/wp\/v2\/posts"}],"about":[{"href":"https:\/\/plumanegranoticias.com\/index.php?rest_route=\/wp\/v2\/types\/post"}],"author":[{"embeddable":true,"href":"https:\/\/plumanegranoticias.com\/index.php?rest_route=\/wp\/v2\/users\/2"}],"replies":[{"embeddable":true,"href":"https:\/\/plumanegranoticias.com\/index.php?rest_route=%2Fwp%2Fv2%2Fcomments&post=11783"}],"version-history":[{"count":2,"href":"https:\/\/plumanegranoticias.com\/index.php?rest_route=\/wp\/v2\/posts\/11783\/revisions"}],"predecessor-version":[{"id":11786,"href":"https:\/\/plumanegranoticias.com\/index.php?rest_route=\/wp\/v2\/posts\/11783\/revisions\/11786"}],"wp:featuredmedia":[{"embeddable":true,"href":"https:\/\/plumanegranoticias.com\/index.php?rest_route=\/wp\/v2\/media\/11787"}],"wp:attachment":[{"href":"https:\/\/plumanegranoticias.com\/index.php?rest_route=%2Fwp%2Fv2%2Fmedia&parent=11783"}],"wp:term":[{"taxonomy":"category","embeddable":true,"href":"https:\/\/plumanegranoticias.com\/index.php?rest_route=%2Fwp%2Fv2%2Fcategories&post=11783"},{"taxonomy":"post_tag","embeddable":true,"href":"https:\/\/plumanegranoticias.com\/index.php?rest_route=%2Fwp%2Fv2%2Ftags&post=11783"}],"curies":[{"name":"wp","href":"https:\/\/api.w.org\/{rel}","templated":true}]}}