{"id":12020,"date":"2025-12-08T08:17:50","date_gmt":"2025-12-08T14:17:50","guid":{"rendered":"https:\/\/plumanegranoticias.com\/?p=12020"},"modified":"2025-12-08T08:18:01","modified_gmt":"2025-12-08T14:18:01","slug":"inicia-la-entrega-de-tarjetas-bancarias-para-el-cambio-de-la-nomina-unica","status":"publish","type":"post","link":"https:\/\/plumanegranoticias.com\/?p=12020","title":{"rendered":"Inicia la entrega de tarjetas bancarias para el cambio de la N\u00f3mina \u00danica"},"content":{"rendered":"\n<p>Este lunes inicia la entrega a los trabajadores de la SEV<\/p>\n\n\n\n<p>\u00c1ngeles Gonz\u00e1lez Ceballos<br>Xalapa, Ver., La ma\u00f1ana de este lunes inicia la entrega de las tarjetas bancarias al sector educativo del Estado y puedan estar en lo que el gobierno de Veracruz ha denominado la n\u00f3mina \u00fanica.<\/p>\n\n\n\n<p>En la Secretar\u00eda de Educaci\u00f3n de Veracruz, ubicada en la carretera Xalapa-Veracruz, desde temprana hora se notan las largas filas de los trabajadores de la educaci\u00f3n.<\/p>\n\n\n\n<p>Para el caso de los trabajadores de Xalapa, corresponde la entrega en dicha dependencia, pero en el gimnasio Allende se har\u00e1 la entrega respectiva para los docentes y administrativos de diversos municipios.<\/p>\n\n\n\n<p>Este lunes corresponde la entrega de tarjetas para aquellos que sus apellidos inician con la letra A y hasta la letra G.<\/p>\n\n\n\n<p>En el gimnasio Allende se har\u00e1 la entrega para los trabajadores de Acajete, Acatl\u00e1n, Actopan, Alto Lucero, Altotonga,<br \/>Atzalan, Banderilla, Chiconquiaco, Coacoatzintla, Emiliano Zapata, Jalacingo, Jilotepec, Landero y Coss, Las Minas, Las Vigas, Miahuatl\u00e1n, Naolinco, Perote, Rafael Lucio, Tatatila, Tepetl\u00e1n, Tlacolulan, Tlanelhuayocan, Tonayan y Villa Aldama.<\/p>\n\n\n\n<p>Este lunes 8 de diciembre ser\u00e1 de la A a la G, ma\u00f1ana martes de la H a la U, el mi\u00e9rcoles de la P a la S y de la T a Z y rezagados, ser\u00e1 el d\u00eda 11 de diciembre.<\/p>\n\n\n\n<figure class=\"wp-block-image size-large\"><img loading=\"lazy\" decoding=\"async\" width=\"1024\" height=\"768\" src=\"https:\/\/plumanegranoticias.com\/wp-content\/uploads\/2025\/12\/img-20251208-wa00432316689395573505821-1024x768.jpg\" alt=\"\" class=\"wp-image-12019\" srcset=\"https:\/\/plumanegranoticias.com\/wp-content\/uploads\/2025\/12\/img-20251208-wa00432316689395573505821-1024x768.jpg 1024w, https:\/\/plumanegranoticias.com\/wp-content\/uploads\/2025\/12\/img-20251208-wa00432316689395573505821-300x225.jpg 300w, https:\/\/plumanegranoticias.com\/wp-content\/uploads\/2025\/12\/img-20251208-wa00432316689395573505821-768x576.jpg 768w, https:\/\/plumanegranoticias.com\/wp-content\/uploads\/2025\/12\/img-20251208-wa00432316689395573505821-1536x1152.jpg 1536w, https:\/\/plumanegranoticias.com\/wp-content\/uploads\/2025\/12\/img-20251208-wa00432316689395573505821-400x300.jpg 400w, https:\/\/plumanegranoticias.com\/wp-content\/uploads\/2025\/12\/img-20251208-wa00432316689395573505821.jpg 1600w\" sizes=\"auto, (max-width: 1024px) 100vw, 1024px\" \/><\/figure>\n\n\n\n<figure class=\"wp-block-image\"><img loading=\"lazy\" decoding=\"async\" width=\"768\" height=\"1024\" src=\"https:\/\/plumanegranoticias.com\/wp-content\/uploads\/2025\/12\/img-20251208-wa00417855007547363005235-768x1024.jpg\" alt=\"\" class=\"wp-image-12018\" srcset=\"https:\/\/plumanegranoticias.com\/wp-content\/uploads\/2025\/12\/img-20251208-wa00417855007547363005235-768x1024.jpg 768w, https:\/\/plumanegranoticias.com\/wp-content\/uploads\/2025\/12\/img-20251208-wa00417855007547363005235-225x300.jpg 225w, https:\/\/plumanegranoticias.com\/wp-content\/uploads\/2025\/12\/img-20251208-wa00417855007547363005235-1152x1536.jpg 1152w, https:\/\/plumanegranoticias.com\/wp-content\/uploads\/2025\/12\/img-20251208-wa00417855007547363005235.jpg 1200w\" sizes=\"auto, (max-width: 768px) 100vw, 768px\" \/><\/figure>\n","protected":false},"excerpt":{"rendered":"<p>Este lunes inicia la entrega a los trabajadores de la SEV \u00c1ngeles Gonz\u00e1lez CeballosXalapa, Ver., La ma\u00f1ana de este lunes inicia la entrega de las tarjetas bancarias al sector educativo del Estado y puedan estar en lo que el gobierno de Veracruz ha denominado la n\u00f3mina \u00fanica. En la Secretar\u00eda de Educaci\u00f3n de Veracruz, ubicada&#8230; <\/p>\n<div class=\"clear\"><\/div>\n<p><a href=\"https:\/\/plumanegranoticias.com\/?p=12020\" class=\"excerpt-read-more\">Read More<i class=\"fa fa-caret-right icon-caret-right\"><\/i><\/a><\/p>\n","protected":false},"author":2,"featured_media":0,"comment_status":"open","ping_status":"open","sticky":false,"template":"","format":"standard","meta":{"om_disable_all_campaigns":false,"_monsterinsights_skip_tracking":false,"_monsterinsights_sitenote_active":false,"_monsterinsights_sitenote_note":"","_monsterinsights_sitenote_category":0,"_uf_show_specific_survey":0,"_uf_disable_surveys":false,"footnotes":""},"categories":[8,12],"tags":[34,19,63],"class_list":["post-12020","post","type-post","status-publish","format-standard","hentry","category-politica","category-regional","tag-policiaca","tag-regional","tag-roja"],"aioseo_notices":[],"_links":{"self":[{"href":"https:\/\/plumanegranoticias.com\/index.php?rest_route=\/wp\/v2\/posts\/12020","targetHints":{"allow":["GET"]}}],"collection":[{"href":"https:\/\/plumanegranoticias.com\/index.php?rest_route=\/wp\/v2\/posts"}],"about":[{"href":"https:\/\/plumanegranoticias.com\/index.php?rest_route=\/wp\/v2\/types\/post"}],"author":[{"embeddable":true,"href":"https:\/\/plumanegranoticias.com\/index.php?rest_route=\/wp\/v2\/users\/2"}],"replies":[{"embeddable":true,"href":"https:\/\/plumanegranoticias.com\/index.php?rest_route=%2Fwp%2Fv2%2Fcomments&post=12020"}],"version-history":[{"count":1,"href":"https:\/\/plumanegranoticias.com\/index.php?rest_route=\/wp\/v2\/posts\/12020\/revisions"}],"predecessor-version":[{"id":12021,"href":"https:\/\/plumanegranoticias.com\/index.php?rest_route=\/wp\/v2\/posts\/12020\/revisions\/12021"}],"wp:attachment":[{"href":"https:\/\/plumanegranoticias.com\/index.php?rest_route=%2Fwp%2Fv2%2Fmedia&parent=12020"}],"wp:term":[{"taxonomy":"category","embeddable":true,"href":"https:\/\/plumanegranoticias.com\/index.php?rest_route=%2Fwp%2Fv2%2Fcategories&post=12020"},{"taxonomy":"post_tag","embeddable":true,"href":"https:\/\/plumanegranoticias.com\/index.php?rest_route=%2Fwp%2Fv2%2Ftags&post=12020"}],"curies":[{"name":"wp","href":"https:\/\/api.w.org\/{rel}","templated":true}]}}