{"id":12043,"date":"2025-12-13T15:09:11","date_gmt":"2025-12-13T21:09:11","guid":{"rendered":"https:\/\/plumanegranoticias.com\/?p=12043"},"modified":"2025-12-13T15:09:52","modified_gmt":"2025-12-13T21:09:52","slug":"choque-y-volcadura-en-la-carretera-cuitlahuac-yanga-deja-personas-lesionadas","status":"publish","type":"post","link":"https:\/\/plumanegranoticias.com\/?p=12043","title":{"rendered":"Choque y volcadura en la carretera Cuitl\u00e1huac\u2013Yanga deja personas lesionadas"},"content":{"rendered":"\n<p>Por GerardoLuna.mx<br>Cuitl\u00e1huac, Ver.\u2014 Un accidente vial registrado la tarde de este s\u00e1bado en la carretera federal C\u00f3rdoba\u2013Veracruz, en el tramo Cuitl\u00e1huac, dej\u00f3 como saldo al menos una persona lesionada, adem\u00e1s de da\u00f1os materiales considerables.<\/p>\n\n\n\n<p>De acuerdo con los primeros reportes, un autom\u00f3vil particular habr\u00eda invadido el carril contrario, lo que provoc\u00f3 una colisi\u00f3n directa contra un motociclista.<\/p>\n\n\n\n<p>Tras el impacto, la unidad automotriz perdi\u00f3 el control y termin\u00f3 volcada a un costado de la v\u00eda, a la altura de la desviaci\u00f3n hacia el centro del municipio de Cuitl\u00e1huac.<\/p>\n\n\n\n<p>Testigos que se encontraban en el lugar solicitaron de inmediato el apoyo de los cuerpos de emergencia.<\/p>\n\n\n\n<p>Param\u00e9dicos arribaron para brindar atenci\u00f3n prehospitalaria a la persona lesionada, con el apoyo de vecinos de la zona, quienes auxiliaron mientras se realizaban las maniobras correspondientes.<\/p>\n\n\n\n<p>Hasta el momento, no se ha informado oficialmente sobre la gravedad de las lesiones.<\/p>\n\n\n\n<p>Elementos de seguridad y personal de tr\u00e1nsito acudieron al sitio para abanderar la zona, prevenir nuevos accidentes y realizar el peritaje correspondiente, a fin de deslindar responsabilidades.<\/p>\n\n\n\n<p>La circulaci\u00f3n se vio afectada de manera parcial durante las labores de auxilio y retiro de las unidades involucradas.<\/p>\n\n\n\n<p>Las autoridades exhortaron a los conductores a extremar precauciones, respetar los se\u00f1alamientos viales y mantener una conducci\u00f3n responsable, especialmente en tramos de alta afluencia vehicular.<\/p>\n\n\n\n<figure class=\"wp-block-image size-large\"><img loading=\"lazy\" decoding=\"async\" width=\"1024\" height=\"768\" src=\"https:\/\/plumanegranoticias.com\/wp-content\/uploads\/2025\/12\/20251213_142246168194050290783474-1024x768.jpg\" alt=\"\" class=\"wp-image-12041\" srcset=\"https:\/\/plumanegranoticias.com\/wp-content\/uploads\/2025\/12\/20251213_142246168194050290783474-1024x768.jpg 1024w, https:\/\/plumanegranoticias.com\/wp-content\/uploads\/2025\/12\/20251213_142246168194050290783474-300x225.jpg 300w, https:\/\/plumanegranoticias.com\/wp-content\/uploads\/2025\/12\/20251213_142246168194050290783474-768x576.jpg 768w, https:\/\/plumanegranoticias.com\/wp-content\/uploads\/2025\/12\/20251213_142246168194050290783474-1536x1152.jpg 1536w, https:\/\/plumanegranoticias.com\/wp-content\/uploads\/2025\/12\/20251213_142246168194050290783474-400x300.jpg 400w, https:\/\/plumanegranoticias.com\/wp-content\/uploads\/2025\/12\/20251213_142246168194050290783474.jpg 2000w\" sizes=\"auto, (max-width: 1024px) 100vw, 1024px\" \/><\/figure>\n\n\n\n<figure class=\"wp-block-video\"><video height=\"848\" style=\"aspect-ratio: 470 \/ 848;\" width=\"470\" controls src=\"https:\/\/plumanegranoticias.com\/wp-content\/uploads\/2025\/12\/VID-20251213-WA0168.mp4\"><\/video><\/figure>\n","protected":false},"excerpt":{"rendered":"<p>Por GerardoLuna.mxCuitl\u00e1huac, Ver.\u2014 Un accidente vial registrado la tarde de este s\u00e1bado en la carretera federal C\u00f3rdoba\u2013Veracruz, en el tramo Cuitl\u00e1huac, dej\u00f3 como saldo al menos una persona lesionada, adem\u00e1s de da\u00f1os materiales considerables. De acuerdo con los primeros reportes, un autom\u00f3vil particular habr\u00eda invadido el carril contrario, lo que provoc\u00f3 una colisi\u00f3n directa contra&#8230; <\/p>\n<div class=\"clear\"><\/div>\n<p><a href=\"https:\/\/plumanegranoticias.com\/?p=12043\" class=\"excerpt-read-more\">Read More<i class=\"fa fa-caret-right icon-caret-right\"><\/i><\/a><\/p>\n","protected":false},"author":2,"featured_media":12045,"comment_status":"open","ping_status":"open","sticky":false,"template":"","format":"standard","meta":{"om_disable_all_campaigns":false,"_monsterinsights_skip_tracking":false,"_monsterinsights_sitenote_active":false,"_monsterinsights_sitenote_note":"","_monsterinsights_sitenote_category":0,"_uf_show_specific_survey":0,"_uf_disable_surveys":false,"footnotes":""},"categories":[13,12],"tags":[22,18,30],"class_list":["post-12043","post","type-post","status-publish","format-standard","has-post-thumbnail","hentry","category-nota-roja","category-regional","tag-nota-roja","tag-noticia","tag-plumazos"],"aioseo_notices":[],"_links":{"self":[{"href":"https:\/\/plumanegranoticias.com\/index.php?rest_route=\/wp\/v2\/posts\/12043","targetHints":{"allow":["GET"]}}],"collection":[{"href":"https:\/\/plumanegranoticias.com\/index.php?rest_route=\/wp\/v2\/posts"}],"about":[{"href":"https:\/\/plumanegranoticias.com\/index.php?rest_route=\/wp\/v2\/types\/post"}],"author":[{"embeddable":true,"href":"https:\/\/plumanegranoticias.com\/index.php?rest_route=\/wp\/v2\/users\/2"}],"replies":[{"embeddable":true,"href":"https:\/\/plumanegranoticias.com\/index.php?rest_route=%2Fwp%2Fv2%2Fcomments&post=12043"}],"version-history":[{"count":1,"href":"https:\/\/plumanegranoticias.com\/index.php?rest_route=\/wp\/v2\/posts\/12043\/revisions"}],"predecessor-version":[{"id":12044,"href":"https:\/\/plumanegranoticias.com\/index.php?rest_route=\/wp\/v2\/posts\/12043\/revisions\/12044"}],"wp:featuredmedia":[{"embeddable":true,"href":"https:\/\/plumanegranoticias.com\/index.php?rest_route=\/wp\/v2\/media\/12045"}],"wp:attachment":[{"href":"https:\/\/plumanegranoticias.com\/index.php?rest_route=%2Fwp%2Fv2%2Fmedia&parent=12043"}],"wp:term":[{"taxonomy":"category","embeddable":true,"href":"https:\/\/plumanegranoticias.com\/index.php?rest_route=%2Fwp%2Fv2%2Fcategories&post=12043"},{"taxonomy":"post_tag","embeddable":true,"href":"https:\/\/plumanegranoticias.com\/index.php?rest_route=%2Fwp%2Fv2%2Ftags&post=12043"}],"curies":[{"name":"wp","href":"https:\/\/api.w.org\/{rel}","templated":true}]}}