{"id":12579,"date":"2025-12-27T11:21:28","date_gmt":"2025-12-27T17:21:28","guid":{"rendered":"https:\/\/plumanegranoticias.com\/?p=12579"},"modified":"2025-12-27T11:22:02","modified_gmt":"2025-12-27T17:22:02","slug":"bma-capitulo-veracruz-realiza-toma-de-protesta-de-nuevos-integrantes-en-acto-institucional","status":"publish","type":"post","link":"https:\/\/plumanegranoticias.com\/?p=12579","title":{"rendered":"BMA Cap\u00edtulo Veracruz realiza Toma de Protesta de nuevos integrantes en acto institucional"},"content":{"rendered":"\n<p class=\"wp-block-paragraph\">Por GerardoLuna.mx<br \/>Veracruz, Ver.\u2013 Integrantes del BMA Cap\u00edtulo Veracruz llevaron a cabo un acto institucional en el que se realiz\u00f3 la Toma de Protesta de nuevos barristas, en un evento encabezado por el presidente del organismo, Felipe Fdz Fourzan, y que cont\u00f3 con la asistencia de autoridades del \u00e1mbito judicial, as\u00ed como de profesionales del derecho y servidores p\u00fablicos.<\/p>\n\n\n\n<figure class=\"wp-block-image size-large\"><img loading=\"lazy\" decoding=\"async\" width=\"1024\" height=\"577\" src=\"https:\/\/plumanegranoticias.com\/wp-content\/uploads\/2025\/12\/img-20251227-wa01046298706184073192522-1024x577.jpg\" alt=\"\" class=\"wp-image-12581\" srcset=\"https:\/\/plumanegranoticias.com\/wp-content\/uploads\/2025\/12\/img-20251227-wa01046298706184073192522-1024x577.jpg 1024w, https:\/\/plumanegranoticias.com\/wp-content\/uploads\/2025\/12\/img-20251227-wa01046298706184073192522-300x169.jpg 300w, https:\/\/plumanegranoticias.com\/wp-content\/uploads\/2025\/12\/img-20251227-wa01046298706184073192522-768x432.jpg 768w, https:\/\/plumanegranoticias.com\/wp-content\/uploads\/2025\/12\/img-20251227-wa01046298706184073192522.jpg 1156w\" sizes=\"auto, (max-width: 1024px) 100vw, 1024px\" \/><\/figure>\n\n\n\n<p class=\"wp-block-paragraph\">Durante la ceremonia se tuvo como invitada especial a la presidenta magistrada del \u00d3rgano de Administraci\u00f3n, Dra. Alma Rosa Flores Ceballos, quien acudi\u00f3 en calidad de autoridad representativa del Poder Judicial.<\/p>\n\n\n\n<p class=\"wp-block-paragraph\">Asimismo, estuvo presente el magistrado Antonio Sobrevilla Castillo, junto con jueces de diversas materias y funcionarios de distintas dependencias, quienes atestiguaron el desarrollo del evento.<\/p>\n\n\n\n<p class=\"wp-block-paragraph\">El acto protocolario incluy\u00f3 el pase de lista de los nuevos integrantes, la lectura de los principios y lineamientos que rigen al BMA, as\u00ed como la toma de protesta formal, mediante la cual los nuevos barristas asumieron el compromiso de ejercer la abogac\u00eda conforme a los valores \u00e9ticos, legales e institucionales establecidos por la organizaci\u00f3n.<\/p>\n\n\n\n<p class=\"wp-block-paragraph\">De acuerdo con los organizadores, la ceremonia tuvo como objetivo fortalecer la vida interna del BMA Cap\u00edtulo Veracruz, promover la participaci\u00f3n activa de sus integrantes y refrendar los v\u00ednculos de colaboraci\u00f3n con instituciones del sector p\u00fablico y judicial.<\/p>\n\n\n\n<p class=\"wp-block-paragraph\">La presencia de magistrados, jueces y servidores p\u00fablicos permiti\u00f3 dar mayor formalidad y respaldo institucional al evento.<\/p>\n\n\n\n<p class=\"wp-block-paragraph\">El encuentro reuni\u00f3 a abogados con trayectoria profesional como Rogelio Manuel Reyes Camacho encargado de la comisi\u00f3n de \u00e9tica y Pilar del Carmen Reyes camacho que en ese acto tom\u00f3 protesta como barrista as\u00ed como a nuevos integrantes que se incorporan al colegio, en un espacio destinado al intercambio de ideas y a la consolidaci\u00f3n de la organizaci\u00f3n dentro del \u00e1mbito jur\u00eddico del estado de Veracruz.<\/p>\n\n\n\n<p class=\"wp-block-paragraph\">El evento concluy\u00f3 sin incidentes, conforme al programa establecido, y con la integraci\u00f3n formal de los nuevos barristas al BMA Cap\u00edtulo Veracruz, quienes a partir de este acto quedan acreditados como miembros activos de la asociaci\u00f3n.<\/p>\n\n\n\n<figure class=\"wp-block-image size-large\"><img loading=\"lazy\" decoding=\"async\" width=\"1024\" height=\"1024\" src=\"https:\/\/plumanegranoticias.com\/wp-content\/uploads\/2025\/12\/img-20251227-wa01071650496705150430004-1024x1024.jpg\" alt=\"\" class=\"wp-image-12582\" srcset=\"https:\/\/plumanegranoticias.com\/wp-content\/uploads\/2025\/12\/img-20251227-wa01071650496705150430004-1024x1024.jpg 1024w, https:\/\/plumanegranoticias.com\/wp-content\/uploads\/2025\/12\/img-20251227-wa01071650496705150430004-300x300.jpg 300w, https:\/\/plumanegranoticias.com\/wp-content\/uploads\/2025\/12\/img-20251227-wa01071650496705150430004-150x150.jpg 150w, https:\/\/plumanegranoticias.com\/wp-content\/uploads\/2025\/12\/img-20251227-wa01071650496705150430004-768x768.jpg 768w, https:\/\/plumanegranoticias.com\/wp-content\/uploads\/2025\/12\/img-20251227-wa01071650496705150430004-400x400.jpg 400w, https:\/\/plumanegranoticias.com\/wp-content\/uploads\/2025\/12\/img-20251227-wa01071650496705150430004.jpg 1528w\" sizes=\"auto, (max-width: 1024px) 100vw, 1024px\" \/><\/figure>\n\n\n\n<figure class=\"wp-block-image\"><img loading=\"lazy\" decoding=\"async\" width=\"1024\" height=\"1024\" src=\"https:\/\/plumanegranoticias.com\/wp-content\/uploads\/2025\/12\/img-20251227-wa0106767392229147674366-1024x1024.jpg\" alt=\"\" class=\"wp-image-12583\" srcset=\"https:\/\/plumanegranoticias.com\/wp-content\/uploads\/2025\/12\/img-20251227-wa0106767392229147674366-1024x1024.jpg 1024w, https:\/\/plumanegranoticias.com\/wp-content\/uploads\/2025\/12\/img-20251227-wa0106767392229147674366-300x300.jpg 300w, https:\/\/plumanegranoticias.com\/wp-content\/uploads\/2025\/12\/img-20251227-wa0106767392229147674366-150x150.jpg 150w, https:\/\/plumanegranoticias.com\/wp-content\/uploads\/2025\/12\/img-20251227-wa0106767392229147674366-768x768.jpg 768w, https:\/\/plumanegranoticias.com\/wp-content\/uploads\/2025\/12\/img-20251227-wa0106767392229147674366-400x400.jpg 400w, https:\/\/plumanegranoticias.com\/wp-content\/uploads\/2025\/12\/img-20251227-wa0106767392229147674366.jpg 1496w\" sizes=\"auto, (max-width: 1024px) 100vw, 1024px\" \/><\/figure>\n","protected":false},"excerpt":{"rendered":"<p>Por GerardoLuna.mxVeracruz, Ver.\u2013 Integrantes del BMA Cap\u00edtulo Veracruz llevaron a cabo un acto institucional en el que se realiz\u00f3 la Toma de Protesta de nuevos barristas, en un evento encabezado por el presidente del organismo, Felipe Fdz Fourzan, y que cont\u00f3 con la asistencia de autoridades del \u00e1mbito judicial, as\u00ed como de profesionales del derecho&#8230; <\/p>\n<div class=\"clear\"><\/div>\n<p><a href=\"https:\/\/plumanegranoticias.com\/?p=12579\" class=\"excerpt-read-more\">Read More<i class=\"fa fa-caret-right icon-caret-right\"><\/i><\/a><\/p>\n","protected":false},"author":2,"featured_media":12585,"comment_status":"open","ping_status":"open","sticky":false,"template":"","format":"standard","meta":{"om_disable_all_campaigns":false,"_monsterinsights_skip_tracking":false,"_uf_show_specific_survey":0,"_uf_disable_surveys":false,"footnotes":""},"categories":[1,13,8,12],"tags":[22,30],"class_list":["post-12579","post","type-post","status-publish","format-standard","has-post-thumbnail","hentry","category-blog","category-nota-roja","category-politica","category-regional","tag-nota-roja","tag-plumazos"],"aioseo_notices":[],"aioseo_head":"\n\t\t<!-- All in One SEO 5.0.0.1 - aioseo.com -->\n\t<meta name=\"description\" content=\"Por GerardoLuna.mxVeracruz, Ver.\u2013 Integrantes del BMA Cap\u00edtulo Veracruz llevaron a cabo un acto institucional en el que se realiz\u00f3 la Toma de Protesta de nuevos barristas, en un evento encabezado por el presidente del organismo, Felipe Fdz Fourzan, y que cont\u00f3 con la asistencia de autoridades del \u00e1mbito judicial, as\u00ed como de profesionales del derecho\" \/>\n\t<meta name=\"robots\" content=\"max-image-preview:large\" \/>\n\t<meta name=\"author\" content=\"Ignacio \u00c1lvarez\"\/>\n\t<link rel=\"canonical\" href=\"https:\/\/plumanegranoticias.com\/?p=12579\" \/>\n\t<meta name=\"generator\" content=\"All in One SEO (AIOSEO) 5.0.0.1\" \/>\n\t\t<meta property=\"og:locale\" content=\"es_MX\" \/>\n\t\t<meta property=\"og:site_name\" content=\"plumanegranoticias.com -\" \/>\n\t\t<meta property=\"og:type\" content=\"article\" \/>\n\t\t<meta property=\"og:title\" content=\"BMA Cap\u00edtulo Veracruz realiza Toma de Protesta de nuevos integrantes en acto institucional - plumanegranoticias.com\" \/>\n\t\t<meta property=\"og:description\" content=\"Por GerardoLuna.mxVeracruz, Ver.\u2013 Integrantes del BMA Cap\u00edtulo Veracruz llevaron a cabo un acto institucional en el que se realiz\u00f3 la Toma de Protesta de nuevos barristas, en un evento encabezado por el presidente del organismo, Felipe Fdz Fourzan, y que cont\u00f3 con la asistencia de autoridades del \u00e1mbito judicial, as\u00ed como de profesionales del derecho\" \/>\n\t\t<meta property=\"og:url\" content=\"https:\/\/plumanegranoticias.com\/?p=12579\" \/>\n\t\t<meta property=\"article:published_time\" content=\"2025-12-27T17:21:28+00:00\" \/>\n\t\t<meta property=\"article:modified_time\" content=\"2025-12-27T17:22:02+00:00\" \/>\n\t\t<meta name=\"twitter:card\" content=\"summary_large_image\" \/>\n\t\t<meta name=\"twitter:title\" content=\"BMA Cap\u00edtulo Veracruz realiza Toma de Protesta de nuevos integrantes en acto institucional - plumanegranoticias.com\" \/>\n\t\t<meta name=\"twitter:description\" content=\"Por GerardoLuna.mxVeracruz, Ver.\u2013 Integrantes del BMA Cap\u00edtulo Veracruz llevaron a cabo un acto institucional en el que se realiz\u00f3 la Toma de Protesta de nuevos barristas, en un evento encabezado por el presidente del organismo, Felipe Fdz Fourzan, y que cont\u00f3 con la asistencia de autoridades del \u00e1mbito judicial, as\u00ed como de profesionales del derecho\" \/>\n\t\t<script type=\"application\/ld+json\" class=\"aioseo-schema\">\n\t\t\t{\"@context\":\"https:\\\/\\\/schema.org\",\"@graph\":[{\"@type\":\"BlogPosting\",\"@id\":\"https:\\\/\\\/plumanegranoticias.com\\\/?p=12579#blogposting\",\"name\":\"BMA Cap\\u00edtulo Veracruz realiza Toma de Protesta de nuevos integrantes en acto institucional - plumanegranoticias.com\",\"headline\":\"BMA Cap\\u00edtulo Veracruz realiza Toma de Protesta de nuevos integrantes en acto institucional\",\"author\":{\"@id\":\"https:\\\/\\\/plumanegranoticias.com\\\/?author=2#author\"},\"publisher\":{\"@id\":\"https:\\\/\\\/plumanegranoticias.com\\\/#organization\"},\"image\":{\"@type\":\"ImageObject\",\"url\":\"https:\\\/\\\/plumanegranoticias.com\\\/wp-content\\\/uploads\\\/2025\\\/12\\\/IMG-20251227-WA0104.jpg\",\"width\":1156,\"height\":651},\"datePublished\":\"2025-12-27T11:21:28-06:00\",\"dateModified\":\"2025-12-27T11:22:02-06:00\",\"inLanguage\":\"es-MX\",\"mainEntityOfPage\":{\"@id\":\"https:\\\/\\\/plumanegranoticias.com\\\/?p=12579#webpage\"},\"isPartOf\":{\"@id\":\"https:\\\/\\\/plumanegranoticias.com\\\/?p=12579#webpage\"},\"articleSection\":\"Blog, Nota Roja, Pol\\u00edtica, Regional, Nota Roja, Plumazos\"},{\"@type\":\"BreadcrumbList\",\"@id\":\"https:\\\/\\\/plumanegranoticias.com\\\/?p=12579#breadcrumblist\",\"itemListElement\":[{\"@type\":\"ListItem\",\"@id\":\"https:\\\/\\\/plumanegranoticias.com#listItem\",\"position\":1,\"name\":\"Home\",\"item\":\"https:\\\/\\\/plumanegranoticias.com\",\"nextItem\":{\"@type\":\"ListItem\",\"@id\":\"https:\\\/\\\/plumanegranoticias.com\\\/?cat=1#listItem\",\"name\":\"Blog\"}},{\"@type\":\"ListItem\",\"@id\":\"https:\\\/\\\/plumanegranoticias.com\\\/?cat=1#listItem\",\"position\":2,\"name\":\"Blog\",\"item\":\"https:\\\/\\\/plumanegranoticias.com\\\/?cat=1\",\"nextItem\":{\"@type\":\"ListItem\",\"@id\":\"https:\\\/\\\/plumanegranoticias.com\\\/?p=12579#listItem\",\"name\":\"BMA Cap\\u00edtulo Veracruz realiza Toma de Protesta de nuevos integrantes en acto institucional\"},\"previousItem\":{\"@type\":\"ListItem\",\"@id\":\"https:\\\/\\\/plumanegranoticias.com#listItem\",\"name\":\"Home\"}},{\"@type\":\"ListItem\",\"@id\":\"https:\\\/\\\/plumanegranoticias.com\\\/?p=12579#listItem\",\"position\":3,\"name\":\"BMA Cap\\u00edtulo Veracruz realiza Toma de Protesta de nuevos integrantes en acto institucional\",\"previousItem\":{\"@type\":\"ListItem\",\"@id\":\"https:\\\/\\\/plumanegranoticias.com\\\/?cat=1#listItem\",\"name\":\"Blog\"}}]},{\"@type\":\"Organization\",\"@id\":\"https:\\\/\\\/plumanegranoticias.com\\\/#organization\",\"name\":\"plumanegranoticias.com\",\"url\":\"https:\\\/\\\/plumanegranoticias.com\\\/\"},{\"@type\":\"Person\",\"@id\":\"https:\\\/\\\/plumanegranoticias.com\\\/?author=2#author\",\"url\":\"https:\\\/\\\/plumanegranoticias.com\\\/?author=2\",\"name\":\"Ignacio \\u00c1lvarez\",\"image\":{\"@type\":\"ImageObject\",\"@id\":\"https:\\\/\\\/plumanegranoticias.com\\\/?p=12579#authorImage\",\"url\":\"https:\\\/\\\/secure.gravatar.com\\\/avatar\\\/50d15f5139fd84e7a48ef23fcd81dc58ca9890401d4d15ad86caf43620b1771f?s=96&d=mm&r=g\",\"width\":96,\"height\":96,\"caption\":\"Ignacio \\u00c1lvarez\"}},{\"@type\":\"WebPage\",\"@id\":\"https:\\\/\\\/plumanegranoticias.com\\\/?p=12579#webpage\",\"url\":\"https:\\\/\\\/plumanegranoticias.com\\\/?p=12579\",\"name\":\"BMA Cap\\u00edtulo Veracruz realiza Toma de Protesta de nuevos integrantes en acto institucional - plumanegranoticias.com\",\"description\":\"Por GerardoLuna.mxVeracruz, Ver.\\u2013 Integrantes del BMA Cap\\u00edtulo Veracruz llevaron a cabo un acto institucional en el que se realiz\\u00f3 la Toma de Protesta de nuevos barristas, en un evento encabezado por el presidente del organismo, Felipe Fdz Fourzan, y que cont\\u00f3 con la asistencia de autoridades del \\u00e1mbito judicial, as\\u00ed como de profesionales del derecho\",\"inLanguage\":\"es-MX\",\"isPartOf\":{\"@id\":\"https:\\\/\\\/plumanegranoticias.com\\\/#website\"},\"breadcrumb\":{\"@id\":\"https:\\\/\\\/plumanegranoticias.com\\\/?p=12579#breadcrumblist\"},\"author\":{\"@id\":\"https:\\\/\\\/plumanegranoticias.com\\\/?author=2#author\"},\"creator\":{\"@id\":\"https:\\\/\\\/plumanegranoticias.com\\\/?author=2#author\"},\"image\":{\"@type\":\"ImageObject\",\"url\":\"https:\\\/\\\/plumanegranoticias.com\\\/wp-content\\\/uploads\\\/2025\\\/12\\\/IMG-20251227-WA0104.jpg\",\"@id\":\"https:\\\/\\\/plumanegranoticias.com\\\/?p=12579\\\/#mainImage\",\"width\":1156,\"height\":651},\"primaryImageOfPage\":{\"@id\":\"https:\\\/\\\/plumanegranoticias.com\\\/?p=12579#mainImage\"},\"datePublished\":\"2025-12-27T11:21:28-06:00\",\"dateModified\":\"2025-12-27T11:22:02-06:00\"},{\"@type\":\"WebSite\",\"@id\":\"https:\\\/\\\/plumanegranoticias.com\\\/#website\",\"url\":\"https:\\\/\\\/plumanegranoticias.com\\\/\",\"name\":\"plumanegranoticias.com\",\"inLanguage\":\"es-MX\",\"publisher\":{\"@id\":\"https:\\\/\\\/plumanegranoticias.com\\\/#organization\"}}]}\n\t\t<\/script>\n\t\t<!-- All in One SEO -->\n\n","aioseo_head_json":{"title":"BMA Cap\u00edtulo Veracruz realiza Toma de Protesta de nuevos integrantes en acto institucional - plumanegranoticias.com","description":"Por GerardoLuna.mxVeracruz, Ver.\u2013 Integrantes del BMA Cap\u00edtulo Veracruz llevaron a cabo un acto institucional en el que se realiz\u00f3 la Toma de Protesta de nuevos barristas, en un evento encabezado por el presidente del organismo, Felipe Fdz Fourzan, y que cont\u00f3 con la asistencia de autoridades del \u00e1mbito judicial, as\u00ed como de profesionales del derecho","canonical_url":"https:\/\/plumanegranoticias.com\/?p=12579","robots":"max-image-preview:large","keywords":"","webmasterTools":{"miscellaneous":""},"schema":{"@context":"https:\/\/schema.org","@graph":[{"@type":"BlogPosting","@id":"https:\/\/plumanegranoticias.com\/?p=12579#blogposting","name":"BMA Cap\u00edtulo Veracruz realiza Toma de Protesta de nuevos integrantes en acto institucional - plumanegranoticias.com","headline":"BMA Cap\u00edtulo Veracruz realiza Toma de Protesta de nuevos integrantes en acto institucional","author":{"@id":"https:\/\/plumanegranoticias.com\/?author=2#author"},"publisher":{"@id":"https:\/\/plumanegranoticias.com\/#organization"},"image":{"@type":"ImageObject","url":"https:\/\/plumanegranoticias.com\/wp-content\/uploads\/2025\/12\/IMG-20251227-WA0104.jpg","width":1156,"height":651},"datePublished":"2025-12-27T11:21:28-06:00","dateModified":"2025-12-27T11:22:02-06:00","inLanguage":"es-MX","mainEntityOfPage":{"@id":"https:\/\/plumanegranoticias.com\/?p=12579#webpage"},"isPartOf":{"@id":"https:\/\/plumanegranoticias.com\/?p=12579#webpage"},"articleSection":"Blog, Nota Roja, Pol\u00edtica, Regional, Nota Roja, Plumazos"},{"@type":"BreadcrumbList","@id":"https:\/\/plumanegranoticias.com\/?p=12579#breadcrumblist","itemListElement":[{"@type":"ListItem","@id":"https:\/\/plumanegranoticias.com#listItem","position":1,"name":"Home","item":"https:\/\/plumanegranoticias.com","nextItem":{"@type":"ListItem","@id":"https:\/\/plumanegranoticias.com\/?cat=1#listItem","name":"Blog"}},{"@type":"ListItem","@id":"https:\/\/plumanegranoticias.com\/?cat=1#listItem","position":2,"name":"Blog","item":"https:\/\/plumanegranoticias.com\/?cat=1","nextItem":{"@type":"ListItem","@id":"https:\/\/plumanegranoticias.com\/?p=12579#listItem","name":"BMA Cap\u00edtulo Veracruz realiza Toma de Protesta de nuevos integrantes en acto institucional"},"previousItem":{"@type":"ListItem","@id":"https:\/\/plumanegranoticias.com#listItem","name":"Home"}},{"@type":"ListItem","@id":"https:\/\/plumanegranoticias.com\/?p=12579#listItem","position":3,"name":"BMA Cap\u00edtulo Veracruz realiza Toma de Protesta de nuevos integrantes en acto institucional","previousItem":{"@type":"ListItem","@id":"https:\/\/plumanegranoticias.com\/?cat=1#listItem","name":"Blog"}}]},{"@type":"Organization","@id":"https:\/\/plumanegranoticias.com\/#organization","name":"plumanegranoticias.com","url":"https:\/\/plumanegranoticias.com\/"},{"@type":"Person","@id":"https:\/\/plumanegranoticias.com\/?author=2#author","url":"https:\/\/plumanegranoticias.com\/?author=2","name":"Ignacio \u00c1lvarez","image":{"@type":"ImageObject","@id":"https:\/\/plumanegranoticias.com\/?p=12579#authorImage","url":"https:\/\/secure.gravatar.com\/avatar\/50d15f5139fd84e7a48ef23fcd81dc58ca9890401d4d15ad86caf43620b1771f?s=96&d=mm&r=g","width":96,"height":96,"caption":"Ignacio \u00c1lvarez"}},{"@type":"WebPage","@id":"https:\/\/plumanegranoticias.com\/?p=12579#webpage","url":"https:\/\/plumanegranoticias.com\/?p=12579","name":"BMA Cap\u00edtulo Veracruz realiza Toma de Protesta de nuevos integrantes en acto institucional - plumanegranoticias.com","description":"Por GerardoLuna.mxVeracruz, Ver.\u2013 Integrantes del BMA Cap\u00edtulo Veracruz llevaron a cabo un acto institucional en el que se realiz\u00f3 la Toma de Protesta de nuevos barristas, en un evento encabezado por el presidente del organismo, Felipe Fdz Fourzan, y que cont\u00f3 con la asistencia de autoridades del \u00e1mbito judicial, as\u00ed como de profesionales del derecho","inLanguage":"es-MX","isPartOf":{"@id":"https:\/\/plumanegranoticias.com\/#website"},"breadcrumb":{"@id":"https:\/\/plumanegranoticias.com\/?p=12579#breadcrumblist"},"author":{"@id":"https:\/\/plumanegranoticias.com\/?author=2#author"},"creator":{"@id":"https:\/\/plumanegranoticias.com\/?author=2#author"},"image":{"@type":"ImageObject","url":"https:\/\/plumanegranoticias.com\/wp-content\/uploads\/2025\/12\/IMG-20251227-WA0104.jpg","@id":"https:\/\/plumanegranoticias.com\/?p=12579\/#mainImage","width":1156,"height":651},"primaryImageOfPage":{"@id":"https:\/\/plumanegranoticias.com\/?p=12579#mainImage"},"datePublished":"2025-12-27T11:21:28-06:00","dateModified":"2025-12-27T11:22:02-06:00"},{"@type":"WebSite","@id":"https:\/\/plumanegranoticias.com\/#website","url":"https:\/\/plumanegranoticias.com\/","name":"plumanegranoticias.com","inLanguage":"es-MX","publisher":{"@id":"https:\/\/plumanegranoticias.com\/#organization"}}]},"og:locale":"es_MX","og:site_name":"plumanegranoticias.com -","og:type":"article","og:title":"BMA Cap\u00edtulo Veracruz realiza Toma de Protesta de nuevos integrantes en acto institucional - plumanegranoticias.com","og:description":"Por GerardoLuna.mxVeracruz, Ver.\u2013 Integrantes del BMA Cap\u00edtulo Veracruz llevaron a cabo un acto institucional en el que se realiz\u00f3 la Toma de Protesta de nuevos barristas, en un evento encabezado por el presidente del organismo, Felipe Fdz Fourzan, y que cont\u00f3 con la asistencia de autoridades del \u00e1mbito judicial, as\u00ed como de profesionales del derecho","og:url":"https:\/\/plumanegranoticias.com\/?p=12579","article:published_time":"2025-12-27T17:21:28+00:00","article:modified_time":"2025-12-27T17:22:02+00:00","twitter:card":"summary_large_image","twitter:title":"BMA Cap\u00edtulo Veracruz realiza Toma de Protesta de nuevos integrantes en acto institucional - plumanegranoticias.com","twitter:description":"Por GerardoLuna.mxVeracruz, Ver.\u2013 Integrantes del BMA Cap\u00edtulo Veracruz llevaron a cabo un acto institucional en el que se realiz\u00f3 la Toma de Protesta de nuevos barristas, en un evento encabezado por el presidente del organismo, Felipe Fdz Fourzan, y que cont\u00f3 con la asistencia de autoridades del \u00e1mbito judicial, as\u00ed como de profesionales del derecho"},"aioseo_meta_data":{"post_id":"12579","title":null,"description":null,"keywords":null,"keyphrases":null,"primary_term":null,"canonical_url":null,"og_title":null,"og_description":null,"og_object_type":"default","og_image_type":"default","og_image_url":null,"og_image_width":null,"og_image_height":null,"og_image_custom_url":null,"og_image_custom_fields":null,"og_video":null,"og_custom_url":null,"og_article_section":null,"og_article_tags":null,"twitter_use_og":false,"twitter_card":"default","twitter_image_type":"default","twitter_image_url":null,"twitter_image_custom_url":null,"twitter_image_custom_fields":null,"twitter_title":null,"twitter_description":null,"schema":{"blockGraphs":[],"customGraphs":[],"default":{"data":{"Article":[],"Course":[],"Dataset":[],"FAQPage":[],"Movie":[],"Person":[],"Product":[],"ProductReview":[],"Car":[],"Recipe":[],"Service":[],"SoftwareApplication":[],"WebPage":[]},"graphName":"","isEnabled":true},"graphs":[]},"schema_type":"default","schema_type_options":null,"pillar_content":false,"robots_default":true,"robots_noindex":false,"robots_noarchive":false,"robots_nosnippet":false,"robots_nofollow":false,"robots_noimageindex":false,"robots_noodp":false,"robots_notranslate":false,"robots_max_snippet":null,"robots_max_videopreview":null,"robots_max_imagepreview":"large","priority":null,"frequency":null,"local_seo":null,"breadcrumb_settings":null,"limit_modified_date":false,"ai":null,"created":"2025-12-27 17:25:58","updated":"2025-12-27 17:25:58","seo_analyzer_scan_date":null,"focus_keyword":null,"additional_keywords":null,"truseo_locale":null},"aioseo_breadcrumb":"<div class=\"aioseo-breadcrumbs\"><span class=\"aioseo-breadcrumb\">\n\t\t\t<a href=\"https:\/\/plumanegranoticias.com\" title=\"Home\">Home<\/a>\n\t\t<\/span><span class=\"aioseo-breadcrumb-separator\">&raquo;<\/span><span class=\"aioseo-breadcrumb\">\n\t\t\t<a href=\"https:\/\/plumanegranoticias.com\/?cat=1\" title=\"Blog\">Blog<\/a>\n\t\t<\/span><span class=\"aioseo-breadcrumb-separator\">&raquo;<\/span><span class=\"aioseo-breadcrumb\">\n\t\t\tBMA Cap\u00edtulo Veracruz realiza Toma de Protesta de nuevos integrantes en acto institucional\n\t\t<\/span><\/div>","aioseo_breadcrumb_json":[{"label":"Home","link":"https:\/\/plumanegranoticias.com"},{"label":"Blog","link":"https:\/\/plumanegranoticias.com\/?cat=1"},{"label":"BMA Cap\u00edtulo Veracruz realiza Toma de Protesta de nuevos integrantes en acto institucional","link":"https:\/\/plumanegranoticias.com\/?p=12579"}],"_links":{"self":[{"href":"https:\/\/plumanegranoticias.com\/index.php?rest_route=\/wp\/v2\/posts\/12579","targetHints":{"allow":["GET"]}}],"collection":[{"href":"https:\/\/plumanegranoticias.com\/index.php?rest_route=\/wp\/v2\/posts"}],"about":[{"href":"https:\/\/plumanegranoticias.com\/index.php?rest_route=\/wp\/v2\/types\/post"}],"author":[{"embeddable":true,"href":"https:\/\/plumanegranoticias.com\/index.php?rest_route=\/wp\/v2\/users\/2"}],"replies":[{"embeddable":true,"href":"https:\/\/plumanegranoticias.com\/index.php?rest_route=%2Fwp%2Fv2%2Fcomments&post=12579"}],"version-history":[{"count":2,"href":"https:\/\/plumanegranoticias.com\/index.php?rest_route=\/wp\/v2\/posts\/12579\/revisions"}],"predecessor-version":[{"id":12584,"href":"https:\/\/plumanegranoticias.com\/index.php?rest_route=\/wp\/v2\/posts\/12579\/revisions\/12584"}],"wp:featuredmedia":[{"embeddable":true,"href":"https:\/\/plumanegranoticias.com\/index.php?rest_route=\/wp\/v2\/media\/12585"}],"wp:attachment":[{"href":"https:\/\/plumanegranoticias.com\/index.php?rest_route=%2Fwp%2Fv2%2Fmedia&parent=12579"}],"wp:term":[{"taxonomy":"category","embeddable":true,"href":"https:\/\/plumanegranoticias.com\/index.php?rest_route=%2Fwp%2Fv2%2Fcategories&post=12579"},{"taxonomy":"post_tag","embeddable":true,"href":"https:\/\/plumanegranoticias.com\/index.php?rest_route=%2Fwp%2Fv2%2Ftags&post=12579"}],"curies":[{"name":"wp","href":"https:\/\/api.w.org\/{rel}","templated":true}]}}