{"id":13206,"date":"2026-01-13T09:34:34","date_gmt":"2026-01-13T15:34:34","guid":{"rendered":"https:\/\/plumanegranoticias.com\/?p=13206"},"modified":"2026-01-13T09:35:20","modified_gmt":"2026-01-13T15:35:20","slug":"familia-hidromila-pierde-todo-tras-el-paso-del-frente-frio-27","status":"publish","type":"post","link":"https:\/\/plumanegranoticias.com\/?p=13206","title":{"rendered":"Familia hidromila pierde todo tras el paso del frente fr\u00edo 27."},"content":{"rendered":"\n<p>Jos\u00e9 Vargas.<\/p>\n\n\n\n<p>Agua Dulce, Ver.\u2014 El paso del frente fr\u00edo n\u00famero 27 dej\u00f3 a una familia hidr\u00f3mila sin hogar y sin pertenencias, luego de que las intensas rachas de viento arrancaran por completo el techo de su vivienda en la colonia Benito Ju\u00e1rez, durante la noche del domingo.<\/p>\n\n\n\n<p>En cuesti\u00f3n de segundos, la fuerza del aire venci\u00f3 la estructura de la casa, dejando expuestas a una mujer y a su sobrina, quienes quedaron atrapadas en medio de la lluvia, la oscuridad y el miedo, tras un apag\u00f3n que agrav\u00f3 la emergencia.<\/p>\n\n\n\n<p>Colchones, ropa, documentos y recuerdos familiares quedaron empapados y pr\u00e1cticamente inservibles. No hubo tiempo para rescatar nada. La situaci\u00f3n se torn\u00f3 a\u00fan m\u00e1s peligrosa cuando cables el\u00e9ctricos quedaron sueltos, mientras el agua continuaba entrando sin control al inmueble.<\/p>\n\n\n\n<p>A un d\u00eda del siniestro, la vivienda permanece en condiciones cr\u00edticas y existe el riesgo de que lo poco que a\u00fan se mantiene en pie colapse si se registran nuevamente fuertes vientos.<\/p>\n\n\n\n<p>Ante la p\u00e9rdida total, la familia hace un llamado urgente a la solidaridad ciudadana. Necesitan apoyo con colchones, ropa y art\u00edculos de primera necesidad para poder iniciar de nuevo.<\/p>\n\n\n\n<p>\ud83d\udccd Ubicaci\u00f3n: Colonia Benito Ju\u00e1rez, cerca del templo Monte Horeb<br \/>\ud83d\udcde Contacto: 923 336 5953<\/p>\n\n\n\n<p>El frente fr\u00edo 27 no solo dej\u00f3 da\u00f1os materiales, tambi\u00e9n arrebat\u00f3 la tranquilidad de una familia que hoy pide ayuda para no quedar en el olvido.<\/p>\n\n\n\n<figure class=\"wp-block-image size-large\"><img loading=\"lazy\" decoding=\"async\" width=\"188\" height=\"300\" src=\"https:\/\/plumanegranoticias.com\/wp-content\/uploads\/2026\/01\/img-20260113-wa00476998590608582561412-188x300.jpg\" alt=\"\" class=\"wp-image-13204\" srcset=\"https:\/\/plumanegranoticias.com\/wp-content\/uploads\/2026\/01\/img-20260113-wa00476998590608582561412-188x300.jpg 188w, https:\/\/plumanegranoticias.com\/wp-content\/uploads\/2026\/01\/img-20260113-wa00476998590608582561412.jpg 425w\" sizes=\"auto, (max-width: 188px) 100vw, 188px\" \/><\/figure>\n\n\n\n<figure class=\"wp-block-image\"><img loading=\"lazy\" decoding=\"async\" width=\"169\" height=\"300\" src=\"https:\/\/plumanegranoticias.com\/wp-content\/uploads\/2026\/01\/img-20260113-wa00461836695411058489871-169x300.jpg\" alt=\"\" class=\"wp-image-13205\" srcset=\"https:\/\/plumanegranoticias.com\/wp-content\/uploads\/2026\/01\/img-20260113-wa00461836695411058489871-169x300.jpg 169w, https:\/\/plumanegranoticias.com\/wp-content\/uploads\/2026\/01\/img-20260113-wa00461836695411058489871.jpg 424w\" sizes=\"auto, (max-width: 169px) 100vw, 169px\" \/><\/figure>\n","protected":false},"excerpt":{"rendered":"<p>Jos\u00e9 Vargas. Agua Dulce, Ver.\u2014 El paso del frente fr\u00edo n\u00famero 27 dej\u00f3 a una familia hidr\u00f3mila sin hogar y sin pertenencias, luego de que las intensas rachas de viento arrancaran por completo el techo de su vivienda en la colonia Benito Ju\u00e1rez, durante la noche del domingo. En cuesti\u00f3n de segundos, la fuerza del&#8230; <\/p>\n<div class=\"clear\"><\/div>\n<p><a href=\"https:\/\/plumanegranoticias.com\/?p=13206\" class=\"excerpt-read-more\">Read More<i class=\"fa fa-caret-right icon-caret-right\"><\/i><\/a><\/p>\n","protected":false},"author":2,"featured_media":13208,"comment_status":"open","ping_status":"open","sticky":false,"template":"","format":"standard","meta":{"om_disable_all_campaigns":false,"_monsterinsights_skip_tracking":false,"_monsterinsights_sitenote_active":false,"_monsterinsights_sitenote_note":"","_monsterinsights_sitenote_category":0,"_uf_show_specific_survey":0,"_uf_disable_surveys":false,"footnotes":""},"categories":[13,67,8,12],"tags":[20,22,18,30],"class_list":["post-13206","post","type-post","status-publish","format-standard","has-post-thumbnail","hentry","category-nota-roja","category-policiaca","category-politica","category-regional","tag-negocios","tag-nota-roja","tag-noticia","tag-plumazos"],"aioseo_notices":[],"_links":{"self":[{"href":"https:\/\/plumanegranoticias.com\/index.php?rest_route=\/wp\/v2\/posts\/13206","targetHints":{"allow":["GET"]}}],"collection":[{"href":"https:\/\/plumanegranoticias.com\/index.php?rest_route=\/wp\/v2\/posts"}],"about":[{"href":"https:\/\/plumanegranoticias.com\/index.php?rest_route=\/wp\/v2\/types\/post"}],"author":[{"embeddable":true,"href":"https:\/\/plumanegranoticias.com\/index.php?rest_route=\/wp\/v2\/users\/2"}],"replies":[{"embeddable":true,"href":"https:\/\/plumanegranoticias.com\/index.php?rest_route=%2Fwp%2Fv2%2Fcomments&post=13206"}],"version-history":[{"count":1,"href":"https:\/\/plumanegranoticias.com\/index.php?rest_route=\/wp\/v2\/posts\/13206\/revisions"}],"predecessor-version":[{"id":13207,"href":"https:\/\/plumanegranoticias.com\/index.php?rest_route=\/wp\/v2\/posts\/13206\/revisions\/13207"}],"wp:featuredmedia":[{"embeddable":true,"href":"https:\/\/plumanegranoticias.com\/index.php?rest_route=\/wp\/v2\/media\/13208"}],"wp:attachment":[{"href":"https:\/\/plumanegranoticias.com\/index.php?rest_route=%2Fwp%2Fv2%2Fmedia&parent=13206"}],"wp:term":[{"taxonomy":"category","embeddable":true,"href":"https:\/\/plumanegranoticias.com\/index.php?rest_route=%2Fwp%2Fv2%2Fcategories&post=13206"},{"taxonomy":"post_tag","embeddable":true,"href":"https:\/\/plumanegranoticias.com\/index.php?rest_route=%2Fwp%2Fv2%2Ftags&post=13206"}],"curies":[{"name":"wp","href":"https:\/\/api.w.org\/{rel}","templated":true}]}}