{"id":13223,"date":"2026-01-13T10:30:59","date_gmt":"2026-01-13T16:30:59","guid":{"rendered":"https:\/\/plumanegranoticias.com\/?p=13223"},"modified":"2026-01-13T10:31:17","modified_gmt":"2026-01-13T16:31:17","slug":"falso-que-renuncie-a-la-secretaria-de-gobierno-ricardo-ahued","status":"publish","type":"post","link":"https:\/\/plumanegranoticias.com\/?p=13223","title":{"rendered":"Falso que renuncie a la Secretaria de Gobierno Ricardo Ahued"},"content":{"rendered":"\n<p>*Aunque los cargos no son eternos en la administraci\u00f3n p\u00fablica, no hay intenci\u00f3n de renunciar: Ahued Bardahuil.<\/p>\n\n\n\n<p>El Secretario de Gobierno Ricardo Ahued Bardahuil neg\u00f3 que haya presentado su renuncia al gabinete estatal.<\/p>\n\n\n\n<p>Lo anterior tras versiones que se han ventilado en columnas donde daban cuenta de su posible salida de la administraci\u00f3n p\u00fablica del Estado.<\/p>\n\n\n\n<p>&#8220;Estamos expuestos a notas ciertas e inciertas en este caso, es falso&#8221;, dijo el secretario Ricardo Ahued.<\/p>\n\n\n\n<p>Mencion\u00f3 que los funcionarios que se encuentran en un cargo p\u00fablico est\u00e1n expuestos a cambios, pero por el momento ha tenido un trato generoso de parte de la Gobernadora Roc\u00edo Nalhe Garc\u00eda<\/p>\n\n\n\n<p>Afirmo que la mandataria es la que decide hasta que fecha contin\u00faa en el cargo y hasta donde son \u00fatiles en este proyecto y programa que se llama Veracruz.<\/p>\n\n\n\n<p>Por el momento, apunto que se encuentran trabajando atendiendo a la sociedad y atentos como parte de su equipo de trabajo.<\/p>\n\n\n\n<p>Reconocio que los cargos no son eternos, son de cuatro, seis a\u00f1os depende de la administraci\u00f3n p\u00fablica y si el titular desea que alg\u00fan subordinado deje el encargo ya es diferente pero no est\u00e1 enmarcado en este contexto.<\/p>\n\n\n\n<figure class=\"wp-block-image size-large\"><img loading=\"lazy\" decoding=\"async\" width=\"300\" height=\"251\" src=\"https:\/\/plumanegranoticias.com\/wp-content\/uploads\/2026\/01\/img-20260113-wa00943649243239026140577-300x251.jpg\" alt=\"\" class=\"wp-image-13222\" srcset=\"https:\/\/plumanegranoticias.com\/wp-content\/uploads\/2026\/01\/img-20260113-wa00943649243239026140577-300x251.jpg 300w, https:\/\/plumanegranoticias.com\/wp-content\/uploads\/2026\/01\/img-20260113-wa00943649243239026140577.jpg 565w\" sizes=\"auto, (max-width: 300px) 100vw, 300px\" \/><\/figure>\n","protected":false},"excerpt":{"rendered":"<p>*Aunque los cargos no son eternos en la administraci\u00f3n p\u00fablica, no hay intenci\u00f3n de renunciar: Ahued Bardahuil. El Secretario de Gobierno Ricardo Ahued Bardahuil neg\u00f3 que haya presentado su renuncia al gabinete estatal. Lo anterior tras versiones que se han ventilado en columnas donde daban cuenta de su posible salida de la administraci\u00f3n p\u00fablica del&#8230; <\/p>\n<div class=\"clear\"><\/div>\n<p><a href=\"https:\/\/plumanegranoticias.com\/?p=13223\" class=\"excerpt-read-more\">Read More<i class=\"fa fa-caret-right icon-caret-right\"><\/i><\/a><\/p>\n","protected":false},"author":2,"featured_media":13225,"comment_status":"open","ping_status":"open","sticky":false,"template":"","format":"standard","meta":{"om_disable_all_campaigns":false,"_monsterinsights_skip_tracking":false,"_monsterinsights_sitenote_active":false,"_monsterinsights_sitenote_note":"","_monsterinsights_sitenote_category":0,"_uf_show_specific_survey":0,"_uf_disable_surveys":false,"footnotes":""},"categories":[13,67,8,12],"tags":[20,22,18,34],"class_list":["post-13223","post","type-post","status-publish","format-standard","has-post-thumbnail","hentry","category-nota-roja","category-policiaca","category-politica","category-regional","tag-negocios","tag-nota-roja","tag-noticia","tag-policiaca"],"aioseo_notices":[],"_links":{"self":[{"href":"https:\/\/plumanegranoticias.com\/index.php?rest_route=\/wp\/v2\/posts\/13223","targetHints":{"allow":["GET"]}}],"collection":[{"href":"https:\/\/plumanegranoticias.com\/index.php?rest_route=\/wp\/v2\/posts"}],"about":[{"href":"https:\/\/plumanegranoticias.com\/index.php?rest_route=\/wp\/v2\/types\/post"}],"author":[{"embeddable":true,"href":"https:\/\/plumanegranoticias.com\/index.php?rest_route=\/wp\/v2\/users\/2"}],"replies":[{"embeddable":true,"href":"https:\/\/plumanegranoticias.com\/index.php?rest_route=%2Fwp%2Fv2%2Fcomments&post=13223"}],"version-history":[{"count":1,"href":"https:\/\/plumanegranoticias.com\/index.php?rest_route=\/wp\/v2\/posts\/13223\/revisions"}],"predecessor-version":[{"id":13224,"href":"https:\/\/plumanegranoticias.com\/index.php?rest_route=\/wp\/v2\/posts\/13223\/revisions\/13224"}],"wp:featuredmedia":[{"embeddable":true,"href":"https:\/\/plumanegranoticias.com\/index.php?rest_route=\/wp\/v2\/media\/13225"}],"wp:attachment":[{"href":"https:\/\/plumanegranoticias.com\/index.php?rest_route=%2Fwp%2Fv2%2Fmedia&parent=13223"}],"wp:term":[{"taxonomy":"category","embeddable":true,"href":"https:\/\/plumanegranoticias.com\/index.php?rest_route=%2Fwp%2Fv2%2Fcategories&post=13223"},{"taxonomy":"post_tag","embeddable":true,"href":"https:\/\/plumanegranoticias.com\/index.php?rest_route=%2Fwp%2Fv2%2Ftags&post=13223"}],"curies":[{"name":"wp","href":"https:\/\/api.w.org\/{rel}","templated":true}]}}