{"id":13228,"date":"2026-01-13T11:11:17","date_gmt":"2026-01-13T17:11:17","guid":{"rendered":"https:\/\/plumanegranoticias.com\/?p=13228"},"modified":"2026-01-13T11:11:36","modified_gmt":"2026-01-13T17:11:36","slug":"alcaldesa-maryjose-gamboa-es-anfitriona-de-la-reunion-regional-de-la-mesa-interinstitucional-para-la-construccion-de-la-paz-y-la-seguridad","status":"publish","type":"post","link":"https:\/\/plumanegranoticias.com\/?p=13228","title":{"rendered":"Alcaldesa Maryjose Gamboa es anfitriona de la reuni\u00f3n regional de la Mesa Interinstitucional para la construcci\u00f3n de la paz y la seguridad"},"content":{"rendered":"\n<p>Presidenta Municipal boque\u00f1a reiter\u00f3 la necesidad del trabajo coordinado para fortalecer las acciones conjuntas en materia de seguridad<\/p>\n\n\n\n<ul class=\"wp-block-list\">\n<li><\/li>\n<\/ul>\n\n\n\n<p>Maryjose Gamboa Torales, alcaldesa de Boca del R\u00edo, es la anfitriona de la reuni\u00f3n mensual regional de la Mesa Interinstitucional de Coordinaci\u00f3n Territorial para la Construcci\u00f3n de la Paz y la seguridad.<\/p>\n\n\n\n<p>El encuentro sirve para realizar una evaluaci\u00f3n a fondo del trabajo coordinado que se implementa en materia de seguridad en los municipios conurbados y aleda\u00f1os a Boca del R\u00edo.<\/p>\n\n\n\n<p>Ah\u00ed, Maryjose Gamboa dio la bienvenida a autoridades federales, estatales y municipales y reafirm\u00f3 su compromiso de fortalecer las acciones conjuntas en materia de seguridad.<\/p>\n\n\n\n<p>En el encuentro manifest\u00f3 su disposici\u00f3n y voluntad de seguir trabajando de manera coordinada con los distintos \u00f3rdenes de gobierno, \u201ccon responsabilidad compartida para mantener al municipio seguro y continuar garantizando la tranquilidad y bienestar de las familias boque\u00f1as\u201d, agreg\u00f3.<\/p>\n\n\n\n<figure class=\"wp-block-image size-large\"><img loading=\"lazy\" decoding=\"async\" width=\"1024\" height=\"794\" src=\"https:\/\/plumanegranoticias.com\/wp-content\/uploads\/2026\/01\/img-20260113-wa01053530277410158887549-1024x794.jpg\" alt=\"\" class=\"wp-image-13226\" srcset=\"https:\/\/plumanegranoticias.com\/wp-content\/uploads\/2026\/01\/img-20260113-wa01053530277410158887549-1024x794.jpg 1024w, https:\/\/plumanegranoticias.com\/wp-content\/uploads\/2026\/01\/img-20260113-wa01053530277410158887549-300x233.jpg 300w, https:\/\/plumanegranoticias.com\/wp-content\/uploads\/2026\/01\/img-20260113-wa01053530277410158887549-768x595.jpg 768w, https:\/\/plumanegranoticias.com\/wp-content\/uploads\/2026\/01\/img-20260113-wa01053530277410158887549.jpg 1166w\" sizes=\"auto, (max-width: 1024px) 100vw, 1024px\" \/><\/figure>\n\n\n\n<figure class=\"wp-block-image\"><img loading=\"lazy\" decoding=\"async\" width=\"1024\" height=\"545\" src=\"https:\/\/plumanegranoticias.com\/wp-content\/uploads\/2026\/01\/img-20260113-wa01042135486261517346269-1024x545.jpg\" alt=\"\" class=\"wp-image-13227\" srcset=\"https:\/\/plumanegranoticias.com\/wp-content\/uploads\/2026\/01\/img-20260113-wa01042135486261517346269-1024x545.jpg 1024w, https:\/\/plumanegranoticias.com\/wp-content\/uploads\/2026\/01\/img-20260113-wa01042135486261517346269-300x160.jpg 300w, https:\/\/plumanegranoticias.com\/wp-content\/uploads\/2026\/01\/img-20260113-wa01042135486261517346269-768x409.jpg 768w, https:\/\/plumanegranoticias.com\/wp-content\/uploads\/2026\/01\/img-20260113-wa01042135486261517346269-1536x818.jpg 1536w, https:\/\/plumanegranoticias.com\/wp-content\/uploads\/2026\/01\/img-20260113-wa01042135486261517346269.jpg 1600w\" sizes=\"auto, (max-width: 1024px) 100vw, 1024px\" \/><\/figure>\n","protected":false},"excerpt":{"rendered":"<p>Presidenta Municipal boque\u00f1a reiter\u00f3 la necesidad del trabajo coordinado para fortalecer las acciones conjuntas en materia de seguridad Maryjose Gamboa Torales, alcaldesa de Boca del R\u00edo, es la anfitriona de la reuni\u00f3n mensual regional de la Mesa Interinstitucional de Coordinaci\u00f3n Territorial para la Construcci\u00f3n de la Paz y la seguridad. El encuentro sirve para realizar&#8230; <\/p>\n<div class=\"clear\"><\/div>\n<p><a href=\"https:\/\/plumanegranoticias.com\/?p=13228\" class=\"excerpt-read-more\">Read More<i class=\"fa fa-caret-right icon-caret-right\"><\/i><\/a><\/p>\n","protected":false},"author":2,"featured_media":13230,"comment_status":"open","ping_status":"open","sticky":false,"template":"","format":"standard","meta":{"om_disable_all_campaigns":false,"_monsterinsights_skip_tracking":false,"_monsterinsights_sitenote_active":false,"_monsterinsights_sitenote_note":"","_monsterinsights_sitenote_category":0,"_uf_show_specific_survey":0,"_uf_disable_surveys":false,"footnotes":""},"categories":[13,67,8],"tags":[18,30,34],"class_list":["post-13228","post","type-post","status-publish","format-standard","has-post-thumbnail","hentry","category-nota-roja","category-policiaca","category-politica","tag-noticia","tag-plumazos","tag-policiaca"],"aioseo_notices":[],"_links":{"self":[{"href":"https:\/\/plumanegranoticias.com\/index.php?rest_route=\/wp\/v2\/posts\/13228","targetHints":{"allow":["GET"]}}],"collection":[{"href":"https:\/\/plumanegranoticias.com\/index.php?rest_route=\/wp\/v2\/posts"}],"about":[{"href":"https:\/\/plumanegranoticias.com\/index.php?rest_route=\/wp\/v2\/types\/post"}],"author":[{"embeddable":true,"href":"https:\/\/plumanegranoticias.com\/index.php?rest_route=\/wp\/v2\/users\/2"}],"replies":[{"embeddable":true,"href":"https:\/\/plumanegranoticias.com\/index.php?rest_route=%2Fwp%2Fv2%2Fcomments&post=13228"}],"version-history":[{"count":2,"href":"https:\/\/plumanegranoticias.com\/index.php?rest_route=\/wp\/v2\/posts\/13228\/revisions"}],"predecessor-version":[{"id":13231,"href":"https:\/\/plumanegranoticias.com\/index.php?rest_route=\/wp\/v2\/posts\/13228\/revisions\/13231"}],"wp:featuredmedia":[{"embeddable":true,"href":"https:\/\/plumanegranoticias.com\/index.php?rest_route=\/wp\/v2\/media\/13230"}],"wp:attachment":[{"href":"https:\/\/plumanegranoticias.com\/index.php?rest_route=%2Fwp%2Fv2%2Fmedia&parent=13228"}],"wp:term":[{"taxonomy":"category","embeddable":true,"href":"https:\/\/plumanegranoticias.com\/index.php?rest_route=%2Fwp%2Fv2%2Fcategories&post=13228"},{"taxonomy":"post_tag","embeddable":true,"href":"https:\/\/plumanegranoticias.com\/index.php?rest_route=%2Fwp%2Fv2%2Ftags&post=13228"}],"curies":[{"name":"wp","href":"https:\/\/api.w.org\/{rel}","templated":true}]}}