{"id":13235,"date":"2026-01-13T11:32:28","date_gmt":"2026-01-13T17:32:28","guid":{"rendered":"https:\/\/plumanegranoticias.com\/?p=13235"},"modified":"2026-01-13T11:33:05","modified_gmt":"2026-01-13T17:33:05","slug":"empresa-leih-sigue-sin-pagar-a-trabajadores-de-los-hospitales","status":"publish","type":"post","link":"https:\/\/plumanegranoticias.com\/?p=13235","title":{"rendered":"Empresa LEIH sigue sin pagar a trabajadores de los hospitales"},"content":{"rendered":"\n<p><\/p>\n\n\n\n<p>-Vuelven a protestar cerrando calles. Frente al CAE en Ruiz Cortines y frente al hospital de Salud Mental<\/p>\n\n\n\n<p>\u00c1ngeles Gonz\u00e1lez Ceballos<br>Xalapa, Ver., Trabajadores de la empresa Limpieza Especializada Industrial y Hospitalaria (LEIH) que brinda sus servicios en los hospitales del Estado, hicieron paro de labores en protesta por la falta de pago desde hace dos quincenas.<\/p>\n\n\n\n<p>Los inconformes cerraron la avenida Ruiz Cortines, afuera del Centro de Alta Especialidad \u201cDoctor Rafael Lucio\u201d (CAE), as\u00ed como la calle Aguascalientes, afuera del hospital de salud mental.<\/p>\n\n\n\n<p>&#8220;No se nos ha pagado en muchos hospitales. En el Hospital Civil y en el Cecan se les pag\u00f3 porque se manifestaron en la plaza Lerdo, entonces como se manifestaron, les pagaron y a nosotros no nos han pagado nada.<\/p>\n\n\n\n<p>Apenas ayer nos dijeron que no hay fecha de pago, que la empresa no tiene dinero que el IMSS Bienestar no les ha pagado y que por eso no nos han pagado a nosotros&#8221;, expres\u00f3 Sagrario Guzm\u00e1n Dur\u00e1n.<\/p>\n\n\n\n<p>Refiri\u00f3 que la gobernadora Roc\u00edo Nahle Garc\u00eda dio a conocer que se crear\u00eda una empresa de Veracruz para poder pagarles, pero no les han dicho nada.<\/p>\n\n\n\n<p>&#8220;No se nos paga el d\u00eda que son, ya van muchos d\u00edas de atraso, ma\u00f1ana ya ser\u00e1n dos quincenas&#8221;, se\u00f1al\u00f3 y denunci\u00f3 que tampoco les brindan los insumos necesarios para hacer la limpieza.<\/p>\n\n\n\n<p>Carecen de jab\u00f3n suficiente, bolsas, guantes, fibras, entre muchos otros, pero a\u00fan as\u00ed trabajan.<\/p>\n\n\n\n<p>Detall\u00f3 que tan s\u00f3lo en el CAE son alrededor de 120 trabajadores de la limpieza a los que se les adeuda su prestaci\u00f3n.<\/p>\n\n\n\n<p>&#8220;Pero est\u00e1n los de Coatepec, Teocelo, Naolinco, todo Veracruz no se les ha pagado, han sido muy pocos a los que se les ha pagado y eso porque se han manifestado&#8221;, se\u00f1al\u00f3.<\/p>\n\n\n\n<p>Sagrario Guzm\u00e1n expuso que debido a que se han inconformado, los han cambiado de sede o de horarios, por lo que trataron de pedir ayuda al Centro Federal de Conciliaci\u00f3n y Arbitraje, pero no obtuvieron una respuesta a sus demandas.<\/p>\n\n\n\n<p>La afectada abund\u00f3 que ha habido casos en los que hasta les descuentan y aunque no les pagan puntualmente, cuando les llega su dinero, resulta que tienen descuentos.<\/p>\n\n\n\n<p>Denunci\u00f3 que desde abril del a\u00f1o pasado comenzaron a haber problemas al mover las fechas de pago.<\/p>\n\n\n\n<p>Asimismo, sostuvo que no son objeto de ning\u00fan tipo de prestaci\u00f3n laboral, mientras que les pagan apenas el salario m\u00ednimo.<\/p>\n\n\n\n<figure class=\"wp-block-image size-large\"><img loading=\"lazy\" decoding=\"async\" width=\"300\" height=\"209\" src=\"https:\/\/plumanegranoticias.com\/wp-content\/uploads\/2026\/01\/img-20260113-wa01416317601366177645897-300x209.jpg\" alt=\"\" class=\"wp-image-13234\" srcset=\"https:\/\/plumanegranoticias.com\/wp-content\/uploads\/2026\/01\/img-20260113-wa01416317601366177645897-300x209.jpg 300w, https:\/\/plumanegranoticias.com\/wp-content\/uploads\/2026\/01\/img-20260113-wa01416317601366177645897-768x534.jpg 768w, https:\/\/plumanegranoticias.com\/wp-content\/uploads\/2026\/01\/img-20260113-wa01416317601366177645897.jpg 963w\" sizes=\"auto, (max-width: 300px) 100vw, 300px\" \/><\/figure>\n\n\n\n<figure class=\"wp-block-image\"><img loading=\"lazy\" decoding=\"async\" width=\"1024\" height=\"576\" src=\"https:\/\/plumanegranoticias.com\/wp-content\/uploads\/2026\/01\/img-20260113-wa0142305336033831146171-1024x576.jpg\" alt=\"\" class=\"wp-image-13233\" srcset=\"https:\/\/plumanegranoticias.com\/wp-content\/uploads\/2026\/01\/img-20260113-wa0142305336033831146171-1024x576.jpg 1024w, https:\/\/plumanegranoticias.com\/wp-content\/uploads\/2026\/01\/img-20260113-wa0142305336033831146171-300x169.jpg 300w, https:\/\/plumanegranoticias.com\/wp-content\/uploads\/2026\/01\/img-20260113-wa0142305336033831146171-768x432.jpg 768w, https:\/\/plumanegranoticias.com\/wp-content\/uploads\/2026\/01\/img-20260113-wa0142305336033831146171-1536x864.jpg 1536w, https:\/\/plumanegranoticias.com\/wp-content\/uploads\/2026\/01\/img-20260113-wa0142305336033831146171.jpg 1600w\" sizes=\"auto, (max-width: 1024px) 100vw, 1024px\" \/><\/figure>\n\n\n\n<figure class=\"wp-block-image\"><img loading=\"lazy\" decoding=\"async\" width=\"1024\" height=\"768\" src=\"https:\/\/plumanegranoticias.com\/wp-content\/uploads\/2026\/01\/img-20260113-wa0140425631715493741089-1024x768.jpg\" alt=\"\" class=\"wp-image-13232\" srcset=\"https:\/\/plumanegranoticias.com\/wp-content\/uploads\/2026\/01\/img-20260113-wa0140425631715493741089-1024x768.jpg 1024w, https:\/\/plumanegranoticias.com\/wp-content\/uploads\/2026\/01\/img-20260113-wa0140425631715493741089-300x225.jpg 300w, https:\/\/plumanegranoticias.com\/wp-content\/uploads\/2026\/01\/img-20260113-wa0140425631715493741089-768x576.jpg 768w, https:\/\/plumanegranoticias.com\/wp-content\/uploads\/2026\/01\/img-20260113-wa0140425631715493741089-400x300.jpg 400w, https:\/\/plumanegranoticias.com\/wp-content\/uploads\/2026\/01\/img-20260113-wa0140425631715493741089.jpg 1280w\" sizes=\"auto, (max-width: 1024px) 100vw, 1024px\" \/><\/figure>\n","protected":false},"excerpt":{"rendered":"<p>-Vuelven a protestar cerrando calles. Frente al CAE en Ruiz Cortines y frente al hospital de Salud Mental \u00c1ngeles Gonz\u00e1lez CeballosXalapa, Ver., Trabajadores de la empresa Limpieza Especializada Industrial y Hospitalaria (LEIH) que brinda sus servicios en los hospitales del Estado, hicieron paro de labores en protesta por la falta de pago desde hace dos&#8230; <\/p>\n<div class=\"clear\"><\/div>\n<p><a href=\"https:\/\/plumanegranoticias.com\/?p=13235\" class=\"excerpt-read-more\">Read More<i class=\"fa fa-caret-right icon-caret-right\"><\/i><\/a><\/p>\n","protected":false},"author":2,"featured_media":13237,"comment_status":"open","ping_status":"open","sticky":false,"template":"","format":"standard","meta":{"om_disable_all_campaigns":false,"_monsterinsights_skip_tracking":false,"_monsterinsights_sitenote_active":false,"_monsterinsights_sitenote_note":"","_monsterinsights_sitenote_category":0,"_uf_show_specific_survey":0,"_uf_disable_surveys":false,"footnotes":""},"categories":[13,8,11],"tags":[22,18,34,61],"class_list":["post-13235","post","type-post","status-publish","format-standard","has-post-thumbnail","hentry","category-nota-roja","category-politica","category-reporte-ciudadano","tag-nota-roja","tag-noticia","tag-policiaca","tag-politica"],"aioseo_notices":[],"_links":{"self":[{"href":"https:\/\/plumanegranoticias.com\/index.php?rest_route=\/wp\/v2\/posts\/13235","targetHints":{"allow":["GET"]}}],"collection":[{"href":"https:\/\/plumanegranoticias.com\/index.php?rest_route=\/wp\/v2\/posts"}],"about":[{"href":"https:\/\/plumanegranoticias.com\/index.php?rest_route=\/wp\/v2\/types\/post"}],"author":[{"embeddable":true,"href":"https:\/\/plumanegranoticias.com\/index.php?rest_route=\/wp\/v2\/users\/2"}],"replies":[{"embeddable":true,"href":"https:\/\/plumanegranoticias.com\/index.php?rest_route=%2Fwp%2Fv2%2Fcomments&post=13235"}],"version-history":[{"count":1,"href":"https:\/\/plumanegranoticias.com\/index.php?rest_route=\/wp\/v2\/posts\/13235\/revisions"}],"predecessor-version":[{"id":13236,"href":"https:\/\/plumanegranoticias.com\/index.php?rest_route=\/wp\/v2\/posts\/13235\/revisions\/13236"}],"wp:featuredmedia":[{"embeddable":true,"href":"https:\/\/plumanegranoticias.com\/index.php?rest_route=\/wp\/v2\/media\/13237"}],"wp:attachment":[{"href":"https:\/\/plumanegranoticias.com\/index.php?rest_route=%2Fwp%2Fv2%2Fmedia&parent=13235"}],"wp:term":[{"taxonomy":"category","embeddable":true,"href":"https:\/\/plumanegranoticias.com\/index.php?rest_route=%2Fwp%2Fv2%2Fcategories&post=13235"},{"taxonomy":"post_tag","embeddable":true,"href":"https:\/\/plumanegranoticias.com\/index.php?rest_route=%2Fwp%2Fv2%2Ftags&post=13235"}],"curies":[{"name":"wp","href":"https:\/\/api.w.org\/{rel}","templated":true}]}}