{"id":13239,"date":"2026-01-13T11:39:19","date_gmt":"2026-01-13T17:39:19","guid":{"rendered":"https:\/\/plumanegranoticias.com\/?p=13239"},"modified":"2026-01-13T11:39:44","modified_gmt":"2026-01-13T17:39:44","slug":"bodas-colectivas-en-xalapa-el-13-de-febrero-esperan-unas-400-parejas","status":"publish","type":"post","link":"https:\/\/plumanegranoticias.com\/?p=13239","title":{"rendered":"Bodas colectivas en Xalapa el 13 de febrero, esperan unas 400 parejas"},"content":{"rendered":"\n<p>\u00c1ngeles Gonz\u00e1lez Ceballos<br>Xalapa, Ver. A trav\u00e9s de la campa\u00f1a de Matrimonios Colectivos 2026, el ayuntamiento de Xalapa espera que al menos 400 parejas que viven en uni\u00f3n libre se casen este pr\u00f3ximo 13 de febrero.<\/p>\n\n\n\n<p>El objetivo es brindar certeza jur\u00eddica a las parejas que viven en uni\u00f3n libre y promover el fortalecimiento de las familias.<\/p>\n\n\n\n<p>As\u00ed lo expres\u00f3 Adriana Aranda Caballero, oficial del Registro Civil, quien aclar\u00f3 que est\u00e1 campa\u00f1a la hacen de manera coordinada a trav\u00e9s de la Oficial\u00eda del Registro Civil del Estado (OES), el Gobierno estatal y ayuntamientos.<\/p>\n\n\n\n<p>El tr\u00e1mite ser\u00e1 totalmente gratuito, las parejas interesadas podr\u00e1n inscribirse a partir de este martes y hasta el lunes 9 de febrero, la recepci\u00f3n de documentos se cerrar\u00e1 a las 17:00 horas.<\/p>\n\n\n\n<p>Aranda Caballero subray\u00f3 que la campa\u00f1a est\u00e1 abierta a todo tipo de matrimonios, incluidos los matrimonios igualitarios, ya que el matrimonio civil es la uni\u00f3n legal de personas, sin distinci\u00f3n alguna.<\/p>\n\n\n\n<p>Los requisitos que deber\u00e1n presentar los interesados son: acta de nacimiento de ambos, CURP e identificaci\u00f3n oficial vigente.<\/p>\n\n\n\n<p>El lugar de las bodas colectivas a\u00fan no est\u00e1 definido, pero est\u00e1 previsto que sea el 13 de febrero, en el marco del D\u00eda del Amor y la Amistad.<\/p>\n\n\n\n<figure class=\"wp-block-image size-large\"><img loading=\"lazy\" decoding=\"async\" width=\"1024\" height=\"591\" src=\"https:\/\/plumanegranoticias.com\/wp-content\/uploads\/2026\/01\/img-20260113-wa01478421253176010903684-1024x591.jpg\" alt=\"\" class=\"wp-image-13238\" srcset=\"https:\/\/plumanegranoticias.com\/wp-content\/uploads\/2026\/01\/img-20260113-wa01478421253176010903684-1024x591.jpg 1024w, https:\/\/plumanegranoticias.com\/wp-content\/uploads\/2026\/01\/img-20260113-wa01478421253176010903684-300x173.jpg 300w, https:\/\/plumanegranoticias.com\/wp-content\/uploads\/2026\/01\/img-20260113-wa01478421253176010903684-768x443.jpg 768w, https:\/\/plumanegranoticias.com\/wp-content\/uploads\/2026\/01\/img-20260113-wa01478421253176010903684-1536x886.jpg 1536w, https:\/\/plumanegranoticias.com\/wp-content\/uploads\/2026\/01\/img-20260113-wa01478421253176010903684.jpg 1600w\" sizes=\"auto, (max-width: 1024px) 100vw, 1024px\" \/><\/figure>\n","protected":false},"excerpt":{"rendered":"<p>\u00c1ngeles Gonz\u00e1lez CeballosXalapa, Ver. A trav\u00e9s de la campa\u00f1a de Matrimonios Colectivos 2026, el ayuntamiento de Xalapa espera que al menos 400 parejas que viven en uni\u00f3n libre se casen este pr\u00f3ximo 13 de febrero. El objetivo es brindar certeza jur\u00eddica a las parejas que viven en uni\u00f3n libre y promover el fortalecimiento de las&#8230; <\/p>\n<div class=\"clear\"><\/div>\n<p><a href=\"https:\/\/plumanegranoticias.com\/?p=13239\" class=\"excerpt-read-more\">Read More<i class=\"fa fa-caret-right icon-caret-right\"><\/i><\/a><\/p>\n","protected":false},"author":2,"featured_media":13241,"comment_status":"open","ping_status":"open","sticky":false,"template":"","format":"standard","meta":{"om_disable_all_campaigns":false,"_monsterinsights_skip_tracking":false,"_monsterinsights_sitenote_active":false,"_monsterinsights_sitenote_note":"","_monsterinsights_sitenote_category":0,"_uf_show_specific_survey":0,"_uf_disable_surveys":false,"footnotes":""},"categories":[13,67,8,12],"tags":[28,20,22],"class_list":["post-13239","post","type-post","status-publish","format-standard","has-post-thumbnail","hentry","category-nota-roja","category-policiaca","category-politica","category-regional","tag-nacionales","tag-negocios","tag-nota-roja"],"aioseo_notices":[],"_links":{"self":[{"href":"https:\/\/plumanegranoticias.com\/index.php?rest_route=\/wp\/v2\/posts\/13239","targetHints":{"allow":["GET"]}}],"collection":[{"href":"https:\/\/plumanegranoticias.com\/index.php?rest_route=\/wp\/v2\/posts"}],"about":[{"href":"https:\/\/plumanegranoticias.com\/index.php?rest_route=\/wp\/v2\/types\/post"}],"author":[{"embeddable":true,"href":"https:\/\/plumanegranoticias.com\/index.php?rest_route=\/wp\/v2\/users\/2"}],"replies":[{"embeddable":true,"href":"https:\/\/plumanegranoticias.com\/index.php?rest_route=%2Fwp%2Fv2%2Fcomments&post=13239"}],"version-history":[{"count":1,"href":"https:\/\/plumanegranoticias.com\/index.php?rest_route=\/wp\/v2\/posts\/13239\/revisions"}],"predecessor-version":[{"id":13240,"href":"https:\/\/plumanegranoticias.com\/index.php?rest_route=\/wp\/v2\/posts\/13239\/revisions\/13240"}],"wp:featuredmedia":[{"embeddable":true,"href":"https:\/\/plumanegranoticias.com\/index.php?rest_route=\/wp\/v2\/media\/13241"}],"wp:attachment":[{"href":"https:\/\/plumanegranoticias.com\/index.php?rest_route=%2Fwp%2Fv2%2Fmedia&parent=13239"}],"wp:term":[{"taxonomy":"category","embeddable":true,"href":"https:\/\/plumanegranoticias.com\/index.php?rest_route=%2Fwp%2Fv2%2Fcategories&post=13239"},{"taxonomy":"post_tag","embeddable":true,"href":"https:\/\/plumanegranoticias.com\/index.php?rest_route=%2Fwp%2Fv2%2Ftags&post=13239"}],"curies":[{"name":"wp","href":"https:\/\/api.w.org\/{rel}","templated":true}]}}