{"id":13247,"date":"2026-01-13T12:33:14","date_gmt":"2026-01-13T18:33:14","guid":{"rendered":"https:\/\/plumanegranoticias.com\/?p=13247"},"modified":"2026-01-13T12:35:05","modified_gmt":"2026-01-13T18:35:05","slug":"atendera-ayuntamiento-de-xalapa-las-dos-alertas-de-violencia-de-genero-directora","status":"publish","type":"post","link":"https:\/\/plumanegranoticias.com\/?p=13247","title":{"rendered":"Atender\u00e1 ayuntamiento de Xalapa las dos Alertas de Violencia de G\u00e9nero: Directora"},"content":{"rendered":"\n<p>\u00c1ngeles Gonz\u00e1lez Ceballos<br>Xalapa, Ver., luego que la coordinadora del Observatorio Universitario de Violencias contra las Mujeres, Estela Casados Gonz\u00e1lez diera a conocer las cifras sobre violencia contra las mujeres en Xalapa y otros municipios del Estado, la directora del Instituto Municipal de las Mujeres, Fernanda Medina, defini\u00f3 que est\u00e1n creando la estrategia de acci\u00f3n para atender las dos alertas de violencia que existen.<\/p>\n\n\n\n<p>Hay que referir que Casados Gonz\u00e1lez manifest\u00f3 a finales del 2025 que el informe del Secretariado Ejecutivo del Sistema Nacional de Seguridad P\u00fablica (SESNSP) ubica a Veracruz entre las cinco entidades federativas que concentran el 36.3 por ciento de v\u00edctimas de feminicidio.<\/p>\n\n\n\n<p>Asimismo, que el gobierno Federal establece que Veracruz forma parte de los seis estados de la Rep\u00fablica que concentran el 42 por ciento de v\u00edctimas mujeres por homicidio culposo.<\/p>\n\n\n\n<p>Refiri\u00f3 que todav\u00eda en 2024 el Informe de violencia contra las mujeres dio a conocer que en cinco municipios veracruzanos se encontraban entre aquellos que presentaban mayor n\u00famero de feminicidios en el \u00e1mbito nacional: Xalapa, Coatzacoalcos, Veracruz, Las Choapas y Orizaba.<\/p>\n\n\n\n<p>Cuestionada si las acciones que se han emprendido desde hace casi 10 a\u00f1os para erradicar la violencia contra las mujeres han funcionado, la funcionaria municipal respondi\u00f3 que el trabajo se ha hecho, pero se necesitan generar otras estrategias, principalmente de intervenci\u00f3n para poder resolver el problema desde el fondo.<\/p>\n\n\n\n<p>&#8220;Estamos terminando nuestro plan de trabajo, cuando est\u00e9n las l\u00edneas\u2026 estaremos trabajando en la transversalizaci\u00f3n de la perspectiva de g\u00e9nero en todas las direcciones, desde la Presidencia a todas las direcciones&#8221;, subray\u00f3.<\/p>\n\n\n\n<p>En otro tema, expuso que est\u00e1n enfocando su estrategia en la atenci\u00f3n directa en colonias y comunidades, con el objetivo de conocer las problem\u00e1ticas que enfrentan las mujeres y dise\u00f1ar pol\u00edticas p\u00fablicas acordes a sus necesidades reales.<\/p>\n\n\n\n<p>Manifest\u00f3 que el trabajo ser\u00e1 en territorio y a ras de piso, con un enfoque comunitario y de cercan\u00eda.<\/p>\n\n\n\n<p>Detall\u00f3 que las jornadas que actualmente se realizan en distintas colonias tienen como finalidad elaborar un diagn\u00f3stico participativo, principalmente a trav\u00e9s del acercamiento con lideresas comunitarias y redes de mujeres para identificar necesidades, rezagos y problem\u00e1ticas sociales.<\/p>\n\n\n\n<p>Revel\u00f3 que en las primeras jornadas han detectado diversas problem\u00e1ticas, entre ellas salud mental, adicciones y situaciones de violencia.<\/p>\n\n\n\n<p>Finalmente, Fernanda Medina destac\u00f3 que, adem\u00e1s de recibir a mujeres que acuden en busca de apoyo, el instituto busca salir a ofrecer sus servicios en las colonias, especialmente en aquellas donde existe mayor demanda de atenci\u00f3n psicol\u00f3gica, uno de los servicios m\u00e1s solicitados.<\/p>\n\n\n\n<figure class=\"wp-block-image size-large\"><img loading=\"lazy\" decoding=\"async\" width=\"1024\" height=\"684\" src=\"https:\/\/plumanegranoticias.com\/wp-content\/uploads\/2026\/01\/img-20260113-wa01694628179443531044434-1024x684.jpg\" alt=\"\" class=\"wp-image-13246\" srcset=\"https:\/\/plumanegranoticias.com\/wp-content\/uploads\/2026\/01\/img-20260113-wa01694628179443531044434-1024x684.jpg 1024w, https:\/\/plumanegranoticias.com\/wp-content\/uploads\/2026\/01\/img-20260113-wa01694628179443531044434-300x200.jpg 300w, https:\/\/plumanegranoticias.com\/wp-content\/uploads\/2026\/01\/img-20260113-wa01694628179443531044434-768x513.jpg 768w, https:\/\/plumanegranoticias.com\/wp-content\/uploads\/2026\/01\/img-20260113-wa01694628179443531044434.jpg 1040w\" sizes=\"auto, (max-width: 1024px) 100vw, 1024px\" \/><\/figure>\n","protected":false},"excerpt":{"rendered":"<p>\u00c1ngeles Gonz\u00e1lez CeballosXalapa, Ver., luego que la coordinadora del Observatorio Universitario de Violencias contra las Mujeres, Estela Casados Gonz\u00e1lez diera a conocer las cifras sobre violencia contra las mujeres en Xalapa y otros municipios del Estado, la directora del Instituto Municipal de las Mujeres, Fernanda Medina, defini\u00f3 que est\u00e1n creando la estrategia de acci\u00f3n para&#8230; <\/p>\n<div class=\"clear\"><\/div>\n<p><a href=\"https:\/\/plumanegranoticias.com\/?p=13247\" class=\"excerpt-read-more\">Read More<i class=\"fa fa-caret-right icon-caret-right\"><\/i><\/a><\/p>\n","protected":false},"author":2,"featured_media":13249,"comment_status":"open","ping_status":"open","sticky":false,"template":"","format":"standard","meta":{"om_disable_all_campaigns":false,"_monsterinsights_skip_tracking":false,"_monsterinsights_sitenote_active":false,"_monsterinsights_sitenote_note":"","_monsterinsights_sitenote_category":0,"_uf_show_specific_survey":0,"_uf_disable_surveys":false,"footnotes":""},"categories":[13,67,8,12],"tags":[34,61,19],"class_list":["post-13247","post","type-post","status-publish","format-standard","has-post-thumbnail","hentry","category-nota-roja","category-policiaca","category-politica","category-regional","tag-policiaca","tag-politica","tag-regional"],"aioseo_notices":[],"_links":{"self":[{"href":"https:\/\/plumanegranoticias.com\/index.php?rest_route=\/wp\/v2\/posts\/13247","targetHints":{"allow":["GET"]}}],"collection":[{"href":"https:\/\/plumanegranoticias.com\/index.php?rest_route=\/wp\/v2\/posts"}],"about":[{"href":"https:\/\/plumanegranoticias.com\/index.php?rest_route=\/wp\/v2\/types\/post"}],"author":[{"embeddable":true,"href":"https:\/\/plumanegranoticias.com\/index.php?rest_route=\/wp\/v2\/users\/2"}],"replies":[{"embeddable":true,"href":"https:\/\/plumanegranoticias.com\/index.php?rest_route=%2Fwp%2Fv2%2Fcomments&post=13247"}],"version-history":[{"count":1,"href":"https:\/\/plumanegranoticias.com\/index.php?rest_route=\/wp\/v2\/posts\/13247\/revisions"}],"predecessor-version":[{"id":13248,"href":"https:\/\/plumanegranoticias.com\/index.php?rest_route=\/wp\/v2\/posts\/13247\/revisions\/13248"}],"wp:featuredmedia":[{"embeddable":true,"href":"https:\/\/plumanegranoticias.com\/index.php?rest_route=\/wp\/v2\/media\/13249"}],"wp:attachment":[{"href":"https:\/\/plumanegranoticias.com\/index.php?rest_route=%2Fwp%2Fv2%2Fmedia&parent=13247"}],"wp:term":[{"taxonomy":"category","embeddable":true,"href":"https:\/\/plumanegranoticias.com\/index.php?rest_route=%2Fwp%2Fv2%2Fcategories&post=13247"},{"taxonomy":"post_tag","embeddable":true,"href":"https:\/\/plumanegranoticias.com\/index.php?rest_route=%2Fwp%2Fv2%2Ftags&post=13247"}],"curies":[{"name":"wp","href":"https:\/\/api.w.org\/{rel}","templated":true}]}}