{"id":13337,"date":"2026-01-15T12:55:59","date_gmt":"2026-01-15T18:55:59","guid":{"rendered":"https:\/\/plumanegranoticias.com\/?p=13337"},"modified":"2026-01-15T12:56:17","modified_gmt":"2026-01-15T18:56:17","slug":"ratifican-prision-preventiva-contra-presuntos-responsables-de-desaparicion-en-tantoyuca","status":"publish","type":"post","link":"https:\/\/plumanegranoticias.com\/?p=13337","title":{"rendered":"Ratifican prisi\u00f3n preventiva contra presuntos responsables de desaparici\u00f3n en Tantoyuca"},"content":{"rendered":"\n<p>Tantoyuca, Ver., 15 de enero de 2026. \u2013 La Fiscal\u00eda General del Estado informa que, a trav\u00e9s de la Fiscal\u00eda Especializada para la Atenci\u00f3n de Denuncias por Personas Desaparecidas, obtuvo vinculaci\u00f3n a proceso en contra de Juana \u201cN\u201d y Te\u00f3dulo \u201cN\u201d, como presuntos responsables del delito de desaparici\u00f3n cometida por particulares, en agravio de una v\u00edctima cuya identidad se encuentra legalmente reservada.<\/p>\n\n\n\n<p>Durante la audiencia de continuaci\u00f3n, el \u00f3rgano jurisdiccional ratific\u00f3 la medida cautelar de prisi\u00f3n preventiva oficiosa, dentro del proceso penal 6\/2026.<\/p>\n\n\n\n<p>La Fiscal\u00eda General del Estado reitera su compromiso de conducir las investigaciones con estricto apego a la legalidad, garantizando en todo momento el respeto a los derechos humanos y al debido proceso.<\/p>\n\n\n\n<figure class=\"wp-block-image size-large\"><img loading=\"lazy\" decoding=\"async\" width=\"1024\" height=\"1024\" src=\"https:\/\/plumanegranoticias.com\/wp-content\/uploads\/2026\/01\/img-20260115-wa00564403790861030379233-1024x1024.jpg\" alt=\"\" class=\"wp-image-13336\" srcset=\"https:\/\/plumanegranoticias.com\/wp-content\/uploads\/2026\/01\/img-20260115-wa00564403790861030379233-1024x1024.jpg 1024w, https:\/\/plumanegranoticias.com\/wp-content\/uploads\/2026\/01\/img-20260115-wa00564403790861030379233-300x300.jpg 300w, https:\/\/plumanegranoticias.com\/wp-content\/uploads\/2026\/01\/img-20260115-wa00564403790861030379233-150x150.jpg 150w, https:\/\/plumanegranoticias.com\/wp-content\/uploads\/2026\/01\/img-20260115-wa00564403790861030379233-768x768.jpg 768w, https:\/\/plumanegranoticias.com\/wp-content\/uploads\/2026\/01\/img-20260115-wa00564403790861030379233-400x400.jpg 400w, https:\/\/plumanegranoticias.com\/wp-content\/uploads\/2026\/01\/img-20260115-wa00564403790861030379233.jpg 1200w\" sizes=\"auto, (max-width: 1024px) 100vw, 1024px\" \/><\/figure>\n","protected":false},"excerpt":{"rendered":"<p>Tantoyuca, Ver., 15 de enero de 2026. \u2013 La Fiscal\u00eda General del Estado informa que, a trav\u00e9s de la Fiscal\u00eda Especializada para la Atenci\u00f3n de Denuncias por Personas Desaparecidas, obtuvo vinculaci\u00f3n a proceso en contra de Juana \u201cN\u201d y Te\u00f3dulo \u201cN\u201d, como presuntos responsables del delito de desaparici\u00f3n cometida por particulares, en agravio de una&#8230; <\/p>\n<div class=\"clear\"><\/div>\n<p><a href=\"https:\/\/plumanegranoticias.com\/?p=13337\" class=\"excerpt-read-more\">Read More<i class=\"fa fa-caret-right icon-caret-right\"><\/i><\/a><\/p>\n","protected":false},"author":2,"featured_media":13339,"comment_status":"open","ping_status":"open","sticky":false,"template":"","format":"standard","meta":{"om_disable_all_campaigns":false,"_monsterinsights_skip_tracking":false,"_monsterinsights_sitenote_active":false,"_monsterinsights_sitenote_note":"","_monsterinsights_sitenote_category":0,"_uf_show_specific_survey":0,"_uf_disable_surveys":false,"footnotes":""},"categories":[67,8,12],"tags":[22,18],"class_list":["post-13337","post","type-post","status-publish","format-standard","has-post-thumbnail","hentry","category-policiaca","category-politica","category-regional","tag-nota-roja","tag-noticia"],"aioseo_notices":[],"_links":{"self":[{"href":"https:\/\/plumanegranoticias.com\/index.php?rest_route=\/wp\/v2\/posts\/13337","targetHints":{"allow":["GET"]}}],"collection":[{"href":"https:\/\/plumanegranoticias.com\/index.php?rest_route=\/wp\/v2\/posts"}],"about":[{"href":"https:\/\/plumanegranoticias.com\/index.php?rest_route=\/wp\/v2\/types\/post"}],"author":[{"embeddable":true,"href":"https:\/\/plumanegranoticias.com\/index.php?rest_route=\/wp\/v2\/users\/2"}],"replies":[{"embeddable":true,"href":"https:\/\/plumanegranoticias.com\/index.php?rest_route=%2Fwp%2Fv2%2Fcomments&post=13337"}],"version-history":[{"count":1,"href":"https:\/\/plumanegranoticias.com\/index.php?rest_route=\/wp\/v2\/posts\/13337\/revisions"}],"predecessor-version":[{"id":13338,"href":"https:\/\/plumanegranoticias.com\/index.php?rest_route=\/wp\/v2\/posts\/13337\/revisions\/13338"}],"wp:featuredmedia":[{"embeddable":true,"href":"https:\/\/plumanegranoticias.com\/index.php?rest_route=\/wp\/v2\/media\/13339"}],"wp:attachment":[{"href":"https:\/\/plumanegranoticias.com\/index.php?rest_route=%2Fwp%2Fv2%2Fmedia&parent=13337"}],"wp:term":[{"taxonomy":"category","embeddable":true,"href":"https:\/\/plumanegranoticias.com\/index.php?rest_route=%2Fwp%2Fv2%2Fcategories&post=13337"},{"taxonomy":"post_tag","embeddable":true,"href":"https:\/\/plumanegranoticias.com\/index.php?rest_route=%2Fwp%2Fv2%2Ftags&post=13337"}],"curies":[{"name":"wp","href":"https:\/\/api.w.org\/{rel}","templated":true}]}}