{"id":13362,"date":"2026-01-16T07:52:30","date_gmt":"2026-01-16T13:52:30","guid":{"rendered":"https:\/\/plumanegranoticias.com\/?p=13362"},"modified":"2026-01-16T07:53:16","modified_gmt":"2026-01-16T13:53:16","slug":"inicia-paro-en-jurisdiccion-de-veracruz","status":"publish","type":"post","link":"https:\/\/plumanegranoticias.com\/?p=13362","title":{"rendered":"INICIA PARO EN JURISDICCI\u00d3N DE VERACRUZ"},"content":{"rendered":"\n<p>Decenas de empelados de la Secretar\u00eda de Salud inician un paro de labores en distintas \u00e1reas de la Jurisdicci\u00f3n Sanitaria n\u00famero 8 de Veracruz para reclamar el pago de su primera quincena de enero.<\/p>\n\n\n\n<p>Los trabajadores en su mayor\u00eda sindicalizados se\u00f1alan que la Secretar\u00eda de Salud no deposit\u00f3 el pago ayer 15 de enero.<\/p>\n\n\n\n<figure class=\"wp-block-image size-large\"><img loading=\"lazy\" decoding=\"async\" width=\"1024\" height=\"768\" src=\"https:\/\/plumanegranoticias.com\/wp-content\/uploads\/2026\/01\/img-20260116-wa00877135023125891174113-1024x768.jpg\" alt=\"\" class=\"wp-image-13360\" srcset=\"https:\/\/plumanegranoticias.com\/wp-content\/uploads\/2026\/01\/img-20260116-wa00877135023125891174113-1024x768.jpg 1024w, https:\/\/plumanegranoticias.com\/wp-content\/uploads\/2026\/01\/img-20260116-wa00877135023125891174113-300x225.jpg 300w, https:\/\/plumanegranoticias.com\/wp-content\/uploads\/2026\/01\/img-20260116-wa00877135023125891174113-768x576.jpg 768w, https:\/\/plumanegranoticias.com\/wp-content\/uploads\/2026\/01\/img-20260116-wa00877135023125891174113-1536x1152.jpg 1536w, https:\/\/plumanegranoticias.com\/wp-content\/uploads\/2026\/01\/img-20260116-wa00877135023125891174113-400x300.jpg 400w, https:\/\/plumanegranoticias.com\/wp-content\/uploads\/2026\/01\/img-20260116-wa00877135023125891174113.jpg 1600w\" sizes=\"auto, (max-width: 1024px) 100vw, 1024px\" \/><\/figure>\n\n\n\n<figure class=\"wp-block-image\"><img loading=\"lazy\" decoding=\"async\" width=\"1024\" height=\"768\" src=\"https:\/\/plumanegranoticias.com\/wp-content\/uploads\/2026\/01\/img-20260116-wa00863465543509728349625-1024x768.jpg\" alt=\"\" class=\"wp-image-13361\" srcset=\"https:\/\/plumanegranoticias.com\/wp-content\/uploads\/2026\/01\/img-20260116-wa00863465543509728349625-1024x768.jpg 1024w, https:\/\/plumanegranoticias.com\/wp-content\/uploads\/2026\/01\/img-20260116-wa00863465543509728349625-300x225.jpg 300w, https:\/\/plumanegranoticias.com\/wp-content\/uploads\/2026\/01\/img-20260116-wa00863465543509728349625-768x576.jpg 768w, https:\/\/plumanegranoticias.com\/wp-content\/uploads\/2026\/01\/img-20260116-wa00863465543509728349625-1536x1152.jpg 1536w, https:\/\/plumanegranoticias.com\/wp-content\/uploads\/2026\/01\/img-20260116-wa00863465543509728349625-400x300.jpg 400w, https:\/\/plumanegranoticias.com\/wp-content\/uploads\/2026\/01\/img-20260116-wa00863465543509728349625.jpg 1600w\" sizes=\"auto, (max-width: 1024px) 100vw, 1024px\" \/><\/figure>\n","protected":false},"excerpt":{"rendered":"<p>Decenas de empelados de la Secretar\u00eda de Salud inician un paro de labores en distintas \u00e1reas de la Jurisdicci\u00f3n Sanitaria n\u00famero 8 de Veracruz para reclamar el pago de su primera quincena de enero. Los trabajadores en su mayor\u00eda sindicalizados se\u00f1alan que la Secretar\u00eda de Salud no deposit\u00f3 el pago ayer 15 de enero.<\/p>\n","protected":false},"author":2,"featured_media":13364,"comment_status":"open","ping_status":"open","sticky":false,"template":"","format":"standard","meta":{"om_disable_all_campaigns":false,"_monsterinsights_skip_tracking":false,"_monsterinsights_sitenote_active":false,"_monsterinsights_sitenote_note":"","_monsterinsights_sitenote_category":0,"_uf_show_specific_survey":0,"_uf_disable_surveys":false,"footnotes":""},"categories":[13,67,8,12],"tags":[28,20,18],"class_list":["post-13362","post","type-post","status-publish","format-standard","has-post-thumbnail","hentry","category-nota-roja","category-policiaca","category-politica","category-regional","tag-nacionales","tag-negocios","tag-noticia"],"aioseo_notices":[],"_links":{"self":[{"href":"https:\/\/plumanegranoticias.com\/index.php?rest_route=\/wp\/v2\/posts\/13362","targetHints":{"allow":["GET"]}}],"collection":[{"href":"https:\/\/plumanegranoticias.com\/index.php?rest_route=\/wp\/v2\/posts"}],"about":[{"href":"https:\/\/plumanegranoticias.com\/index.php?rest_route=\/wp\/v2\/types\/post"}],"author":[{"embeddable":true,"href":"https:\/\/plumanegranoticias.com\/index.php?rest_route=\/wp\/v2\/users\/2"}],"replies":[{"embeddable":true,"href":"https:\/\/plumanegranoticias.com\/index.php?rest_route=%2Fwp%2Fv2%2Fcomments&post=13362"}],"version-history":[{"count":1,"href":"https:\/\/plumanegranoticias.com\/index.php?rest_route=\/wp\/v2\/posts\/13362\/revisions"}],"predecessor-version":[{"id":13363,"href":"https:\/\/plumanegranoticias.com\/index.php?rest_route=\/wp\/v2\/posts\/13362\/revisions\/13363"}],"wp:featuredmedia":[{"embeddable":true,"href":"https:\/\/plumanegranoticias.com\/index.php?rest_route=\/wp\/v2\/media\/13364"}],"wp:attachment":[{"href":"https:\/\/plumanegranoticias.com\/index.php?rest_route=%2Fwp%2Fv2%2Fmedia&parent=13362"}],"wp:term":[{"taxonomy":"category","embeddable":true,"href":"https:\/\/plumanegranoticias.com\/index.php?rest_route=%2Fwp%2Fv2%2Fcategories&post=13362"},{"taxonomy":"post_tag","embeddable":true,"href":"https:\/\/plumanegranoticias.com\/index.php?rest_route=%2Fwp%2Fv2%2Ftags&post=13362"}],"curies":[{"name":"wp","href":"https:\/\/api.w.org\/{rel}","templated":true}]}}