{"id":13418,"date":"2026-01-17T20:32:02","date_gmt":"2026-01-18T02:32:02","guid":{"rendered":"https:\/\/plumanegranoticias.com\/?p=13418"},"modified":"2026-01-17T20:32:40","modified_gmt":"2026-01-18T02:32:40","slug":"atropellan-y-matan-a-pareja-en-paso-del-macho","status":"publish","type":"post","link":"https:\/\/plumanegranoticias.com\/?p=13418","title":{"rendered":"Atropellan y matan a pareja en Paso del Macho"},"content":{"rendered":"\n<p>Tragedia en Paso del Macho: pareja pierde la vida al regresar a su domicilio tras ser impactada por veh\u00edculo que se dio a la fuga.<\/p>\n\n\n\n<p>Por GerardoLuna.mx<br \/>Paso del Macho, Ver.- Una pareja perdi\u00f3 la vida la noche de este s\u00e1bado luego de ser impactada por un veh\u00edculo cuyo conductor se dio a la fuga, mientras retornaban a su domicilio, en un tr\u00e1gico accidente registrado en el municipio de Paso del Macho.<\/p>\n\n\n\n<p>Las v\u00edctimas fueron identificadas como Armando Pedraza Silva, de aproximadamente 37 a\u00f1os de edad, y su esposa Sonia J\u00e1come Pe\u00f1a, tambi\u00e9n de alrededor de 37 a\u00f1os, ambos originarios de la congregaci\u00f3n El Zapotal.<\/p>\n\n\n\n<p>De acuerdo con los primeros reportes, la pareja regresaba a su hogar cuando fueron embestidos por un veh\u00edculo que, tras el impacto, abandon\u00f3 el lugar sin prestar auxilio.<\/p>\n\n\n\n<p>Debido a la fuerza del choque, ambas personas salieron proyectadas contra el pavimento, sufriendo lesiones de extrema gravedad.<\/p>\n\n\n\n<p>Al sitio acudieron de inmediato cuerpos de emergencia y param\u00e9dicos; sin embargo, pese a los esfuerzos realizados, se confirm\u00f3 que ambas personas ya no contaban con signos vitales a causa de la severidad de las lesiones.<\/p>\n\n\n\n<p>Ante estos hechos, arribaron autoridades de la Fiscal\u00eda Regional, agentes de la Polic\u00eda Ministerial con base en Paso del Macho y peritos en criminal\u00edstica, quienes llevaron a cabo las diligencias correspondientes, el levantamiento de los cuerpos y su traslado al Servicio M\u00e9dico Forense (SEMEFO) de la ciudad de C\u00f3rdoba.<\/p>\n\n\n\n<p>La Fiscal\u00eda abri\u00f3 una carpeta de investigaci\u00f3n para esclarecer las circunstancias del accidente y dar con el paradero del responsable o responsables, ya que el conductor involucrado se dio a la fuga.<\/p>\n\n\n\n<p>Este hecho ha generado consternaci\u00f3n entre familiares, amigos y habitantes de la regi\u00f3n.<\/p>\n\n\n\n<figure class=\"wp-block-image size-large\"><img loading=\"lazy\" decoding=\"async\" width=\"1024\" height=\"478\" src=\"https:\/\/plumanegranoticias.com\/wp-content\/uploads\/2026\/01\/img-20260117-wa01971655339006974765883-1024x478.jpg\" alt=\"\" class=\"wp-image-13416\" srcset=\"https:\/\/plumanegranoticias.com\/wp-content\/uploads\/2026\/01\/img-20260117-wa01971655339006974765883-1024x478.jpg 1024w, https:\/\/plumanegranoticias.com\/wp-content\/uploads\/2026\/01\/img-20260117-wa01971655339006974765883-300x140.jpg 300w, https:\/\/plumanegranoticias.com\/wp-content\/uploads\/2026\/01\/img-20260117-wa01971655339006974765883-768x358.jpg 768w, https:\/\/plumanegranoticias.com\/wp-content\/uploads\/2026\/01\/img-20260117-wa01971655339006974765883.jpg 1280w\" sizes=\"auto, (max-width: 1024px) 100vw, 1024px\" \/><\/figure>\n\n\n\n<figure class=\"wp-block-image\"><img loading=\"lazy\" decoding=\"async\" width=\"1024\" height=\"478\" src=\"https:\/\/plumanegranoticias.com\/wp-content\/uploads\/2026\/01\/img-20260117-wa0198927964867616438630-1024x478.jpg\" alt=\"\" class=\"wp-image-13415\" srcset=\"https:\/\/plumanegranoticias.com\/wp-content\/uploads\/2026\/01\/img-20260117-wa0198927964867616438630-1024x478.jpg 1024w, https:\/\/plumanegranoticias.com\/wp-content\/uploads\/2026\/01\/img-20260117-wa0198927964867616438630-300x140.jpg 300w, https:\/\/plumanegranoticias.com\/wp-content\/uploads\/2026\/01\/img-20260117-wa0198927964867616438630-768x358.jpg 768w, https:\/\/plumanegranoticias.com\/wp-content\/uploads\/2026\/01\/img-20260117-wa0198927964867616438630.jpg 1280w\" sizes=\"auto, (max-width: 1024px) 100vw, 1024px\" \/><\/figure>\n\n\n\n<figure class=\"wp-block-image\"><img loading=\"lazy\" decoding=\"async\" width=\"1024\" height=\"543\" src=\"https:\/\/plumanegranoticias.com\/wp-content\/uploads\/2026\/01\/img-20260117-wa01991120199381575081056-1024x543.jpg\" alt=\"\" class=\"wp-image-13417\" srcset=\"https:\/\/plumanegranoticias.com\/wp-content\/uploads\/2026\/01\/img-20260117-wa01991120199381575081056-1024x543.jpg 1024w, https:\/\/plumanegranoticias.com\/wp-content\/uploads\/2026\/01\/img-20260117-wa01991120199381575081056-300x159.jpg 300w, https:\/\/plumanegranoticias.com\/wp-content\/uploads\/2026\/01\/img-20260117-wa01991120199381575081056-768x408.jpg 768w, https:\/\/plumanegranoticias.com\/wp-content\/uploads\/2026\/01\/img-20260117-wa01991120199381575081056-1536x815.jpg 1536w, https:\/\/plumanegranoticias.com\/wp-content\/uploads\/2026\/01\/img-20260117-wa01991120199381575081056.jpg 1600w\" sizes=\"auto, (max-width: 1024px) 100vw, 1024px\" \/><\/figure>\n","protected":false},"excerpt":{"rendered":"<p>Tragedia en Paso del Macho: pareja pierde la vida al regresar a su domicilio tras ser impactada por veh\u00edculo que se dio a la fuga. Por GerardoLuna.mxPaso del Macho, Ver.- Una pareja perdi\u00f3 la vida la noche de este s\u00e1bado luego de ser impactada por un veh\u00edculo cuyo conductor se dio a la fuga, mientras&#8230; <\/p>\n<div class=\"clear\"><\/div>\n<p><a href=\"https:\/\/plumanegranoticias.com\/?p=13418\" class=\"excerpt-read-more\">Read More<i class=\"fa fa-caret-right icon-caret-right\"><\/i><\/a><\/p>\n","protected":false},"author":2,"featured_media":13420,"comment_status":"open","ping_status":"open","sticky":false,"template":"","format":"standard","meta":{"om_disable_all_campaigns":false,"_monsterinsights_skip_tracking":false,"_monsterinsights_sitenote_active":false,"_monsterinsights_sitenote_note":"","_monsterinsights_sitenote_category":0,"_uf_show_specific_survey":0,"_uf_disable_surveys":false,"footnotes":""},"categories":[13,8,12],"tags":[18,61,19],"class_list":["post-13418","post","type-post","status-publish","format-standard","has-post-thumbnail","hentry","category-nota-roja","category-politica","category-regional","tag-noticia","tag-politica","tag-regional"],"aioseo_notices":[],"_links":{"self":[{"href":"https:\/\/plumanegranoticias.com\/index.php?rest_route=\/wp\/v2\/posts\/13418","targetHints":{"allow":["GET"]}}],"collection":[{"href":"https:\/\/plumanegranoticias.com\/index.php?rest_route=\/wp\/v2\/posts"}],"about":[{"href":"https:\/\/plumanegranoticias.com\/index.php?rest_route=\/wp\/v2\/types\/post"}],"author":[{"embeddable":true,"href":"https:\/\/plumanegranoticias.com\/index.php?rest_route=\/wp\/v2\/users\/2"}],"replies":[{"embeddable":true,"href":"https:\/\/plumanegranoticias.com\/index.php?rest_route=%2Fwp%2Fv2%2Fcomments&post=13418"}],"version-history":[{"count":1,"href":"https:\/\/plumanegranoticias.com\/index.php?rest_route=\/wp\/v2\/posts\/13418\/revisions"}],"predecessor-version":[{"id":13419,"href":"https:\/\/plumanegranoticias.com\/index.php?rest_route=\/wp\/v2\/posts\/13418\/revisions\/13419"}],"wp:featuredmedia":[{"embeddable":true,"href":"https:\/\/plumanegranoticias.com\/index.php?rest_route=\/wp\/v2\/media\/13420"}],"wp:attachment":[{"href":"https:\/\/plumanegranoticias.com\/index.php?rest_route=%2Fwp%2Fv2%2Fmedia&parent=13418"}],"wp:term":[{"taxonomy":"category","embeddable":true,"href":"https:\/\/plumanegranoticias.com\/index.php?rest_route=%2Fwp%2Fv2%2Fcategories&post=13418"},{"taxonomy":"post_tag","embeddable":true,"href":"https:\/\/plumanegranoticias.com\/index.php?rest_route=%2Fwp%2Fv2%2Ftags&post=13418"}],"curies":[{"name":"wp","href":"https:\/\/api.w.org\/{rel}","templated":true}]}}