{"id":13422,"date":"2026-01-18T07:30:10","date_gmt":"2026-01-18T13:30:10","guid":{"rendered":"https:\/\/plumanegranoticias.com\/?p=13422"},"modified":"2026-01-18T07:30:30","modified_gmt":"2026-01-18T13:30:30","slug":"asesinan-a-comandante-de-policia-en-juchique-de-ferrer","status":"publish","type":"post","link":"https:\/\/plumanegranoticias.com\/?p=13422","title":{"rendered":"Asesinan&nbsp; a Comandante de Polic\u00eda en Juchique de Ferrer"},"content":{"rendered":"\n<p>Tenia 15 dias en el cargo<\/p>\n\n\n\n<p>Juchique de Ferrer, Ver, 17 de enero 2026.- Un grupo de sujetos armados terminaron cona vida de Emigdio Gal\u00e1n, Comandante de la Polic\u00eda Municipal de este municipio de la sierra de Misantla en Veracruz <\/p>\n\n\n\n<p>Los hechos ocurrieron anoche cuando el jefe policiaco se encontraba en un rancho de su propiedad en la comunidad de Xihuatl\u00e1n,perteneciente al este municipio.<\/p>\n\n\n\n<p>Emigdio Gal\u00e1n, llevaba apenas quince d\u00edas en el cargo, ya que fue designado por la nueva administraci\u00f3n municipal que preside el alcalde panista Juan Martin Gonz\u00e1lez Gumercindo, que tom\u00f3 protesta el pasado 31 de diciembre.<\/p>\n\n\n\n<figure class=\"wp-block-image size-large\"><img loading=\"lazy\" decoding=\"async\" width=\"260\" height=\"300\" src=\"https:\/\/plumanegranoticias.com\/wp-content\/uploads\/2026\/01\/fb_img_17687426668925643088402665047818-260x300.jpg\" alt=\"\" class=\"wp-image-13421\" srcset=\"https:\/\/plumanegranoticias.com\/wp-content\/uploads\/2026\/01\/fb_img_17687426668925643088402665047818-260x300.jpg 260w, https:\/\/plumanegranoticias.com\/wp-content\/uploads\/2026\/01\/fb_img_17687426668925643088402665047818.jpg 608w\" sizes=\"auto, (max-width: 260px) 100vw, 260px\" \/><\/figure>\n","protected":false},"excerpt":{"rendered":"<p>Tenia 15 dias en el cargo Juchique de Ferrer, Ver, 17 de enero 2026.- Un grupo de sujetos armados terminaron cona vida de Emigdio Gal\u00e1n, Comandante de la Polic\u00eda Municipal de este municipio de la sierra de Misantla en Veracruz Los hechos ocurrieron anoche cuando el jefe policiaco se encontraba en un rancho de su&#8230; <\/p>\n<div class=\"clear\"><\/div>\n<p><a href=\"https:\/\/plumanegranoticias.com\/?p=13422\" class=\"excerpt-read-more\">Read More<i class=\"fa fa-caret-right icon-caret-right\"><\/i><\/a><\/p>\n","protected":false},"author":2,"featured_media":13424,"comment_status":"open","ping_status":"open","sticky":false,"template":"","format":"standard","meta":{"om_disable_all_campaigns":false,"_monsterinsights_skip_tracking":false,"_monsterinsights_sitenote_active":false,"_monsterinsights_sitenote_note":"","_monsterinsights_sitenote_category":0,"_uf_show_specific_survey":0,"_uf_disable_surveys":false,"footnotes":""},"categories":[13,8,12],"tags":[22,18,30],"class_list":["post-13422","post","type-post","status-publish","format-standard","has-post-thumbnail","hentry","category-nota-roja","category-politica","category-regional","tag-nota-roja","tag-noticia","tag-plumazos"],"aioseo_notices":[],"_links":{"self":[{"href":"https:\/\/plumanegranoticias.com\/index.php?rest_route=\/wp\/v2\/posts\/13422","targetHints":{"allow":["GET"]}}],"collection":[{"href":"https:\/\/plumanegranoticias.com\/index.php?rest_route=\/wp\/v2\/posts"}],"about":[{"href":"https:\/\/plumanegranoticias.com\/index.php?rest_route=\/wp\/v2\/types\/post"}],"author":[{"embeddable":true,"href":"https:\/\/plumanegranoticias.com\/index.php?rest_route=\/wp\/v2\/users\/2"}],"replies":[{"embeddable":true,"href":"https:\/\/plumanegranoticias.com\/index.php?rest_route=%2Fwp%2Fv2%2Fcomments&post=13422"}],"version-history":[{"count":1,"href":"https:\/\/plumanegranoticias.com\/index.php?rest_route=\/wp\/v2\/posts\/13422\/revisions"}],"predecessor-version":[{"id":13423,"href":"https:\/\/plumanegranoticias.com\/index.php?rest_route=\/wp\/v2\/posts\/13422\/revisions\/13423"}],"wp:featuredmedia":[{"embeddable":true,"href":"https:\/\/plumanegranoticias.com\/index.php?rest_route=\/wp\/v2\/media\/13424"}],"wp:attachment":[{"href":"https:\/\/plumanegranoticias.com\/index.php?rest_route=%2Fwp%2Fv2%2Fmedia&parent=13422"}],"wp:term":[{"taxonomy":"category","embeddable":true,"href":"https:\/\/plumanegranoticias.com\/index.php?rest_route=%2Fwp%2Fv2%2Fcategories&post=13422"},{"taxonomy":"post_tag","embeddable":true,"href":"https:\/\/plumanegranoticias.com\/index.php?rest_route=%2Fwp%2Fv2%2Ftags&post=13422"}],"curies":[{"name":"wp","href":"https:\/\/api.w.org\/{rel}","templated":true}]}}