{"id":13427,"date":"2026-01-19T08:42:38","date_gmt":"2026-01-19T14:42:38","guid":{"rendered":"https:\/\/plumanegranoticias.com\/?p=13427"},"modified":"2026-01-19T08:43:42","modified_gmt":"2026-01-19T14:43:42","slug":"cae-srio-de-salud-valentin-hra","status":"publish","type":"post","link":"https:\/\/plumanegranoticias.com\/?p=13427","title":{"rendered":"CAE SRIO DE SALUD VALENT\u00cdN&nbsp; HRA"},"content":{"rendered":"\n<p>Se va Valent\u00edn Herrera, entra Mariela Hern\u00e1ndez, exalcaldesa de Las Choapas<\/p>\n\n\n\n<p>-La Gobernadora agradeci\u00f3 al especialista haberla apoyado en el arranque de su administraci\u00f3n sobre todo porque se estaba dando el cambio hacia el Bienestar<\/p>\n\n\n\n<p>\u00c1ngeles Gonz\u00e1lez Ceballos<br>Xalapa, Ver. La gobernadora de Veracruz Roc\u00edo Nahle Garc\u00eda inform\u00f3 que este lunes se llevar\u00e1 a cabo el relevo del secretario de salud Valent\u00edn Herrera Alarc\u00f3n, por la doctora Mariela Hern\u00e1ndez Garc\u00eda.<\/p>\n\n\n\n<p>En entrevista en una radio local de esta capital, destac\u00f3 que el todav\u00eda secretario hasta la ma\u00f1ana de este lunes, tiene una base en el ISSSTE y en tres o cuatro a\u00f1os se jubilar\u00e1.<\/p>\n\n\n\n<p>&#8220;El doctor Valent\u00edn Herrera es m\u00e9dico de planta y de base del ISSSTE,tiene muchos a\u00f1os de trabajar en el ISSSTE. A \u00e9l le faltan tres, cuatro a\u00f1os para jubilarse del ISSSTE y en noviembre me present\u00f3 su renuncia porque tiene que regresarse.<\/p>\n\n\n\n<p>Y yo le agradec\u00ed much\u00edsimo el que \u00e9l haya aceptado estar en mi gobierno, me recibi\u00f3 la administraci\u00f3n, recibe la administraci\u00f3n&#8221;, asever\u00f3 y reconoci\u00f3 que fue muy dif\u00edcil la coordinaci\u00f3n porque reci\u00e9n se iniciaba la transici\u00f3n al IMSS Bienestar.<\/p>\n\n\n\n<p>Manifest\u00f3 que luego de que el Secretario le entreg\u00f3 su renuncia en noviembre, ella le pidi\u00f3 que aguantara hasta que terminaran el 2025.<\/p>\n\n\n\n<p>&#8220;S\u00ed, con toda la disposici\u00f3n y efectivamente, a partir del d\u00eda de hoy estaremos haciendo el relevo y cambios adentro para dar todav\u00eda una mejor respuesta, una mejor atenci\u00f3n.<\/p>\n\n\n\n<p>Va a ser la doctora Mariela Hern\u00e1ndez Garc\u00eda, quien sea la pr\u00f3xima secretaria de Salud, es de Las Choapas, ella acaba de terminar su administraci\u00f3n en la presidencia municipal, es una mujer muy seria, muy responsable, leal, eso es muy importante, con toda la actitud de servicio&#8221;, expres\u00f3.<\/p>\n\n\n\n<p>La Mandataria agreg\u00f3 que es una persona muy seria, ya platic\u00f3 con ella y asegur\u00f3 que hay muy buena relaci\u00f3n.<\/p>\n\n\n\n<figure class=\"wp-block-image size-large\"><img loading=\"lazy\" decoding=\"async\" width=\"773\" height=\"1024\" src=\"https:\/\/plumanegranoticias.com\/wp-content\/uploads\/2026\/01\/img-20260119-wa00298103435340981607555-773x1024.jpg\" alt=\"\" class=\"wp-image-13426\" srcset=\"https:\/\/plumanegranoticias.com\/wp-content\/uploads\/2026\/01\/img-20260119-wa00298103435340981607555-773x1024.jpg 773w, https:\/\/plumanegranoticias.com\/wp-content\/uploads\/2026\/01\/img-20260119-wa00298103435340981607555-227x300.jpg 227w, https:\/\/plumanegranoticias.com\/wp-content\/uploads\/2026\/01\/img-20260119-wa00298103435340981607555-768x1017.jpg 768w, https:\/\/plumanegranoticias.com\/wp-content\/uploads\/2026\/01\/img-20260119-wa00298103435340981607555.jpg 944w\" sizes=\"auto, (max-width: 773px) 100vw, 773px\" \/><\/figure>\n\n\n\n<figure class=\"wp-block-image\"><img loading=\"lazy\" decoding=\"async\" width=\"1024\" height=\"683\" src=\"https:\/\/plumanegranoticias.com\/wp-content\/uploads\/2026\/01\/img-20260112-wa02026132866268621822123-1024x683.jpg\" alt=\"\" class=\"wp-image-13425\" srcset=\"https:\/\/plumanegranoticias.com\/wp-content\/uploads\/2026\/01\/img-20260112-wa02026132866268621822123-1024x683.jpg 1024w, https:\/\/plumanegranoticias.com\/wp-content\/uploads\/2026\/01\/img-20260112-wa02026132866268621822123-300x200.jpg 300w, https:\/\/plumanegranoticias.com\/wp-content\/uploads\/2026\/01\/img-20260112-wa02026132866268621822123-768x512.jpg 768w, https:\/\/plumanegranoticias.com\/wp-content\/uploads\/2026\/01\/img-20260112-wa02026132866268621822123-1536x1025.jpg 1536w, https:\/\/plumanegranoticias.com\/wp-content\/uploads\/2026\/01\/img-20260112-wa02026132866268621822123.jpg 2000w\" sizes=\"auto, (max-width: 1024px) 100vw, 1024px\" \/><\/figure>\n","protected":false},"excerpt":{"rendered":"<p>Se va Valent\u00edn Herrera, entra Mariela Hern\u00e1ndez, exalcaldesa de Las Choapas -La Gobernadora agradeci\u00f3 al especialista haberla apoyado en el arranque de su administraci\u00f3n sobre todo porque se estaba dando el cambio hacia el Bienestar \u00c1ngeles Gonz\u00e1lez CeballosXalapa, Ver. La gobernadora de Veracruz Roc\u00edo Nahle Garc\u00eda inform\u00f3 que este lunes se llevar\u00e1 a cabo el&#8230; <\/p>\n<div class=\"clear\"><\/div>\n<p><a href=\"https:\/\/plumanegranoticias.com\/?p=13427\" class=\"excerpt-read-more\">Read More<i class=\"fa fa-caret-right icon-caret-right\"><\/i><\/a><\/p>\n","protected":false},"author":2,"featured_media":13429,"comment_status":"open","ping_status":"open","sticky":false,"template":"","format":"standard","meta":{"om_disable_all_campaigns":false,"_monsterinsights_skip_tracking":false,"_monsterinsights_sitenote_active":false,"_monsterinsights_sitenote_note":"","_monsterinsights_sitenote_category":0,"_uf_show_specific_survey":0,"_uf_disable_surveys":false,"footnotes":""},"categories":[13,67,8,12],"tags":[61,19,63,29],"class_list":["post-13427","post","type-post","status-publish","format-standard","has-post-thumbnail","hentry","category-nota-roja","category-policiaca","category-politica","category-regional","tag-politica","tag-regional","tag-roja","tag-salud"],"aioseo_notices":[],"_links":{"self":[{"href":"https:\/\/plumanegranoticias.com\/index.php?rest_route=\/wp\/v2\/posts\/13427","targetHints":{"allow":["GET"]}}],"collection":[{"href":"https:\/\/plumanegranoticias.com\/index.php?rest_route=\/wp\/v2\/posts"}],"about":[{"href":"https:\/\/plumanegranoticias.com\/index.php?rest_route=\/wp\/v2\/types\/post"}],"author":[{"embeddable":true,"href":"https:\/\/plumanegranoticias.com\/index.php?rest_route=\/wp\/v2\/users\/2"}],"replies":[{"embeddable":true,"href":"https:\/\/plumanegranoticias.com\/index.php?rest_route=%2Fwp%2Fv2%2Fcomments&post=13427"}],"version-history":[{"count":1,"href":"https:\/\/plumanegranoticias.com\/index.php?rest_route=\/wp\/v2\/posts\/13427\/revisions"}],"predecessor-version":[{"id":13428,"href":"https:\/\/plumanegranoticias.com\/index.php?rest_route=\/wp\/v2\/posts\/13427\/revisions\/13428"}],"wp:featuredmedia":[{"embeddable":true,"href":"https:\/\/plumanegranoticias.com\/index.php?rest_route=\/wp\/v2\/media\/13429"}],"wp:attachment":[{"href":"https:\/\/plumanegranoticias.com\/index.php?rest_route=%2Fwp%2Fv2%2Fmedia&parent=13427"}],"wp:term":[{"taxonomy":"category","embeddable":true,"href":"https:\/\/plumanegranoticias.com\/index.php?rest_route=%2Fwp%2Fv2%2Fcategories&post=13427"},{"taxonomy":"post_tag","embeddable":true,"href":"https:\/\/plumanegranoticias.com\/index.php?rest_route=%2Fwp%2Fv2%2Ftags&post=13427"}],"curies":[{"name":"wp","href":"https:\/\/api.w.org\/{rel}","templated":true}]}}