{"id":13442,"date":"2026-01-19T09:26:41","date_gmt":"2026-01-19T15:26:41","guid":{"rendered":"https:\/\/plumanegranoticias.com\/?p=13442"},"modified":"2026-01-19T09:27:08","modified_gmt":"2026-01-19T15:27:08","slug":"viene-la-presidenta-claudia-sheinbaum-este-viernes-a-veracruz","status":"publish","type":"post","link":"https:\/\/plumanegranoticias.com\/?p=13442","title":{"rendered":"Viene la presidenta Claudia Sheinbaum este viernes a Veracruz"},"content":{"rendered":"\n<p>Todav\u00eda no define si estar\u00e1 en el puerto de Veracruz o en alg\u00fan otro punto del terrto<\/p>\n\n\n\n<p>\u00c1ngeles Gonz\u00e1lez Ceballos<br>Xalapa, Ver. La presidenta Claudia Sheinbaum anunci\u00f3 que estar\u00e1 nuevamente en Veracruz, este viernes 23 de enero.<\/p>\n\n\n\n<p>Durante su conferencia ma\u00f1anera, adelant\u00f3 que todav\u00eda est\u00e1n analizando en d\u00f3nde ser\u00e1, si en el puerto de Veracruz o alg\u00fan otro punto de la geograf\u00eda veracruzana.<\/p>\n\n\n\n<p>Defini\u00f3 que el jueves la conferencia se llevar\u00e1 a cabo en el estado de Puebla y el viernes en la entidad veracruzana.<\/p>\n\n\n\n<p>&#8220;Jueves y viernes, puebla primero, Veracruz despu\u00e9s y vamos a estar el fin de semana en Tamaulipas&#8221;, precis\u00f3.<\/p>\n\n\n\n<p>Agreg\u00f3 que en el caso de Tamaulipas, su conferencia ser\u00e1 en Ciudad Victoria, ah\u00ed anunciar\u00e1 varios temas.<\/p>\n\n\n\n<figure class=\"wp-block-image size-large\"><img loading=\"lazy\" decoding=\"async\" width=\"300\" height=\"204\" src=\"https:\/\/plumanegranoticias.com\/wp-content\/uploads\/2026\/01\/img-20260119-wa0042702388353307652185-300x204.jpg\" alt=\"\" class=\"wp-image-13441\" srcset=\"https:\/\/plumanegranoticias.com\/wp-content\/uploads\/2026\/01\/img-20260119-wa0042702388353307652185-300x204.jpg 300w, https:\/\/plumanegranoticias.com\/wp-content\/uploads\/2026\/01\/img-20260119-wa0042702388353307652185-768x521.jpg 768w, https:\/\/plumanegranoticias.com\/wp-content\/uploads\/2026\/01\/img-20260119-wa0042702388353307652185-530x358.jpg 530w, https:\/\/plumanegranoticias.com\/wp-content\/uploads\/2026\/01\/img-20260119-wa0042702388353307652185.jpg 800w\" sizes=\"auto, (max-width: 300px) 100vw, 300px\" \/><\/figure>\n","protected":false},"excerpt":{"rendered":"<p>Todav\u00eda no define si estar\u00e1 en el puerto de Veracruz o en alg\u00fan otro punto del terrto \u00c1ngeles Gonz\u00e1lez CeballosXalapa, Ver. La presidenta Claudia Sheinbaum anunci\u00f3 que estar\u00e1 nuevamente en Veracruz, este viernes 23 de enero. Durante su conferencia ma\u00f1anera, adelant\u00f3 que todav\u00eda est\u00e1n analizando en d\u00f3nde ser\u00e1, si en el puerto de Veracruz o&#8230; <\/p>\n<div class=\"clear\"><\/div>\n<p><a href=\"https:\/\/plumanegranoticias.com\/?p=13442\" class=\"excerpt-read-more\">Read More<i class=\"fa fa-caret-right icon-caret-right\"><\/i><\/a><\/p>\n","protected":false},"author":2,"featured_media":13444,"comment_status":"open","ping_status":"open","sticky":false,"template":"","format":"standard","meta":{"om_disable_all_campaigns":false,"_monsterinsights_skip_tracking":false,"_monsterinsights_sitenote_active":false,"_monsterinsights_sitenote_note":"","_monsterinsights_sitenote_category":0,"_uf_show_specific_survey":0,"_uf_disable_surveys":false,"footnotes":""},"categories":[8,12],"tags":[22,18,30],"class_list":["post-13442","post","type-post","status-publish","format-standard","has-post-thumbnail","hentry","category-politica","category-regional","tag-nota-roja","tag-noticia","tag-plumazos"],"aioseo_notices":[],"_links":{"self":[{"href":"https:\/\/plumanegranoticias.com\/index.php?rest_route=\/wp\/v2\/posts\/13442","targetHints":{"allow":["GET"]}}],"collection":[{"href":"https:\/\/plumanegranoticias.com\/index.php?rest_route=\/wp\/v2\/posts"}],"about":[{"href":"https:\/\/plumanegranoticias.com\/index.php?rest_route=\/wp\/v2\/types\/post"}],"author":[{"embeddable":true,"href":"https:\/\/plumanegranoticias.com\/index.php?rest_route=\/wp\/v2\/users\/2"}],"replies":[{"embeddable":true,"href":"https:\/\/plumanegranoticias.com\/index.php?rest_route=%2Fwp%2Fv2%2Fcomments&post=13442"}],"version-history":[{"count":1,"href":"https:\/\/plumanegranoticias.com\/index.php?rest_route=\/wp\/v2\/posts\/13442\/revisions"}],"predecessor-version":[{"id":13443,"href":"https:\/\/plumanegranoticias.com\/index.php?rest_route=\/wp\/v2\/posts\/13442\/revisions\/13443"}],"wp:featuredmedia":[{"embeddable":true,"href":"https:\/\/plumanegranoticias.com\/index.php?rest_route=\/wp\/v2\/media\/13444"}],"wp:attachment":[{"href":"https:\/\/plumanegranoticias.com\/index.php?rest_route=%2Fwp%2Fv2%2Fmedia&parent=13442"}],"wp:term":[{"taxonomy":"category","embeddable":true,"href":"https:\/\/plumanegranoticias.com\/index.php?rest_route=%2Fwp%2Fv2%2Fcategories&post=13442"},{"taxonomy":"post_tag","embeddable":true,"href":"https:\/\/plumanegranoticias.com\/index.php?rest_route=%2Fwp%2Fv2%2Ftags&post=13442"}],"curies":[{"name":"wp","href":"https:\/\/api.w.org\/{rel}","templated":true}]}}