{"id":13458,"date":"2026-01-19T12:46:45","date_gmt":"2026-01-19T18:46:45","guid":{"rendered":"https:\/\/plumanegranoticias.com\/?p=13458"},"modified":"2026-01-19T12:47:05","modified_gmt":"2026-01-19T18:47:05","slug":"producimos-cafe-de-excelencia-pero-lo-exportamos-y-consumimos-cafe-de-vietnam-o-indonesia-cafetaleros","status":"publish","type":"post","link":"https:\/\/plumanegranoticias.com\/?p=13458","title":{"rendered":"Producimos caf\u00e9 de excelencia, pero lo exportamos y consumimos caf\u00e9 de Vietnam o Indonesia: Cafetaleros"},"content":{"rendered":"\n<p>\u00c1ngeles Gonz\u00e1lez Ceballos<br>Xalapa, Ver.,El integrante del Consejo Regional del Caf\u00e9, Cirilo Elotl\u00e1n D\u00edaz, se\u00f1al\u00f3 que la gran mayor\u00eda del caf\u00e9 veracruzano o mexicano se exporta a otros pa\u00edses, mientras que nosotros consumimos caf\u00e9 de otros pa\u00edses como Brasil, Colombia, Indonesia, Vietnam, entre otros.<\/p>\n\n\n\n<p>En entrevista, en el marco de una protesta llevada a cabo este lunes en plaza Lerdo, denunci\u00f3 que se est\u00e1 desplazando el consumo de nuestro caf\u00e9 de excelencia por caf\u00e9s de mala calidad.<\/p>\n\n\n\n<p>&#8220;Algo que est\u00e1 propiciando la baja del precio del caf\u00e9 son las importaciones. Esto es grav\u00edsimo, porque a\u00f1o con a\u00f1o est\u00e1 siendo desplazado el caf\u00e9 mexicano por las importaciones de Brasil, de Colombia, de Indonesia, de Vietnam.<\/p>\n\n\n\n<p>Se reporta que en M\u00e9xico se producen algo as\u00ed como 3 millones 900 mil sacos. El consumo nacional en M\u00e9xico es de 3 millones 350 mil casos, entonces nos quedar\u00eda un excedente de algo as\u00ed como 750 mil sacos&#8221;, indic\u00f3.<\/p>\n\n\n\n<p>Sin embargo, las importaciones son de 3 millones 250 mil sacos, por lo que pregunt\u00f3 de d\u00f3nde sale el dem\u00e1s caf\u00e9 que consumimos los mexicanos y la respuesta fue que de las importaciones de dichos pa\u00edses.<\/p>\n\n\n\n<p>Aunque aclar\u00f3 que esas importaciones se marcan como caf\u00e9 mexicano, por lo que nuestro caf\u00e9 de excelente calidad est\u00e1 siendo desplazado.<\/p>\n\n\n\n<p>En ese sentido, el cafetalero indic\u00f3 que en los hogares, a la hora de comprar caf\u00e9 en un supermercado estamos consumiendo caf\u00e9 de otro pa\u00eds, de mala calidad.<\/p>\n\n\n\n<p>Lo que s\u00ed es que en las cafeter\u00edas el caf\u00e9 que se ofrece s\u00ed es de Veracruz, ah\u00ed se garantiza el consumo de caf\u00e9 de calidad.<\/p>\n\n\n\n<p>Por ello, la petici\u00f3n este d\u00eda a las autoridades es que los ayuden a promocionar el caf\u00e9 de Veracruz para que el consumo incremente y deje de ser de caf\u00e9s de dudosa calidad.<\/p>\n\n\n\n<p>Por otra parte denunci\u00f3 la gran &#8220;rapi\u00f1a&#8221; cometida por las grandes comercializadoras como Agroindustrias Unidas de M\u00e9xico (AMSA), Caf\u00e9s California, Nestl\u00e9, entre otras.<\/p>\n\n\n\n<p>Coment\u00f3 que en Veracruz una de las principales comercializadoras es AMSA, Caf\u00e9 Merino, La Laja o Caf\u00e9 Tomari.<\/p>\n\n\n\n<p>Puntualiz\u00f3 que el viernes pasado la Bolsa Mexicana de Valores cerr\u00f3 con 355 d\u00f3lares las cien libras, pero a esto se le tiene que descontar los gastos del comercializador, por lo que al final, entre ese y otras cosas, a ellos, en lugar de pagarles a los cafetaleros a 20.50 el kilo de caf\u00e9 cereza, se los est\u00e1n pagando a 17 pesos.<\/p>\n\n\n\n<p>&#8220;Entonces hay una rapi\u00f1a de alrededor de 3 pesos, 3.5 el kilo de cereza. El a\u00f1o pasado a estas fechas, el robo era de 5 a 8 pesos el kilo del cereza, hoy como que se est\u00e1n moderando los comercializadores&#8221;, se\u00f1al\u00f3<\/p>\n\n\n\n<p>Destac\u00f3 que son alrededor de 50 mil productores de caf\u00e9, debido a que cada vez m\u00e1s se est\u00e1 compactando la superficie en el cultivo del arom\u00e1tico, por lo que de no atenderse por parte de los gobiernos tanto federal como estatal, la cafeticultura est\u00e1 en peligro de extinsi\u00f3n.<\/p>\n\n\n\n<figure class=\"wp-block-image size-large\"><img loading=\"lazy\" decoding=\"async\" width=\"1024\" height=\"683\" src=\"https:\/\/plumanegranoticias.com\/wp-content\/uploads\/2026\/01\/img-20260119-wa01233781917485809501643-1024x683.jpg\" alt=\"\" class=\"wp-image-13454\" srcset=\"https:\/\/plumanegranoticias.com\/wp-content\/uploads\/2026\/01\/img-20260119-wa01233781917485809501643-1024x683.jpg 1024w, https:\/\/plumanegranoticias.com\/wp-content\/uploads\/2026\/01\/img-20260119-wa01233781917485809501643-300x200.jpg 300w, https:\/\/plumanegranoticias.com\/wp-content\/uploads\/2026\/01\/img-20260119-wa01233781917485809501643-768x512.jpg 768w, https:\/\/plumanegranoticias.com\/wp-content\/uploads\/2026\/01\/img-20260119-wa01233781917485809501643.jpg 1500w\" sizes=\"auto, (max-width: 1024px) 100vw, 1024px\" \/><\/figure>\n\n\n\n<figure class=\"wp-block-image\"><img loading=\"lazy\" decoding=\"async\" width=\"1024\" height=\"512\" src=\"https:\/\/plumanegranoticias.com\/wp-content\/uploads\/2026\/01\/img-20260119-wa01254254851583068868845-1024x512.jpg\" alt=\"\" class=\"wp-image-13456\" srcset=\"https:\/\/plumanegranoticias.com\/wp-content\/uploads\/2026\/01\/img-20260119-wa01254254851583068868845-1024x512.jpg 1024w, https:\/\/plumanegranoticias.com\/wp-content\/uploads\/2026\/01\/img-20260119-wa01254254851583068868845-300x150.jpg 300w, https:\/\/plumanegranoticias.com\/wp-content\/uploads\/2026\/01\/img-20260119-wa01254254851583068868845-768x384.jpg 768w, https:\/\/plumanegranoticias.com\/wp-content\/uploads\/2026\/01\/img-20260119-wa01254254851583068868845.jpg 1144w\" sizes=\"auto, (max-width: 1024px) 100vw, 1024px\" \/><\/figure>\n\n\n\n<figure class=\"wp-block-image\"><img loading=\"lazy\" decoding=\"async\" width=\"1024\" height=\"576\" src=\"https:\/\/plumanegranoticias.com\/wp-content\/uploads\/2026\/01\/img-20260119-wa01227031747218307309048-1024x576.jpg\" alt=\"\" class=\"wp-image-13455\" srcset=\"https:\/\/plumanegranoticias.com\/wp-content\/uploads\/2026\/01\/img-20260119-wa01227031747218307309048-1024x576.jpg 1024w, https:\/\/plumanegranoticias.com\/wp-content\/uploads\/2026\/01\/img-20260119-wa01227031747218307309048-300x169.jpg 300w, https:\/\/plumanegranoticias.com\/wp-content\/uploads\/2026\/01\/img-20260119-wa01227031747218307309048-768x432.jpg 768w, https:\/\/plumanegranoticias.com\/wp-content\/uploads\/2026\/01\/img-20260119-wa01227031747218307309048.jpg 1280w\" sizes=\"auto, (max-width: 1024px) 100vw, 1024px\" \/><\/figure>\n\n\n\n<figure class=\"wp-block-image\"><img loading=\"lazy\" decoding=\"async\" width=\"1024\" height=\"683\" src=\"https:\/\/plumanegranoticias.com\/wp-content\/uploads\/2026\/01\/img-20260119-wa01242424554365860248561-1024x683.jpg\" alt=\"\" class=\"wp-image-13457\" srcset=\"https:\/\/plumanegranoticias.com\/wp-content\/uploads\/2026\/01\/img-20260119-wa01242424554365860248561-1024x683.jpg 1024w, https:\/\/plumanegranoticias.com\/wp-content\/uploads\/2026\/01\/img-20260119-wa01242424554365860248561-300x200.jpg 300w, https:\/\/plumanegranoticias.com\/wp-content\/uploads\/2026\/01\/img-20260119-wa01242424554365860248561-768x512.jpg 768w, https:\/\/plumanegranoticias.com\/wp-content\/uploads\/2026\/01\/img-20260119-wa01242424554365860248561.jpg 1500w\" sizes=\"auto, (max-width: 1024px) 100vw, 1024px\" \/><\/figure>\n","protected":false},"excerpt":{"rendered":"<p>\u00c1ngeles Gonz\u00e1lez CeballosXalapa, Ver.,El integrante del Consejo Regional del Caf\u00e9, Cirilo Elotl\u00e1n D\u00edaz, se\u00f1al\u00f3 que la gran mayor\u00eda del caf\u00e9 veracruzano o mexicano se exporta a otros pa\u00edses, mientras que nosotros consumimos caf\u00e9 de otros pa\u00edses como Brasil, Colombia, Indonesia, Vietnam, entre otros. En entrevista, en el marco de una protesta llevada a cabo este&#8230; <\/p>\n<div class=\"clear\"><\/div>\n<p><a href=\"https:\/\/plumanegranoticias.com\/?p=13458\" class=\"excerpt-read-more\">Read More<i class=\"fa fa-caret-right icon-caret-right\"><\/i><\/a><\/p>\n","protected":false},"author":2,"featured_media":13460,"comment_status":"open","ping_status":"open","sticky":false,"template":"","format":"standard","meta":{"om_disable_all_campaigns":false,"_monsterinsights_skip_tracking":false,"_monsterinsights_sitenote_active":false,"_monsterinsights_sitenote_note":"","_monsterinsights_sitenote_category":0,"_uf_show_specific_survey":0,"_uf_disable_surveys":false,"footnotes":""},"categories":[13,8,12],"tags":[34,61,19],"class_list":["post-13458","post","type-post","status-publish","format-standard","has-post-thumbnail","hentry","category-nota-roja","category-politica","category-regional","tag-policiaca","tag-politica","tag-regional"],"aioseo_notices":[],"_links":{"self":[{"href":"https:\/\/plumanegranoticias.com\/index.php?rest_route=\/wp\/v2\/posts\/13458","targetHints":{"allow":["GET"]}}],"collection":[{"href":"https:\/\/plumanegranoticias.com\/index.php?rest_route=\/wp\/v2\/posts"}],"about":[{"href":"https:\/\/plumanegranoticias.com\/index.php?rest_route=\/wp\/v2\/types\/post"}],"author":[{"embeddable":true,"href":"https:\/\/plumanegranoticias.com\/index.php?rest_route=\/wp\/v2\/users\/2"}],"replies":[{"embeddable":true,"href":"https:\/\/plumanegranoticias.com\/index.php?rest_route=%2Fwp%2Fv2%2Fcomments&post=13458"}],"version-history":[{"count":1,"href":"https:\/\/plumanegranoticias.com\/index.php?rest_route=\/wp\/v2\/posts\/13458\/revisions"}],"predecessor-version":[{"id":13459,"href":"https:\/\/plumanegranoticias.com\/index.php?rest_route=\/wp\/v2\/posts\/13458\/revisions\/13459"}],"wp:featuredmedia":[{"embeddable":true,"href":"https:\/\/plumanegranoticias.com\/index.php?rest_route=\/wp\/v2\/media\/13460"}],"wp:attachment":[{"href":"https:\/\/plumanegranoticias.com\/index.php?rest_route=%2Fwp%2Fv2%2Fmedia&parent=13458"}],"wp:term":[{"taxonomy":"category","embeddable":true,"href":"https:\/\/plumanegranoticias.com\/index.php?rest_route=%2Fwp%2Fv2%2Fcategories&post=13458"},{"taxonomy":"post_tag","embeddable":true,"href":"https:\/\/plumanegranoticias.com\/index.php?rest_route=%2Fwp%2Fv2%2Ftags&post=13458"}],"curies":[{"name":"wp","href":"https:\/\/api.w.org\/{rel}","templated":true}]}}