{"id":13462,"date":"2026-01-19T12:47:43","date_gmt":"2026-01-19T18:47:43","guid":{"rendered":"https:\/\/plumanegranoticias.com\/?p=13462"},"modified":"2026-01-19T12:48:08","modified_gmt":"2026-01-19T18:48:08","slug":"ya-les-van-a-pagar-a-trabajadores-del-rastro-municipal","status":"publish","type":"post","link":"https:\/\/plumanegranoticias.com\/?p=13462","title":{"rendered":"Ya les van a pagar a trabajadores del Rastro Municipal"},"content":{"rendered":"\n<p>\u00c1ngeles Gonz\u00e1lez Ceballos<br>Xalapa, Ver., Tras la protesta por la falta de pago, la directora de Recursos Humanos del ayuntamiento de Xalapa, Dea Hern\u00e1ndez Castillo, inform\u00f3 que en un plazo de dos horas har\u00e1n la dispersi\u00f3n del pago correspondiente a las horas extras de trabajadores municipales.<\/p>\n\n\n\n<p>Expuso que durante el di\u00e1logo con las y los trabajadores, le expusieron diversas problem\u00e1ticas heredadas de administraciones anteriores, es decir, de Alberto Islas y Ricardo Ahued o quiz\u00e1 de Hip\u00f3lito Rodr\u00edguez.<\/p>\n\n\n\n<p>Los trabajadores se quejaron por la falta de uniformes y equipo adecuado para el desempe\u00f1o de sus labores.<\/p>\n\n\n\n<p>Les dijo a los trabajadores que el Rastro Municipal es una de las \u00e1reas prioritarias de atenci\u00f3n, debido a la importancia de sus funciones y a las condiciones laborales del personal.<\/p>\n\n\n\n<p>Explic\u00f3 que el Ayuntamiento lleva a cabo una reingenier\u00eda administrativa, con el objetivo de generar ahorros que permitan mejorar las condiciones laborales, no s\u00f3lo del personal del rastro, sino tambi\u00e9n de otras \u00e1reas consideradas sensibles dentro de la administraci\u00f3n municipal.<\/p>\n\n\n\n<figure class=\"wp-block-image size-large\"><img loading=\"lazy\" decoding=\"async\" width=\"1024\" height=\"768\" src=\"https:\/\/plumanegranoticias.com\/wp-content\/uploads\/2026\/01\/img-20260119-wa00728737818615044030779-1024x768.jpg\" alt=\"\" class=\"wp-image-13461\" srcset=\"https:\/\/plumanegranoticias.com\/wp-content\/uploads\/2026\/01\/img-20260119-wa00728737818615044030779-1024x768.jpg 1024w, https:\/\/plumanegranoticias.com\/wp-content\/uploads\/2026\/01\/img-20260119-wa00728737818615044030779-300x225.jpg 300w, https:\/\/plumanegranoticias.com\/wp-content\/uploads\/2026\/01\/img-20260119-wa00728737818615044030779-768x576.jpg 768w, https:\/\/plumanegranoticias.com\/wp-content\/uploads\/2026\/01\/img-20260119-wa00728737818615044030779-400x300.jpg 400w, https:\/\/plumanegranoticias.com\/wp-content\/uploads\/2026\/01\/img-20260119-wa00728737818615044030779.jpg 1152w\" sizes=\"auto, (max-width: 1024px) 100vw, 1024px\" \/><\/figure>\n","protected":false},"excerpt":{"rendered":"<p>\u00c1ngeles Gonz\u00e1lez CeballosXalapa, Ver., Tras la protesta por la falta de pago, la directora de Recursos Humanos del ayuntamiento de Xalapa, Dea Hern\u00e1ndez Castillo, inform\u00f3 que en un plazo de dos horas har\u00e1n la dispersi\u00f3n del pago correspondiente a las horas extras de trabajadores municipales. Expuso que durante el di\u00e1logo con las y los trabajadores,&#8230; <\/p>\n<div class=\"clear\"><\/div>\n<p><a href=\"https:\/\/plumanegranoticias.com\/?p=13462\" class=\"excerpt-read-more\">Read More<i class=\"fa fa-caret-right icon-caret-right\"><\/i><\/a><\/p>\n","protected":false},"author":2,"featured_media":13464,"comment_status":"open","ping_status":"open","sticky":false,"template":"","format":"standard","meta":{"om_disable_all_campaigns":false,"_monsterinsights_skip_tracking":false,"_monsterinsights_sitenote_active":false,"_monsterinsights_sitenote_note":"","_monsterinsights_sitenote_category":0,"_uf_show_specific_survey":0,"_uf_disable_surveys":false,"footnotes":""},"categories":[67,12],"tags":[20,22],"class_list":["post-13462","post","type-post","status-publish","format-standard","has-post-thumbnail","hentry","category-policiaca","category-regional","tag-negocios","tag-nota-roja"],"aioseo_notices":[],"_links":{"self":[{"href":"https:\/\/plumanegranoticias.com\/index.php?rest_route=\/wp\/v2\/posts\/13462","targetHints":{"allow":["GET"]}}],"collection":[{"href":"https:\/\/plumanegranoticias.com\/index.php?rest_route=\/wp\/v2\/posts"}],"about":[{"href":"https:\/\/plumanegranoticias.com\/index.php?rest_route=\/wp\/v2\/types\/post"}],"author":[{"embeddable":true,"href":"https:\/\/plumanegranoticias.com\/index.php?rest_route=\/wp\/v2\/users\/2"}],"replies":[{"embeddable":true,"href":"https:\/\/plumanegranoticias.com\/index.php?rest_route=%2Fwp%2Fv2%2Fcomments&post=13462"}],"version-history":[{"count":1,"href":"https:\/\/plumanegranoticias.com\/index.php?rest_route=\/wp\/v2\/posts\/13462\/revisions"}],"predecessor-version":[{"id":13463,"href":"https:\/\/plumanegranoticias.com\/index.php?rest_route=\/wp\/v2\/posts\/13462\/revisions\/13463"}],"wp:featuredmedia":[{"embeddable":true,"href":"https:\/\/plumanegranoticias.com\/index.php?rest_route=\/wp\/v2\/media\/13464"}],"wp:attachment":[{"href":"https:\/\/plumanegranoticias.com\/index.php?rest_route=%2Fwp%2Fv2%2Fmedia&parent=13462"}],"wp:term":[{"taxonomy":"category","embeddable":true,"href":"https:\/\/plumanegranoticias.com\/index.php?rest_route=%2Fwp%2Fv2%2Fcategories&post=13462"},{"taxonomy":"post_tag","embeddable":true,"href":"https:\/\/plumanegranoticias.com\/index.php?rest_route=%2Fwp%2Fv2%2Ftags&post=13462"}],"curies":[{"name":"wp","href":"https:\/\/api.w.org\/{rel}","templated":true}]}}